{"id":241089,"date":"2020-11-23T15:37:30","date_gmt":"2020-11-23T12:37:30","guid":{"rendered":"http:\/\/arantv.az\/?p=241089"},"modified":"2020-11-23T15:37:30","modified_gmt":"2020-11-23T12:37:30","slug":"erm%c9%99nil%c9%99rin-dili-il%c9%99-biz%c9%99-inanmayin-damarimizdan-erm%c9%99ni-qani-axir-video","status":"publish","type":"post","link":"https:\/\/arantv.az\/?p=241089","title":{"rendered":"Erm\u0259nil\u0259rin dili il\u0259: \u201cBiz\u0259 inanmay\u0131n, damar\u0131m\u0131zdan erm\u0259ni qan\u0131 ax\u0131r\u201d \u2013 V\u0130DEO"},"content":{"rendered":"<article class=\"news\">\n<div class=\"news-inner\">\n<p>\u00d6t\u0259n g\u00fcn Rusiyan\u0131n \u201cRossiya 1\u201d kanal\u0131nda \u201cVesti Nedeli\u201d x\u0259b\u0259r proqram\u0131nda 1989-cu ild\u0259 Xocav\u0259nd rayonunun Tu\u011f k\u0259ndind\u0259 c\u0259r\u0259yan ed\u0259n hadis\u0259l\u0259rl\u0259 ba\u011fl\u0131 videomaterial efir\u0259 gedib.<\/p>\n<p>Baku TV x\u0259b\u0259r verir ki, apar\u0131c\u0131n\u0131n \u201cHe\u00e7 vaxt Da\u011fl\u0131q Qaraba\u011fdan \u00e7\u0131xar\u0131lan az\u0259rbaycanl\u0131lar\u0131n \u00e7ar\u0259zsizliyini unutmayaca\u011fam\u201d fikirl\u0259ri il\u0259 videomateriala giri\u015f etm\u0259si diqq\u0259t \u00e7\u0259kib.<\/p>\n<p>\u018fslind\u0259 videomaterialda c\u0259r\u0259yan ed\u0259n hadis\u0259l\u0259r\u0259 n\u0259z\u0259r yetir\u0259rk\u0259n a\u00e7\u0131q-ayd\u0131n erm\u0259nil\u0259rin 1988-89-cu ill\u0259rd\u0259n Da\u011fl\u0131q Qaraba\u011fda ya\u015fayan \u0259halinin s\u0131x\u0131\u015fd\u0131r\u0131lmas\u0131n\u0131n, t\u0259qibl\u0259r\u0259 m\u0259ruz qalmas\u0131n\u0131n \u015fahidi oluruq. Reportajda diqq\u0259t \u00e7\u0259k\u0259n dig\u0259r m\u0259qam is\u0259 Xocav\u0259nd rayonunun Tu\u011f k\u0259nd orta m\u0259kt\u0259binin taxta arak\u0259sm\u0259 il\u0259 iki hiss\u0259y\u0259 b\u00f6l\u00fcnm\u0259si g\u00f6r\u00fcnt\u00fcl\u0259ridir. \u018fslind\u0259 1989-cu il\u0259 q\u0259d\u0259r h\u0259m Az\u0259rbaycan, h\u0259m d\u0259 erm\u0259nil\u0259r s\u00f6z\u00fcged\u0259n bu m\u0259kt\u0259bd\u0259 birlikd\u0259 t\u0259hsil al\u0131blar.<\/p>\n<div id=\"AdviadNativeVideo0\" class=\"AdviadNativeVideo\"><\/div>\n<p>Bu bar\u0259d\u0259 h\u0259min m\u0259kt\u0259bd\u0259 d\u0259rs dey\u0259n Ramiz Cahangirov Baku TV-y\u0259 dan\u0131\u015f\u0131b:<\/p>\n<p>\u201cBizl\u0259 qon\u015fuluq ed\u0259n erm\u0259nil\u0259r bird\u0259n-bir\u0259 \u00f6z simalar\u0131n\u0131 d\u0259yi\u015fdil\u0259r, \u0259sl xisl\u0259tl\u0259rini n\u00fcmayi\u015f etdirm\u0259y\u0259 ba\u015flad\u0131lar. Onlar\u0131n \u00fcmumi prosesin\u0259 qo\u015fulmayan erm\u0259nil\u0259ri incidirdil\u0259r, t\u0259hqir edib d\u00f6y\u00fcrd\u00fcl\u0259r. Arta\u015fes Qriqoryan adl\u0131 bir erm\u0259ni m\u00fc\u0259llimi var idi. O m\u0259ni \u00e7a\u011f\u0131rd\u0131 v\u0259 dedi ki, erm\u0259nil\u0259r m\u0259ni v\u0259 ail\u0259mi incidirl\u0259r. \u00c7\u00fcnki biz m\u00fcnasib\u0259tl\u0259r\u0259 loyal m\u00fcnasib\u0259t b\u0259sl\u0259yirik. siz\u0259 m\u0259sl\u0259h\u0259t verir\u0259m ki, siz h\u0259tta m\u0259nim kimi erm\u0259niy\u0259 d\u0259 inanmay\u0131n, \u00e7\u00fcnki bizim damar\u0131m\u0131zdan erm\u0259ni qan\u0131 ax\u0131r.\u201d<\/p>\n<p><iframe loading=\"lazy\" src=\"https:\/\/www.youtube.com\/embed\/2BjyRAep0Uc\" width=\"560\" height=\"315\" frameborder=\"0\" allowfullscreen=\"allowfullscreen\" data-mce-fragment=\"1\"><\/iframe><\/p>\n<\/div>\n<\/article>\n<h2 class=\"news-share-title\"><\/h2>\n","protected":false},"excerpt":{"rendered":"<p>\u00d6t\u0259n g\u00fcn Rusiyan\u0131n \u201cRossiya 1\u201d kanal\u0131nda \u201cVesti Nedeli\u201d x\u0259b\u0259r proqram\u0131nda 1989-cu ild\u0259 Xocav\u0259nd rayonunun Tu\u011f k\u0259ndind\u0259 c\u0259r\u0259yan ed\u0259n hadis\u0259l\u0259rl\u0259 ba\u011fl\u0131 videomaterial efir\u0259 gedib. Baku TV x\u0259b\u0259r verir ki, apar\u0131c\u0131n\u0131n \u201cHe\u00e7 vaxt Da\u011fl\u0131q Qaraba\u011fdan \u00e7\u0131xar\u0131lan az\u0259rbaycanl\u0131lar\u0131n \u00e7ar\u0259zsizliyini unutmayaca\u011fam\u201d fikirl\u0259ri il\u0259 videomateriala giri\u015f etm\u0259si diqq\u0259t \u00e7\u0259kib. \u018fslind\u0259 videomaterialda c\u0259r\u0259yan ed\u0259n hadis\u0259l\u0259r\u0259 n\u0259z\u0259r yetir\u0259rk\u0259n a\u00e7\u0131q-ayd\u0131n erm\u0259nil\u0259rin 1988-89-cu ill\u0259rd\u0259n Da\u011fl\u0131q Qaraba\u011fda ya\u015fayan \u0259halinin s\u0131x\u0131\u015fd\u0131r\u0131lmas\u0131n\u0131n, t\u0259qibl\u0259r\u0259 m\u0259ruz qalmas\u0131n\u0131n \u015fahidi oluruq. Reportajda diqq\u0259t \u00e7\u0259k\u0259n dig\u0259r m\u0259qam is\u0259 Xocav\u0259nd rayonunun Tu\u011f k\u0259nd orta m\u0259kt\u0259binin taxta arak\u0259sm\u0259 il\u0259 iki hiss\u0259y\u0259 b\u00f6l\u00fcnm\u0259si g\u00f6r\u00fcnt\u00fcl\u0259ridir. \u018fslind\u0259 1989-cu il\u0259 q\u0259d\u0259r h\u0259m Az\u0259rbaycan,&hellip;<\/p>\n","protected":false},"author":2,"featured_media":241090,"comment_status":"closed","ping_status":"closed","sticky":false,"template":"","format":"standard","meta":{"om_disable_all_campaigns":false,"_monsterinsights_skip_tracking":false,"_monsterinsights_sitenote_active":false,"_monsterinsights_sitenote_note":"","_monsterinsights_sitenote_category":0},"categories":[26],"tags":[],"aioseo_notices":[],"gutentor_comment":0,"rttpg_featured_image_url":{"full":["https:\/\/arantv.az\/wp-content\/uploads\/2020\/11\/baku.jpg",620,286,false],"landscape":["https:\/\/arantv.az\/wp-content\/uploads\/2020\/11\/baku.jpg",620,286,false],"portraits":["https:\/\/arantv.az\/wp-content\/uploads\/2020\/11\/baku.jpg",620,286,false],"thumbnail":["https:\/\/arantv.az\/wp-content\/uploads\/2020\/11\/baku-150x150.jpg",150,150,true],"medium":["https:\/\/arantv.az\/wp-content\/uploads\/2020\/11\/baku-300x138.jpg",300,138,true],"large":["https:\/\/arantv.az\/wp-content\/uploads\/2020\/11\/baku.jpg",620,286,false],"1536x1536":["https:\/\/arantv.az\/wp-content\/uploads\/2020\/11\/baku.jpg",620,286,false],"2048x2048":["https:\/\/arantv.az\/wp-content\/uploads\/2020\/11\/baku.jpg",620,286,false],"post-thumbnail":["https:\/\/arantv.az\/wp-content\/uploads\/2020\/11\/baku-240x172.jpg",240,172,true],"advps-thumb-one":["https:\/\/arantv.az\/wp-content\/uploads\/2020\/11\/baku.jpg",620,286,false]},"rttpg_author":{"display_name":"V\u00fcsal Rafiqo\u011flu","author_link":"https:\/\/arantv.az\/?author=2"},"rttpg_comment":0,"rttpg_category":"<a href=\"https:\/\/arantv.az\/?cat=26\" rel=\"category\">Sosial<\/a>","rttpg_excerpt":"\u00d6t\u0259n g\u00fcn Rusiyan\u0131n \u201cRossiya 1\u201d kanal\u0131nda \u201cVesti Nedeli\u201d x\u0259b\u0259r proqram\u0131nda 1989-cu ild\u0259 Xocav\u0259nd rayonunun Tu\u011f k\u0259ndind\u0259 c\u0259r\u0259yan ed\u0259n hadis\u0259l\u0259rl\u0259 ba\u011fl\u0131 videomaterial efir\u0259 gedib. Baku TV x\u0259b\u0259r verir ki, apar\u0131c\u0131n\u0131n \u201cHe\u00e7 vaxt Da\u011fl\u0131q Qaraba\u011fdan \u00e7\u0131xar\u0131lan az\u0259rbaycanl\u0131lar\u0131n \u00e7ar\u0259zsizliyini unutmayaca\u011fam\u201d fikirl\u0259ri il\u0259 videomateriala giri\u015f etm\u0259si diqq\u0259t \u00e7\u0259kib. \u018fslind\u0259 videomaterialda c\u0259r\u0259yan ed\u0259n hadis\u0259l\u0259r\u0259 n\u0259z\u0259r yetir\u0259rk\u0259n a\u00e7\u0131q-ayd\u0131n erm\u0259nil\u0259rin 1988-89-cu ill\u0259rd\u0259n&hellip;","_links":{"self":[{"href":"https:\/\/arantv.az\/index.php?rest_route=\/wp\/v2\/posts\/241089"}],"collection":[{"href":"https:\/\/arantv.az\/index.php?rest_route=\/wp\/v2\/posts"}],"about":[{"href":"https:\/\/arantv.az\/index.php?rest_route=\/wp\/v2\/types\/post"}],"author":[{"embeddable":true,"href":"https:\/\/arantv.az\/index.php?rest_route=\/wp\/v2\/users\/2"}],"replies":[{"embeddable":true,"href":"https:\/\/arantv.az\/index.php?rest_route=%2Fwp%2Fv2%2Fcomments&post=241089"}],"version-history":[{"count":0,"href":"https:\/\/arantv.az\/index.php?rest_route=\/wp\/v2\/posts\/241089\/revisions"}],"wp:featuredmedia":[{"embeddable":true,"href":"https:\/\/arantv.az\/index.php?rest_route=\/wp\/v2\/media\/241090"}],"wp:attachment":[{"href":"https:\/\/arantv.az\/index.php?rest_route=%2Fwp%2Fv2%2Fmedia&parent=241089"}],"wp:term":[{"taxonomy":"category","embeddable":true,"href":"https:\/\/arantv.az\/index.php?rest_route=%2Fwp%2Fv2%2Fcategories&post=241089"},{"taxonomy":"post_tag","embeddable":true,"href":"https:\/\/arantv.az\/index.php?rest_route=%2Fwp%2Fv2%2Ftags&post=241089"}],"curies":[{"name":"wp","href":"https:\/\/api.w.org\/{rel}","templated":true}]}}