{"id":24110,"date":"2018-11-20T09:17:31","date_gmt":"2018-11-20T06:17:31","guid":{"rendered":"http:\/\/arantv.az\/?p=24110"},"modified":"2018-11-20T09:17:31","modified_gmt":"2018-11-20T06:17:31","slug":"aygun-yen%c9%99-d%c9%99-gurcustani-secdi","status":"publish","type":"post","link":"https:\/\/arantv.az\/?p=24110","title":{"rendered":"Ayg\u00fcn yen\u0259 d\u0259 G\u00fcrc\u00fcstan\u0131 se\u00e7di"},"content":{"rendered":"<p>M\u0259\u015fhur g\u00fcrc\u00fcstanl\u0131 diceyi, musiqi\u00e7isi, prod\u00fcseri v\u0259 ictimai xadimi Kahaberi Bak\u0131ya g\u0259lib. <strong>ARANTV.AZ<\/strong>-\u0131n m\u0259lumat\u0131na g\u00f6r\u0259, onun Bak\u0131ya g\u0259li\u015f s\u0259b\u0259bi is\u0259 xalq artisti Ayg\u00fcn Kaz\u0131mova il\u0259 olan i\u015fbirliyidir. Bel\u0259 ki, performanslar\u0131 v\u0259 ekskruzivl\u0259ri il\u0259 dolu olan Ayg\u00fcn Kaz\u0131movan\u0131n son ay\u0131n ilk g\u00fcn\u00fc 1 dekabr saat 20:00-da \u201cElektra Events Hall\u201d \u2013da \u201cDUY\u201d adl\u0131 m\u00f6ht\u0259\u015f\u0259m konserti ba\u015f tutacaq. Bu konsertd\u0259 d\u00fcnya \u015f\u00f6hr\u0259tli Dj David Vendetta v\u0259 g\u00fcrc\u00fcstan\u0131n m\u0259\u015fhur diceyi, musiqi\u00e7isi, prod\u00fcseri v\u0259 ictimai xadimi Kahaberi i\u015ftirak ed\u0259c\u0259k.<\/p>\n<p><img loading=\"lazy\" class=\"alignnone size-medium wp-image-24111\" src=\"https:\/\/arantv.az\/wp-content\/uploads\/2018\/11\/46513648_2043332555688578_8536986325369225216_n-283x300.jpg\" alt=\"\" width=\"283\" height=\"300\" \/><\/p>\n","protected":false},"excerpt":{"rendered":"<p>M\u0259\u015fhur g\u00fcrc\u00fcstanl\u0131 diceyi, musiqi\u00e7isi, prod\u00fcseri v\u0259 ictimai xadimi Kahaberi Bak\u0131ya g\u0259lib. ARANTV.AZ-\u0131n m\u0259lumat\u0131na g\u00f6r\u0259, onun Bak\u0131ya g\u0259li\u015f s\u0259b\u0259bi is\u0259 xalq artisti Ayg\u00fcn Kaz\u0131mova il\u0259 olan i\u015fbirliyidir. Bel\u0259 ki, performanslar\u0131 v\u0259 ekskruzivl\u0259ri il\u0259 dolu olan Ayg\u00fcn Kaz\u0131movan\u0131n son ay\u0131n ilk g\u00fcn\u00fc 1 dekabr saat 20:00-da \u201cElektra Events Hall\u201d \u2013da \u201cDUY\u201d adl\u0131 m\u00f6ht\u0259\u015f\u0259m konserti ba\u015f tutacaq. Bu konsertd\u0259 d\u00fcnya \u015f\u00f6hr\u0259tli Dj David Vendetta v\u0259 g\u00fcrc\u00fcstan\u0131n m\u0259\u015fhur diceyi, musiqi\u00e7isi, prod\u00fcseri v\u0259 ictimai xadimi Kahaberi i\u015ftirak ed\u0259c\u0259k.<\/p>\n","protected":false},"author":2,"featured_media":24112,"comment_status":"closed","ping_status":"closed","sticky":false,"template":"","format":"standard","meta":{"om_disable_all_campaigns":false,"_monsterinsights_skip_tracking":false,"_monsterinsights_sitenote_active":false,"_monsterinsights_sitenote_note":"","_monsterinsights_sitenote_category":0},"categories":[20],"tags":[],"aioseo_notices":[],"gutentor_comment":0,"rttpg_featured_image_url":{"full":["https:\/\/arantv.az\/wp-content\/uploads\/2018\/11\/46488344_1921014844683411_1948272065400274944_n.jpg",640,415,false],"landscape":["https:\/\/arantv.az\/wp-content\/uploads\/2018\/11\/46488344_1921014844683411_1948272065400274944_n.jpg",640,415,false],"portraits":["https:\/\/arantv.az\/wp-content\/uploads\/2018\/11\/46488344_1921014844683411_1948272065400274944_n.jpg",640,415,false],"thumbnail":["https:\/\/arantv.az\/wp-content\/uploads\/2018\/11\/46488344_1921014844683411_1948272065400274944_n-150x150.jpg",150,150,true],"medium":["https:\/\/arantv.az\/wp-content\/uploads\/2018\/11\/46488344_1921014844683411_1948272065400274944_n-300x195.jpg",300,195,true],"large":["https:\/\/arantv.az\/wp-content\/uploads\/2018\/11\/46488344_1921014844683411_1948272065400274944_n.jpg",640,415,false],"1536x1536":["https:\/\/arantv.az\/wp-content\/uploads\/2018\/11\/46488344_1921014844683411_1948272065400274944_n.jpg",640,415,false],"2048x2048":["https:\/\/arantv.az\/wp-content\/uploads\/2018\/11\/46488344_1921014844683411_1948272065400274944_n.jpg",640,415,false],"post-thumbnail":["https:\/\/arantv.az\/wp-content\/uploads\/2018\/11\/46488344_1921014844683411_1948272065400274944_n-240x172.jpg",240,172,true],"advps-thumb-one":["https:\/\/arantv.az\/wp-content\/uploads\/2018\/11\/46488344_1921014844683411_1948272065400274944_n.jpg",640,415,false]},"rttpg_author":{"display_name":"V\u00fcsal Rafiqo\u011flu","author_link":"https:\/\/arantv.az\/?author=2"},"rttpg_comment":0,"rttpg_category":"<a href=\"https:\/\/arantv.az\/?cat=20\" rel=\"category\">\u015eou biznes<\/a>","rttpg_excerpt":"M\u0259\u015fhur g\u00fcrc\u00fcstanl\u0131 diceyi, musiqi\u00e7isi, prod\u00fcseri v\u0259 ictimai xadimi Kahaberi Bak\u0131ya g\u0259lib. ARANTV.AZ-\u0131n m\u0259lumat\u0131na g\u00f6r\u0259, onun Bak\u0131ya g\u0259li\u015f s\u0259b\u0259bi is\u0259 xalq artisti Ayg\u00fcn Kaz\u0131mova il\u0259 olan i\u015fbirliyidir. Bel\u0259 ki, performanslar\u0131 v\u0259 ekskruzivl\u0259ri il\u0259 dolu olan Ayg\u00fcn Kaz\u0131movan\u0131n son ay\u0131n ilk g\u00fcn\u00fc 1 dekabr saat 20:00-da \u201cElektra Events Hall\u201d \u2013da \u201cDUY\u201d adl\u0131 m\u00f6ht\u0259\u015f\u0259m konserti ba\u015f tutacaq. Bu&hellip;","_links":{"self":[{"href":"https:\/\/arantv.az\/index.php?rest_route=\/wp\/v2\/posts\/24110"}],"collection":[{"href":"https:\/\/arantv.az\/index.php?rest_route=\/wp\/v2\/posts"}],"about":[{"href":"https:\/\/arantv.az\/index.php?rest_route=\/wp\/v2\/types\/post"}],"author":[{"embeddable":true,"href":"https:\/\/arantv.az\/index.php?rest_route=\/wp\/v2\/users\/2"}],"replies":[{"embeddable":true,"href":"https:\/\/arantv.az\/index.php?rest_route=%2Fwp%2Fv2%2Fcomments&post=24110"}],"version-history":[{"count":0,"href":"https:\/\/arantv.az\/index.php?rest_route=\/wp\/v2\/posts\/24110\/revisions"}],"wp:featuredmedia":[{"embeddable":true,"href":"https:\/\/arantv.az\/index.php?rest_route=\/wp\/v2\/media\/24112"}],"wp:attachment":[{"href":"https:\/\/arantv.az\/index.php?rest_route=%2Fwp%2Fv2%2Fmedia&parent=24110"}],"wp:term":[{"taxonomy":"category","embeddable":true,"href":"https:\/\/arantv.az\/index.php?rest_route=%2Fwp%2Fv2%2Fcategories&post=24110"},{"taxonomy":"post_tag","embeddable":true,"href":"https:\/\/arantv.az\/index.php?rest_route=%2Fwp%2Fv2%2Ftags&post=24110"}],"curies":[{"name":"wp","href":"https:\/\/api.w.org\/{rel}","templated":true}]}}