{"id":241113,"date":"2020-11-23T15:50:35","date_gmt":"2020-11-23T12:50:35","guid":{"rendered":"http:\/\/arantv.az\/?p=241113"},"modified":"2020-11-23T15:50:35","modified_gmt":"2020-11-23T12:50:35","slug":"s%c9%99fird%c9%99n-maraqli-paylasim-heyd%c9%99r-%c9%99liyev-vaqif-m%c9%99qb%c9%99r%c9%99sin%c9%99-gor%c9%99-kocaryani-quldurbasi-adlandirmisdi-foto","status":"publish","type":"post","link":"https:\/\/arantv.az\/?p=241113","title":{"rendered":"S\u0259fird\u0259n maraql\u0131 payla\u015f\u0131m: Heyd\u0259r \u018fliyev Vaqif m\u0259qb\u0259r\u0259sin\u0259 g\u00f6r\u0259 Ko\u00e7aryan\u0131 quldurba\u015f\u0131 adland\u0131rm\u0131\u015fd\u0131 &#8211; FOTO"},"content":{"rendered":"<p>Az\u0259rbaycan\u0131n Macar\u0131standak\u0131 s\u0259firi Vilay\u0259t Quliyev torpaqlar\u0131m\u0131z\u0131n i\u015f\u011faldan azad olunmas\u0131 fonunda Az\u0259rbaycan\u0131n g\u00f6rk\u0259mli \u015fairi v\u0259 ictimai xadimi Molla P\u0259nah Vaqifin m\u0259qb\u0259r\u0259si il\u0259 ba\u011fl\u0131 xatir\u0259sini payla\u015f\u0131b.<\/p>\n<p>\u201cErm\u0259ni i\u015f\u011fal\u0131na q\u0259d\u0259rki \u015eu\u015fan\u0131n simvollar\u0131ndan biri d\u0259 ana dilimizin b\u00f6y\u00fck ustad\u0131, m\u0259h\u0259bb\u0259t v\u0259 g\u00f6z\u0259llik \u015fairi Vaqifin \u0259z\u0259m\u0259tli m\u0259qb\u0259r\u0259si idi. M\u0259qb\u0259r\u0259nin tikintisi 1982-ci ild\u0259 ba\u015fa \u00e7atm\u0131\u015fd\u0131. 1983-c\u00fc ilin yanvar\u0131nda respublika r\u0259hb\u0259ri H.\u018f.\u018fliyevin i\u015ftirak\u0131 il\u0259 t\u0259nt\u0259n\u0259li a\u00e7\u0131l\u0131\u015f\u0131 olmu\u015fdu. H\u0259r il burada \u0259n\u0259n\u0259vi Vaqif poeziya g\u00fcnl\u0259ri ke\u00e7irilirdi.<\/p>\n<p>2001-ci ild\u0259 Strasburqda Prezident Heyd\u0259r \u018fliyevin Ko\u00e7aryanla g\u00f6r\u00fc\u015f\u00fcn\u00fcn r\u0259smi hiss\u0259sind\u0259n sonra\u00a0 aralar\u0131nda bel\u0259 bir s\u00f6hb\u0259t oldu:<\/p>\n<div id=\"AdviadNativeVideo0\" class=\"AdviadNativeVideo\"><\/div>\n<p>\u201cM\u0259nim t\u0259\u015f\u0259bb\u00fcs\u00fcml\u0259 \u015eu\u015fada Vaqifin m\u0259zar\u0131 \u00fcz\u0259rind\u0259 m\u0259qb\u0259r\u0259 tikilmi\u015fdi.\u00a0 Vaqif bizim b\u00f6y\u00fck \u015fairimizdir, Qaraba\u011f xanl\u0131\u011f\u0131n\u0131n v\u0259ziri olub. M\u0259qb\u0259r\u0259 n\u0259 v\u0259ziyy\u0259td\u0259dir? Onu da da\u011f\u0131tm\u0131s\u0131n\u0131z?<\/p>\n<p>&#8211; Ba\u015f\u0131m\u0131z a\u00e7\u0131lana q\u0259d\u0259r b\u00fct\u00fcn al\u00fcminium hiss\u0259l\u0259rini, m\u0259rm\u0259r \u00fczl\u00fckl\u0259ri s\u00f6k\u00fcb aparm\u0131\u015fd\u0131lar. Karkas\u0131 is\u0259 durur.<\/p>\n<p>&#8211; \u00dcmidvaram ki, bu i\u015fd\u0259 s\u0259nin \u0259lin olmay\u0131b&#8230;<\/p>\n<p>&#8211; N\u0259 dan\u0131\u015f\u0131rs\u0131n\u0131z, Heyd\u0259r \u018fliyevi\u00e7&#8230;\u201d<\/p>\n<p>Prezidentin sif\u0259tind\u0259ki ifad\u0259d\u0259n qar\u015f\u0131s\u0131nda dayanan bu m\u0259xluqdan iyr\u0259ndiyi a\u00e7\u0131q-a\u015fkar oxunurdu.<\/p>\n<p>Erm\u0259ni hey\u0259ti aralanandan sonra m\u0259rhum Prezident he\u00e7 k\u0259s\u0259 m\u00fcraci\u0259t etm\u0259d\u0259n sanki \u00f6z-\u00f6z\u00fc il\u0259 dan\u0131\u015f\u0131rm\u0131\u015f kimi:<\/p>\n<p>\u201cG\u00f6z\u00fcn\u00fcn i\u00e7in\u0259 q\u0259d\u0259r yalan deyir. Quldurba\u015f\u0131n\u0131n b\u00f6y\u00fcy\u00fc \u00f6z\u00fcd\u00fcr\u201d, &#8211;\u00a0dedi.<\/p>\n<p>\u00dcmidvaram ki, Vaqifin m\u0259qb\u0259r\u0259si yenid\u0259n \u0259vv\u0259lki g\u00f6z\u0259lliyin\u0259 qay\u0131dacaq&#8230;\u201d, &#8211; s\u0259firin payla\u015f\u0131m\u0131nda deyilir.<\/p>\n<div class=\"gallery\">\n<div class=\"gallery-i\"><img src=\"https:\/\/cdn.oxu.az\/uploads\/W1siZiIsIjIwMjAvMTEvMjMvMTYvMzEvNDIvY2UwODljYWUtMjgyOS00MDA1LTlhNWItOTc3MzRkNDNlOTRmL3ZhcWlmLmpwZyJdLFsicCIsImVuY29kZSIsImpwZyIsIi1xdWFsaXR5IDgwIl0sWyJwIiwidGh1bWIiLCI1OTB4NTkwXHUwMDNlIl1d?sha=d4388dc8a8ceacd1\" alt=\"\" \/><\/div>\n<\/div>\n","protected":false},"excerpt":{"rendered":"<p>Az\u0259rbaycan\u0131n Macar\u0131standak\u0131 s\u0259firi Vilay\u0259t Quliyev torpaqlar\u0131m\u0131z\u0131n i\u015f\u011faldan azad olunmas\u0131 fonunda Az\u0259rbaycan\u0131n g\u00f6rk\u0259mli \u015fairi v\u0259 ictimai xadimi Molla P\u0259nah Vaqifin m\u0259qb\u0259r\u0259si il\u0259 ba\u011fl\u0131 xatir\u0259sini payla\u015f\u0131b. \u201cErm\u0259ni i\u015f\u011fal\u0131na q\u0259d\u0259rki \u015eu\u015fan\u0131n simvollar\u0131ndan biri d\u0259 ana dilimizin b\u00f6y\u00fck ustad\u0131, m\u0259h\u0259bb\u0259t v\u0259 g\u00f6z\u0259llik \u015fairi Vaqifin \u0259z\u0259m\u0259tli m\u0259qb\u0259r\u0259si idi. M\u0259qb\u0259r\u0259nin tikintisi 1982-ci ild\u0259 ba\u015fa \u00e7atm\u0131\u015fd\u0131. 1983-c\u00fc ilin yanvar\u0131nda respublika r\u0259hb\u0259ri H.\u018f.\u018fliyevin i\u015ftirak\u0131 il\u0259 t\u0259nt\u0259n\u0259li a\u00e7\u0131l\u0131\u015f\u0131 olmu\u015fdu. H\u0259r il burada \u0259n\u0259n\u0259vi Vaqif poeziya g\u00fcnl\u0259ri ke\u00e7irilirdi. 2001-ci ild\u0259 Strasburqda Prezident Heyd\u0259r \u018fliyevin Ko\u00e7aryanla g\u00f6r\u00fc\u015f\u00fcn\u00fcn r\u0259smi hiss\u0259sind\u0259n sonra\u00a0 aralar\u0131nda bel\u0259 bir s\u00f6hb\u0259t oldu: \u201cM\u0259nim t\u0259\u015f\u0259bb\u00fcs\u00fcml\u0259 \u015eu\u015fada Vaqifin m\u0259zar\u0131 \u00fcz\u0259rind\u0259&hellip;<\/p>\n","protected":false},"author":2,"featured_media":241114,"comment_status":"closed","ping_status":"closed","sticky":false,"template":"","format":"standard","meta":{"om_disable_all_campaigns":false,"_monsterinsights_skip_tracking":false,"_monsterinsights_sitenote_active":false,"_monsterinsights_sitenote_note":"","_monsterinsights_sitenote_category":0},"categories":[26],"tags":[],"aioseo_notices":[],"gutentor_comment":0,"rttpg_featured_image_url":{"full":["https:\/\/arantv.az\/wp-content\/uploads\/2020\/11\/vaqif-1.jpg",551,465,false],"landscape":["https:\/\/arantv.az\/wp-content\/uploads\/2020\/11\/vaqif-1.jpg",551,465,false],"portraits":["https:\/\/arantv.az\/wp-content\/uploads\/2020\/11\/vaqif-1.jpg",551,465,false],"thumbnail":["https:\/\/arantv.az\/wp-content\/uploads\/2020\/11\/vaqif-1-150x150.jpg",150,150,true],"medium":["https:\/\/arantv.az\/wp-content\/uploads\/2020\/11\/vaqif-1-300x253.jpg",300,253,true],"large":["https:\/\/arantv.az\/wp-content\/uploads\/2020\/11\/vaqif-1.jpg",551,465,false],"1536x1536":["https:\/\/arantv.az\/wp-content\/uploads\/2020\/11\/vaqif-1.jpg",551,465,false],"2048x2048":["https:\/\/arantv.az\/wp-content\/uploads\/2020\/11\/vaqif-1.jpg",551,465,false],"post-thumbnail":["https:\/\/arantv.az\/wp-content\/uploads\/2020\/11\/vaqif-1-240x172.jpg",240,172,true],"advps-thumb-one":["https:\/\/arantv.az\/wp-content\/uploads\/2020\/11\/vaqif-1.jpg",551,465,false]},"rttpg_author":{"display_name":"V\u00fcsal Rafiqo\u011flu","author_link":"https:\/\/arantv.az\/?author=2"},"rttpg_comment":0,"rttpg_category":"<a href=\"https:\/\/arantv.az\/?cat=26\" rel=\"category\">Sosial<\/a>","rttpg_excerpt":"Az\u0259rbaycan\u0131n Macar\u0131standak\u0131 s\u0259firi Vilay\u0259t Quliyev torpaqlar\u0131m\u0131z\u0131n i\u015f\u011faldan azad olunmas\u0131 fonunda Az\u0259rbaycan\u0131n g\u00f6rk\u0259mli \u015fairi v\u0259 ictimai xadimi Molla P\u0259nah Vaqifin m\u0259qb\u0259r\u0259si il\u0259 ba\u011fl\u0131 xatir\u0259sini payla\u015f\u0131b. \u201cErm\u0259ni i\u015f\u011fal\u0131na q\u0259d\u0259rki \u015eu\u015fan\u0131n simvollar\u0131ndan biri d\u0259 ana dilimizin b\u00f6y\u00fck ustad\u0131, m\u0259h\u0259bb\u0259t v\u0259 g\u00f6z\u0259llik \u015fairi Vaqifin \u0259z\u0259m\u0259tli m\u0259qb\u0259r\u0259si idi. M\u0259qb\u0259r\u0259nin tikintisi 1982-ci ild\u0259 ba\u015fa \u00e7atm\u0131\u015fd\u0131. 1983-c\u00fc ilin yanvar\u0131nda respublika r\u0259hb\u0259ri H.\u018f.\u018fliyevin&hellip;","_links":{"self":[{"href":"https:\/\/arantv.az\/index.php?rest_route=\/wp\/v2\/posts\/241113"}],"collection":[{"href":"https:\/\/arantv.az\/index.php?rest_route=\/wp\/v2\/posts"}],"about":[{"href":"https:\/\/arantv.az\/index.php?rest_route=\/wp\/v2\/types\/post"}],"author":[{"embeddable":true,"href":"https:\/\/arantv.az\/index.php?rest_route=\/wp\/v2\/users\/2"}],"replies":[{"embeddable":true,"href":"https:\/\/arantv.az\/index.php?rest_route=%2Fwp%2Fv2%2Fcomments&post=241113"}],"version-history":[{"count":0,"href":"https:\/\/arantv.az\/index.php?rest_route=\/wp\/v2\/posts\/241113\/revisions"}],"wp:featuredmedia":[{"embeddable":true,"href":"https:\/\/arantv.az\/index.php?rest_route=\/wp\/v2\/media\/241114"}],"wp:attachment":[{"href":"https:\/\/arantv.az\/index.php?rest_route=%2Fwp%2Fv2%2Fmedia&parent=241113"}],"wp:term":[{"taxonomy":"category","embeddable":true,"href":"https:\/\/arantv.az\/index.php?rest_route=%2Fwp%2Fv2%2Fcategories&post=241113"},{"taxonomy":"post_tag","embeddable":true,"href":"https:\/\/arantv.az\/index.php?rest_route=%2Fwp%2Fv2%2Ftags&post=241113"}],"curies":[{"name":"wp","href":"https:\/\/api.w.org\/{rel}","templated":true}]}}