{"id":241129,"date":"2020-11-23T15:56:13","date_gmt":"2020-11-23T12:56:13","guid":{"rendered":"http:\/\/arantv.az\/?p=241129"},"modified":"2020-11-23T15:56:13","modified_gmt":"2020-11-23T12:56:13","slug":"bomba-partlamasindan-sag-cixan-%c9%99sg%c9%99rimizi-taniyin-foto","status":"publish","type":"post","link":"https:\/\/arantv.az\/?p=241129","title":{"rendered":"Bomba partlamas\u0131ndan sa\u011f \u00e7\u0131xan \u0259sg\u0259rimizi TANIYIN &#8211; FOTO"},"content":{"rendered":"<p>Sosial \u015f\u0259b\u0259k\u0259l\u0259rd\u0259 F\u00fczulid\u0259 d\u00f6y\u00fc\u015fd\u0259 olark\u0259n 3 metrliyind\u0259 bomba partlayan zaman e\u015fitm\u0259 qabiliyy\u0259tini itir\u0259n \u0259sg\u0259rin g\u00f6r\u00fcnt\u00fcs\u00fc yer al\u0131b.<\/p>\n<p><strong>ARANTV.AZ<\/strong>\u00a0\u00a0<a title=\"en son xeberler 2020\" href=\"https:\/\/sonxeber.az\/\" target=\"_blank\" rel=\"noopener\">Sonxeber.az<\/a>-a istinad\u0259n\u00a0<a title=\"xeberler son xeberler 2020\" href=\"https:\/\/big.az\/\" target=\"_blank\" rel=\"noopener\">x\u0259b\u0259r<\/a>\u00a0verir ki, h\u0259min \u0259sg\u0259r Abdullayev Elvin X\u0259qani o\u011fludur. O, ill\u0259rdir ki, h\u0259rb\u00e7i i\u015fl\u0259yib, Qubadl\u0131 v\u0259 F\u00fczulid\u0259 d\u00f6y\u00fc\u015f\u00fcb.<\/p>\n<div id=\"AdviadNativeVideo0\" class=\"AdviadNativeVideo\"><\/div>\n<p>Bir d\u0259f\u0259 bo\u011faz\u0131ndan yaralanan \u0259sg\u0259rimizin 3 g\u00fcn tibbi m\u00fcdaxil\u0259d\u0259n sonra yenid\u0259n d\u00f6y\u00fc\u015f\u0259 getdiyi bildirilir. O F\u00fczulid\u0259 olark\u0259n 3 metrliyind\u0259 bomba partlay\u0131b.<\/p>\n<p>Bir qula\u011f\u0131 e\u015fitmir v\u0259 boynunda h\u0259l\u0259 d\u0259 q\u0259lp\u0259 var. Qospitaldad\u0131r, \u0259m\u0259liyyat olunacaq.<\/p>\n<p>\u00d6t\u0259n g\u00fcn onun ad g\u00fcn\u00fc olub.<\/p>\n<p><img class=\"imgbcode\" src=\"https:\/\/upload.az\/foto\/arxiv\/vetenim.jpg\" alt=\"Bomba partlamas\u0131ndan sa\u011f \u00e7\u0131xan \u0259sg\u0259rimizi TANIYIN - FOTO\" \/><\/p>\n","protected":false},"excerpt":{"rendered":"<p>Sosial \u015f\u0259b\u0259k\u0259l\u0259rd\u0259 F\u00fczulid\u0259 d\u00f6y\u00fc\u015fd\u0259 olark\u0259n 3 metrliyind\u0259 bomba partlayan zaman e\u015fitm\u0259 qabiliyy\u0259tini itir\u0259n \u0259sg\u0259rin g\u00f6r\u00fcnt\u00fcs\u00fc yer al\u0131b. ARANTV.AZ\u00a0\u00a0Sonxeber.az-a istinad\u0259n\u00a0x\u0259b\u0259r\u00a0verir ki, h\u0259min \u0259sg\u0259r Abdullayev Elvin X\u0259qani o\u011fludur. O, ill\u0259rdir ki, h\u0259rb\u00e7i i\u015fl\u0259yib, Qubadl\u0131 v\u0259 F\u00fczulid\u0259 d\u00f6y\u00fc\u015f\u00fcb. Bir d\u0259f\u0259 bo\u011faz\u0131ndan yaralanan \u0259sg\u0259rimizin 3 g\u00fcn tibbi m\u00fcdaxil\u0259d\u0259n sonra yenid\u0259n d\u00f6y\u00fc\u015f\u0259 getdiyi bildirilir. O F\u00fczulid\u0259 olark\u0259n 3 metrliyind\u0259 bomba partlay\u0131b. Bir qula\u011f\u0131 e\u015fitmir v\u0259 boynunda h\u0259l\u0259 d\u0259 q\u0259lp\u0259 var. Qospitaldad\u0131r, \u0259m\u0259liyyat olunacaq. \u00d6t\u0259n g\u00fcn onun ad g\u00fcn\u00fc olub.<\/p>\n","protected":false},"author":2,"featured_media":241130,"comment_status":"closed","ping_status":"closed","sticky":false,"template":"","format":"standard","meta":{"om_disable_all_campaigns":false,"_monsterinsights_skip_tracking":false,"_monsterinsights_sitenote_active":false,"_monsterinsights_sitenote_note":"","_monsterinsights_sitenote_category":0},"categories":[26],"tags":[],"aioseo_notices":[],"gutentor_comment":0,"rttpg_featured_image_url":{"full":["https:\/\/arantv.az\/wp-content\/uploads\/2020\/11\/vetenim.jpg",550,537,false],"landscape":["https:\/\/arantv.az\/wp-content\/uploads\/2020\/11\/vetenim.jpg",550,537,false],"portraits":["https:\/\/arantv.az\/wp-content\/uploads\/2020\/11\/vetenim.jpg",550,537,false],"thumbnail":["https:\/\/arantv.az\/wp-content\/uploads\/2020\/11\/vetenim-150x150.jpg",150,150,true],"medium":["https:\/\/arantv.az\/wp-content\/uploads\/2020\/11\/vetenim-300x293.jpg",300,293,true],"large":["https:\/\/arantv.az\/wp-content\/uploads\/2020\/11\/vetenim.jpg",550,537,false],"1536x1536":["https:\/\/arantv.az\/wp-content\/uploads\/2020\/11\/vetenim.jpg",550,537,false],"2048x2048":["https:\/\/arantv.az\/wp-content\/uploads\/2020\/11\/vetenim.jpg",550,537,false],"post-thumbnail":["https:\/\/arantv.az\/wp-content\/uploads\/2020\/11\/vetenim-240x172.jpg",240,172,true],"advps-thumb-one":["https:\/\/arantv.az\/wp-content\/uploads\/2020\/11\/vetenim.jpg",550,537,false]},"rttpg_author":{"display_name":"V\u00fcsal Rafiqo\u011flu","author_link":"https:\/\/arantv.az\/?author=2"},"rttpg_comment":0,"rttpg_category":"<a href=\"https:\/\/arantv.az\/?cat=26\" rel=\"category\">Sosial<\/a>","rttpg_excerpt":"Sosial \u015f\u0259b\u0259k\u0259l\u0259rd\u0259 F\u00fczulid\u0259 d\u00f6y\u00fc\u015fd\u0259 olark\u0259n 3 metrliyind\u0259 bomba partlayan zaman e\u015fitm\u0259 qabiliyy\u0259tini itir\u0259n \u0259sg\u0259rin g\u00f6r\u00fcnt\u00fcs\u00fc yer al\u0131b. ARANTV.AZ\u00a0\u00a0Sonxeber.az-a istinad\u0259n\u00a0x\u0259b\u0259r\u00a0verir ki, h\u0259min \u0259sg\u0259r Abdullayev Elvin X\u0259qani o\u011fludur. O, ill\u0259rdir ki, h\u0259rb\u00e7i i\u015fl\u0259yib, Qubadl\u0131 v\u0259 F\u00fczulid\u0259 d\u00f6y\u00fc\u015f\u00fcb. Bir d\u0259f\u0259 bo\u011faz\u0131ndan yaralanan \u0259sg\u0259rimizin 3 g\u00fcn tibbi m\u00fcdaxil\u0259d\u0259n sonra yenid\u0259n d\u00f6y\u00fc\u015f\u0259 getdiyi bildirilir. O F\u00fczulid\u0259 olark\u0259n 3 metrliyind\u0259 bomba&hellip;","_links":{"self":[{"href":"https:\/\/arantv.az\/index.php?rest_route=\/wp\/v2\/posts\/241129"}],"collection":[{"href":"https:\/\/arantv.az\/index.php?rest_route=\/wp\/v2\/posts"}],"about":[{"href":"https:\/\/arantv.az\/index.php?rest_route=\/wp\/v2\/types\/post"}],"author":[{"embeddable":true,"href":"https:\/\/arantv.az\/index.php?rest_route=\/wp\/v2\/users\/2"}],"replies":[{"embeddable":true,"href":"https:\/\/arantv.az\/index.php?rest_route=%2Fwp%2Fv2%2Fcomments&post=241129"}],"version-history":[{"count":0,"href":"https:\/\/arantv.az\/index.php?rest_route=\/wp\/v2\/posts\/241129\/revisions"}],"wp:featuredmedia":[{"embeddable":true,"href":"https:\/\/arantv.az\/index.php?rest_route=\/wp\/v2\/media\/241130"}],"wp:attachment":[{"href":"https:\/\/arantv.az\/index.php?rest_route=%2Fwp%2Fv2%2Fmedia&parent=241129"}],"wp:term":[{"taxonomy":"category","embeddable":true,"href":"https:\/\/arantv.az\/index.php?rest_route=%2Fwp%2Fv2%2Fcategories&post=241129"},{"taxonomy":"post_tag","embeddable":true,"href":"https:\/\/arantv.az\/index.php?rest_route=%2Fwp%2Fv2%2Ftags&post=241129"}],"curies":[{"name":"wp","href":"https:\/\/api.w.org\/{rel}","templated":true}]}}