{"id":241139,"date":"2020-11-23T17:23:09","date_gmt":"2020-11-23T14:23:09","guid":{"rendered":"http:\/\/arantv.az\/?p=241139"},"modified":"2020-11-23T17:23:46","modified_gmt":"2020-11-23T14:23:46","slug":"prezident-ilham-%c9%99liyev-v%c9%99-birinci-vitse-prezident-mehriban-%c9%99liyeva-agdama-s%c9%99f%c9%99r-edibl%c9%99r-video","status":"publish","type":"post","link":"https:\/\/arantv.az\/?p=241139","title":{"rendered":"Prezident \u0130lham \u018fliyev v\u0259 Birinci vitse-prezident Mehriban \u018fliyeva A\u011fdama s\u0259f\u0259r edibl\u0259r &#8211; V\u0130DEO"},"content":{"rendered":"<p>Az\u0259rbaycan Respublikas\u0131n\u0131n Prezidenti \u0130lham \u018fliyev v\u0259 Birinci vitse-prezident Mehriban \u018fliyeva i\u015f\u011faldan azad olunmu\u015f A\u011fdam rayonuna s\u0259f\u0259r edibl\u0259r.<\/p>\n<div>Bu bar\u0259d\u0259 M.\u018fliyeva sosial media hesab\u0131nda payla\u015f\u0131m edib.<\/div>\n<div>\n<div><iframe id=\"instagram-embed-0\" class=\"instagram-media instagram-media-rendered\" src=\"https:\/\/www.instagram.com\/tv\/CH76Y7pA1gj\/embed\/captioned\/?cr=1&amp;v=13&amp;wp=540&amp;rd=https%3A%2F%2Foxu.az&amp;rp=%2Fpolitics%2F443105#%7B%22ci%22%3A0%2C%22os%22%3A9660.450000003038%2C%22ls%22%3A2370.80500000593%2C%22le%22%3A3061.229999999341%7D\" height=\"881\" frameborder=\"0\" scrolling=\"no\" allowfullscreen=\"allowfullscreen\" data-instgrm-payload-id=\"instagram-media-payload-0\" data-mce-fragment=\"1\"><\/iframe><\/div>\n<\/div>\n<div>\n<div><iframe id=\"instagram-embed-1\" class=\"instagram-media instagram-media-rendered\" src=\"https:\/\/www.instagram.com\/tv\/CH76CS9gSXq\/embed\/captioned\/?cr=1&amp;v=13&amp;wp=540&amp;rd=https%3A%2F%2Foxu.az&amp;rp=%2Fpolitics%2F443105#%7B%22ci%22%3A1%2C%22os%22%3A9671.665000001667%2C%22ls%22%3A2370.80500000593%2C%22le%22%3A3061.229999999341%7D\" height=\"881\" frameborder=\"0\" scrolling=\"no\" allowfullscreen=\"allowfullscreen\" data-instgrm-payload-id=\"instagram-media-payload-1\" data-mce-fragment=\"1\"><\/iframe><\/div>\n<\/div>\n<div>\n<div><iframe id=\"instagram-embed-2\" class=\"instagram-media instagram-media-rendered\" src=\"https:\/\/www.instagram.com\/p\/CH76xzMAhNK\/embed\/captioned\/?cr=1&amp;v=13&amp;wp=540&amp;rd=https%3A%2F%2Foxu.az&amp;rp=%2Fpolitics%2F443105#%7B%22ci%22%3A2%2C%22os%22%3A9691.655000002356%2C%22ls%22%3A2370.80500000593%2C%22le%22%3A3061.229999999341%7D\" height=\"969\" frameborder=\"0\" scrolling=\"no\" allowfullscreen=\"allowfullscreen\" data-instgrm-payload-id=\"instagram-media-payload-2\" data-mce-fragment=\"1\"><\/iframe><\/div>\n<\/div>\n<div>\n<div><iframe id=\"instagram-embed-3\" class=\"instagram-media instagram-media-rendered\" src=\"https:\/\/www.instagram.com\/p\/CH74eNaAHSe\/embed\/captioned\/?cr=1&amp;v=13&amp;wp=540&amp;rd=https%3A%2F%2Foxu.az&amp;rp=%2Fpolitics%2F443105#%7B%22ci%22%3A3%2C%22os%22%3A14893.845000005967%2C%22ls%22%3A2370.80500000593%2C%22le%22%3A3061.229999999341%7D\" height=\"969\" frameborder=\"0\" scrolling=\"no\" allowfullscreen=\"allowfullscreen\" data-instgrm-payload-id=\"instagram-media-payload-3\" data-mce-fragment=\"1\"><\/iframe><\/div>\n<div><iframe id=\"instagram-embed-5\" class=\"instagram-media instagram-media-rendered\" src=\"https:\/\/www.instagram.com\/p\/CH74eNaAHSe\/embed\/captioned\/?cr=1&amp;v=13&amp;wp=540&amp;rd=https%3A%2F%2Foxu.az&amp;rp=%2Fpolitics%2F443105#%7B%22ci%22%3A5%2C%22os%22%3A20488.335000001825%2C%22ls%22%3A2370.80500000593%2C%22le%22%3A3061.229999999341%7D\" height=\"969\" frameborder=\"0\" scrolling=\"no\" allowfullscreen=\"allowfullscreen\" data-instgrm-payload-id=\"instagram-media-payload-5\" data-mce-fragment=\"1\"><\/iframe><\/div>\n<\/div>\n<div>\n<div><iframe loading=\"lazy\" src=\"https:\/\/www.youtube.com\/embed\/E2h5e4x4lvs\" width=\"640\" height=\"360\" frameborder=\"0\" allowfullscreen=\"allowfullscreen\" data-mce-fragment=\"1\"><\/iframe><\/div>\n<\/div>\n<div><\/div>\n","protected":false},"excerpt":{"rendered":"<p>Az\u0259rbaycan Respublikas\u0131n\u0131n Prezidenti \u0130lham \u018fliyev v\u0259 Birinci vitse-prezident Mehriban \u018fliyeva i\u015f\u011faldan azad olunmu\u015f A\u011fdam rayonuna s\u0259f\u0259r edibl\u0259r. Bu bar\u0259d\u0259 M.\u018fliyeva sosial media hesab\u0131nda payla\u015f\u0131m edib.<\/p>\n","protected":false},"author":2,"featured_media":241140,"comment_status":"closed","ping_status":"closed","sticky":false,"template":"","format":"standard","meta":{"om_disable_all_campaigns":false,"_monsterinsights_skip_tracking":false,"_monsterinsights_sitenote_active":false,"_monsterinsights_sitenote_note":"","_monsterinsights_sitenote_category":0},"categories":[1],"tags":[],"aioseo_notices":[],"gutentor_comment":0,"rttpg_featured_image_url":{"full":["https:\/\/arantv.az\/wp-content\/uploads\/2020\/11\/ffac3971cb560b1381bc672c5d2142c1.jpg",620,428,false],"landscape":["https:\/\/arantv.az\/wp-content\/uploads\/2020\/11\/ffac3971cb560b1381bc672c5d2142c1.jpg",620,428,false],"portraits":["https:\/\/arantv.az\/wp-content\/uploads\/2020\/11\/ffac3971cb560b1381bc672c5d2142c1.jpg",620,428,false],"thumbnail":["https:\/\/arantv.az\/wp-content\/uploads\/2020\/11\/ffac3971cb560b1381bc672c5d2142c1-150x150.jpg",150,150,true],"medium":["https:\/\/arantv.az\/wp-content\/uploads\/2020\/11\/ffac3971cb560b1381bc672c5d2142c1-300x207.jpg",300,207,true],"large":["https:\/\/arantv.az\/wp-content\/uploads\/2020\/11\/ffac3971cb560b1381bc672c5d2142c1.jpg",620,428,false],"1536x1536":["https:\/\/arantv.az\/wp-content\/uploads\/2020\/11\/ffac3971cb560b1381bc672c5d2142c1.jpg",620,428,false],"2048x2048":["https:\/\/arantv.az\/wp-content\/uploads\/2020\/11\/ffac3971cb560b1381bc672c5d2142c1.jpg",620,428,false],"post-thumbnail":["https:\/\/arantv.az\/wp-content\/uploads\/2020\/11\/ffac3971cb560b1381bc672c5d2142c1-240x172.jpg",240,172,true],"advps-thumb-one":["https:\/\/arantv.az\/wp-content\/uploads\/2020\/11\/ffac3971cb560b1381bc672c5d2142c1.jpg",620,428,false]},"rttpg_author":{"display_name":"V\u00fcsal Rafiqo\u011flu","author_link":"https:\/\/arantv.az\/?author=2"},"rttpg_comment":0,"rttpg_category":"<a href=\"https:\/\/arantv.az\/?cat=1\" rel=\"category\">C\u0259miyy\u0259t<\/a>","rttpg_excerpt":"Az\u0259rbaycan Respublikas\u0131n\u0131n Prezidenti \u0130lham \u018fliyev v\u0259 Birinci vitse-prezident Mehriban \u018fliyeva i\u015f\u011faldan azad olunmu\u015f A\u011fdam rayonuna s\u0259f\u0259r edibl\u0259r. Bu bar\u0259d\u0259 M.\u018fliyeva sosial media hesab\u0131nda payla\u015f\u0131m edib.","_links":{"self":[{"href":"https:\/\/arantv.az\/index.php?rest_route=\/wp\/v2\/posts\/241139"}],"collection":[{"href":"https:\/\/arantv.az\/index.php?rest_route=\/wp\/v2\/posts"}],"about":[{"href":"https:\/\/arantv.az\/index.php?rest_route=\/wp\/v2\/types\/post"}],"author":[{"embeddable":true,"href":"https:\/\/arantv.az\/index.php?rest_route=\/wp\/v2\/users\/2"}],"replies":[{"embeddable":true,"href":"https:\/\/arantv.az\/index.php?rest_route=%2Fwp%2Fv2%2Fcomments&post=241139"}],"version-history":[{"count":0,"href":"https:\/\/arantv.az\/index.php?rest_route=\/wp\/v2\/posts\/241139\/revisions"}],"wp:featuredmedia":[{"embeddable":true,"href":"https:\/\/arantv.az\/index.php?rest_route=\/wp\/v2\/media\/241140"}],"wp:attachment":[{"href":"https:\/\/arantv.az\/index.php?rest_route=%2Fwp%2Fv2%2Fmedia&parent=241139"}],"wp:term":[{"taxonomy":"category","embeddable":true,"href":"https:\/\/arantv.az\/index.php?rest_route=%2Fwp%2Fv2%2Fcategories&post=241139"},{"taxonomy":"post_tag","embeddable":true,"href":"https:\/\/arantv.az\/index.php?rest_route=%2Fwp%2Fv2%2Ftags&post=241139"}],"curies":[{"name":"wp","href":"https:\/\/api.w.org\/{rel}","templated":true}]}}