{"id":24120,"date":"2018-11-20T10:37:59","date_gmt":"2018-11-20T07:37:59","guid":{"rendered":"http:\/\/arantv.az\/?p=24120"},"modified":"2018-11-20T10:37:59","modified_gmt":"2018-11-20T07:37:59","slug":"nail-naiboglunun-gulum-adli-yubiley-konserti","status":"publish","type":"post","link":"https:\/\/arantv.az\/?p=24120","title":{"rendered":"Nail Naibo\u011flunun &#8220;G\u00fcl\u00fcm&#8221; adl\u0131 yubiley konserti"},"content":{"rendered":"<p>Rejissor Nail Naibo\u011flu 43 ya\u015f\u0131nda R. Behbudov ad\u0131na Az\u0259rbaycan D\u00f6vl\u0259t Mahn\u0131 Teatr\u0131na ulduz ya\u011f\u0131\u015f\u0131 ya\u011fd\u0131racaq.<br \/>\n<strong>ARANTV.AZ<\/strong> x\u0259b\u0259r verir ki, az\u0259rbaycan estradas\u0131n\u0131n parlaq simalar\u0131 v\u0259 \u00d6zb\u0259kistan\u0131n sevil\u0259n v\u0259 xarizmatik \u00f6zb\u0259kli ulduzu Aziz Rametov 20 dekabr saat 19:00-da rejissorun yubiley konsertind\u0259 m\u00f6ht\u0259\u015f\u0259m \u015fou g\u00f6st\u0259r\u0259c\u0259kl\u0259r.<br \/>\n\u0130\u015ftirak edirl\u0259r: Flora K\u0259rimova, Nis\u0259 Qas\u0131mova, Faiq A\u011fayev, Manana, \u018fdal\u0259t \u015e\u00fck\u00fcrov, Natavan H\u0259bibi, Nadir Qafarzad\u0259, Elnur, M\u0259mm\u0259dov, Roza Z\u0259rg\u0259rli, Ramal \u0130srafilov, G\u00fcnay \u0130brahimli, El\u00e7in C\u0259f\u0259rov, \u0130zz\u0259t Ba\u011f\u0131rov, \u015e\u0259bn\u0259m \u018fs\u0259dova, Niyam Salami, Fatim\u0259 F\u0259t\u0259liyeva, Oksana R\u0259sulova.<br \/>\nApar\u0131c\u0131 &#8211; Nazil\u0259 S\u0259f\u0259rli<\/p>\n<p>Biletl\u0259ri \u015f\u0259h\u0259rin b\u00fct\u00fcn kassalar\u0131ndan, 28 Mall, Ganjlik Mall ticar\u0259t m\u0259rk\u0259zl\u0259rind\u0259n, ASAN Xidm\u0259t m\u0259rk\u0259zl\u0259rind\u0259n v\u0259 <a href=\"https:\/\/l.facebook.com\/l.php?u=http%3A%2F%2Fwww.iticket.az%2F%3Ffbclid%3DIwAR1mOaUwCXPJVyo4eTLATNB7RZowvxU7JHKKJGk9IhvVNNILRs9CSxzDLII&amp;h=AT1kSk6_jhsXPag3RU_taFJKK2xsmMdWaMXu7SD4xU38pSH-x3Xz9o9MOlGP8u6KAy7mr7pkgg3v0s-HNT3ULnq-O0ZgJ3W4W5vxD8Ip6DejaL9QBVvQnZC2iQfauIgI-s0l\" target=\"_blank\" rel=\"nofollow noopener\" data-lynx-mode=\"hover\">www.iticket.az<\/a> sayt\u0131ndan \u0259ld\u0259 ed\u0259 bil\u0259rsiniz.<\/p>\n<p><img loading=\"lazy\" class=\"alignnone size-medium wp-image-24121\" src=\"https:\/\/arantv.az\/wp-content\/uploads\/2018\/11\/46508456_512403959247192_7869566064181379072_n-200x300.jpg\" alt=\"\" width=\"200\" height=\"300\" \/><\/p>\n<p>https:\/\/iticket.az\/?fbclid=IwAR0jPT1hAICOsHOoYXlbPeEwnES0CePT2aOu05t7jgUcgPUawleY7gpYB1g<\/p>\n","protected":false},"excerpt":{"rendered":"<p>Rejissor Nail Naibo\u011flu 43 ya\u015f\u0131nda R. Behbudov ad\u0131na Az\u0259rbaycan D\u00f6vl\u0259t Mahn\u0131 Teatr\u0131na ulduz ya\u011f\u0131\u015f\u0131 ya\u011fd\u0131racaq. ARANTV.AZ x\u0259b\u0259r verir ki, az\u0259rbaycan estradas\u0131n\u0131n parlaq simalar\u0131 v\u0259 \u00d6zb\u0259kistan\u0131n sevil\u0259n v\u0259 xarizmatik \u00f6zb\u0259kli ulduzu Aziz Rametov 20 dekabr saat 19:00-da rejissorun yubiley konsertind\u0259 m\u00f6ht\u0259\u015f\u0259m \u015fou g\u00f6st\u0259r\u0259c\u0259kl\u0259r. \u0130\u015ftirak edirl\u0259r: Flora K\u0259rimova, Nis\u0259 Qas\u0131mova, Faiq A\u011fayev, Manana, \u018fdal\u0259t \u015e\u00fck\u00fcrov, Natavan H\u0259bibi, Nadir Qafarzad\u0259, Elnur, M\u0259mm\u0259dov, Roza Z\u0259rg\u0259rli, Ramal \u0130srafilov, G\u00fcnay \u0130brahimli, El\u00e7in C\u0259f\u0259rov, \u0130zz\u0259t Ba\u011f\u0131rov, \u015e\u0259bn\u0259m \u018fs\u0259dova, Niyam Salami, Fatim\u0259 F\u0259t\u0259liyeva, Oksana R\u0259sulova. Apar\u0131c\u0131 &#8211; Nazil\u0259 S\u0259f\u0259rli Biletl\u0259ri \u015f\u0259h\u0259rin b\u00fct\u00fcn kassalar\u0131ndan, 28 Mall, Ganjlik Mall ticar\u0259t&hellip;<\/p>\n","protected":false},"author":2,"featured_media":24122,"comment_status":"closed","ping_status":"closed","sticky":false,"template":"","format":"standard","meta":{"om_disable_all_campaigns":false,"_monsterinsights_skip_tracking":false,"_monsterinsights_sitenote_active":false,"_monsterinsights_sitenote_note":"","_monsterinsights_sitenote_category":0},"categories":[20],"tags":[],"aioseo_notices":[],"gutentor_comment":0,"rttpg_featured_image_url":{"full":["https:\/\/arantv.az\/wp-content\/uploads\/2018\/11\/46474628_913452648846773_6016597532077981696_n.jpg",960,532,false],"landscape":["https:\/\/arantv.az\/wp-content\/uploads\/2018\/11\/46474628_913452648846773_6016597532077981696_n.jpg",960,532,false],"portraits":["https:\/\/arantv.az\/wp-content\/uploads\/2018\/11\/46474628_913452648846773_6016597532077981696_n.jpg",960,532,false],"thumbnail":["https:\/\/arantv.az\/wp-content\/uploads\/2018\/11\/46474628_913452648846773_6016597532077981696_n-150x150.jpg",150,150,true],"medium":["https:\/\/arantv.az\/wp-content\/uploads\/2018\/11\/46474628_913452648846773_6016597532077981696_n-300x166.jpg",300,166,true],"large":["https:\/\/arantv.az\/wp-content\/uploads\/2018\/11\/46474628_913452648846773_6016597532077981696_n.jpg",640,355,false],"1536x1536":["https:\/\/arantv.az\/wp-content\/uploads\/2018\/11\/46474628_913452648846773_6016597532077981696_n.jpg",960,532,false],"2048x2048":["https:\/\/arantv.az\/wp-content\/uploads\/2018\/11\/46474628_913452648846773_6016597532077981696_n.jpg",960,532,false],"post-thumbnail":["https:\/\/arantv.az\/wp-content\/uploads\/2018\/11\/46474628_913452648846773_6016597532077981696_n-240x172.jpg",240,172,true],"advps-thumb-one":["https:\/\/arantv.az\/wp-content\/uploads\/2018\/11\/46474628_913452648846773_6016597532077981696_n.jpg",960,532,false]},"rttpg_author":{"display_name":"V\u00fcsal Rafiqo\u011flu","author_link":"https:\/\/arantv.az\/?author=2"},"rttpg_comment":0,"rttpg_category":"<a href=\"https:\/\/arantv.az\/?cat=20\" rel=\"category\">\u015eou biznes<\/a>","rttpg_excerpt":"Rejissor Nail Naibo\u011flu 43 ya\u015f\u0131nda R. Behbudov ad\u0131na Az\u0259rbaycan D\u00f6vl\u0259t Mahn\u0131 Teatr\u0131na ulduz ya\u011f\u0131\u015f\u0131 ya\u011fd\u0131racaq. ARANTV.AZ x\u0259b\u0259r verir ki, az\u0259rbaycan estradas\u0131n\u0131n parlaq simalar\u0131 v\u0259 \u00d6zb\u0259kistan\u0131n sevil\u0259n v\u0259 xarizmatik \u00f6zb\u0259kli ulduzu Aziz Rametov 20 dekabr saat 19:00-da rejissorun yubiley konsertind\u0259 m\u00f6ht\u0259\u015f\u0259m \u015fou g\u00f6st\u0259r\u0259c\u0259kl\u0259r. \u0130\u015ftirak edirl\u0259r: Flora K\u0259rimova, Nis\u0259 Qas\u0131mova, Faiq A\u011fayev, Manana, \u018fdal\u0259t \u015e\u00fck\u00fcrov, Natavan H\u0259bibi,&hellip;","_links":{"self":[{"href":"https:\/\/arantv.az\/index.php?rest_route=\/wp\/v2\/posts\/24120"}],"collection":[{"href":"https:\/\/arantv.az\/index.php?rest_route=\/wp\/v2\/posts"}],"about":[{"href":"https:\/\/arantv.az\/index.php?rest_route=\/wp\/v2\/types\/post"}],"author":[{"embeddable":true,"href":"https:\/\/arantv.az\/index.php?rest_route=\/wp\/v2\/users\/2"}],"replies":[{"embeddable":true,"href":"https:\/\/arantv.az\/index.php?rest_route=%2Fwp%2Fv2%2Fcomments&post=24120"}],"version-history":[{"count":0,"href":"https:\/\/arantv.az\/index.php?rest_route=\/wp\/v2\/posts\/24120\/revisions"}],"wp:featuredmedia":[{"embeddable":true,"href":"https:\/\/arantv.az\/index.php?rest_route=\/wp\/v2\/media\/24122"}],"wp:attachment":[{"href":"https:\/\/arantv.az\/index.php?rest_route=%2Fwp%2Fv2%2Fmedia&parent=24120"}],"wp:term":[{"taxonomy":"category","embeddable":true,"href":"https:\/\/arantv.az\/index.php?rest_route=%2Fwp%2Fv2%2Fcategories&post=24120"},{"taxonomy":"post_tag","embeddable":true,"href":"https:\/\/arantv.az\/index.php?rest_route=%2Fwp%2Fv2%2Ftags&post=24120"}],"curies":[{"name":"wp","href":"https:\/\/api.w.org\/{rel}","templated":true}]}}