{"id":24126,"date":"2018-11-20T10:49:33","date_gmt":"2018-11-20T07:49:33","guid":{"rendered":"http:\/\/arantv.az\/?p=24126"},"modified":"2018-11-20T10:49:33","modified_gmt":"2018-11-20T07:49:33","slug":"unesco-nun-m%c9%99nzil-q%c9%99rargahinda-umumdunya-irs-komit%c9%99sinin-xususi-isci-qrupunun-ilk-iclasi-kecirilib","status":"publish","type":"post","link":"https:\/\/arantv.az\/?p=24126","title":{"rendered":"UNESCO-nun m\u0259nzil q\u0259rargah\u0131nda \u00dcmumd\u00fcnya \u0130rs Komit\u0259sinin x\u00fcsusi i\u015f\u00e7i qrupunun ilk iclas\u0131 ke\u00e7irilib"},"content":{"rendered":"<p><strong>ARANTV.AZ<\/strong> x\u0259b\u0259r verir ki, Parisd\u0259, UNESCO-nun m\u0259nzil q\u0259rargah\u0131nda \u00dcmumd\u00fcnya \u0130rs Komit\u0259sinin x\u00fcsusi i\u015f\u00e7i qrupunun ilk iclas\u0131 ke\u00e7irilib. Toplant\u0131da \u00f6lk\u0259mizin 2019-cu ild\u0259 \u0130rs Komit\u0259sinin n\u00f6vb\u0259ti sessiyas\u0131na u\u011furla ev sahibliyi ed\u0259c\u0259yi vur\u011fulan\u0131b. \u0130rsin m\u00fchafiz\u0259si sah\u0259sind\u0259 g\u00f6r\u00fcl\u0259n i\u015fl\u0259rd\u0259n dan\u0131\u015f\u0131l\u0131b, x\u00fcsusi i\u015f\u00e7i qrupunun f\u0259aliyy\u0259ti il\u0259 ba\u011fl\u0131 m\u0259lumat verilib. Bildirilib ki, \u00dcmumd\u00fcnya \u0130rs Komit\u0259sinin g\u0259l\u0259n il Bak\u0131da ke\u00e7iril\u0259c\u0259k 43-c\u00fc sessiyas\u0131na haz\u0131rl\u0131q m\u0259qs\u0259dil\u0259 x\u00fcsusi i\u015f\u00e7i qrup t\u0259sis edilib. Yarad\u0131lan x\u00fcsusi qrup \u00f6z f\u0259aliyy\u0259tini komit\u0259 iclas\u0131na q\u0259d\u0259r davam etdir\u0259c\u0259k.<\/p>\n","protected":false},"excerpt":{"rendered":"<p>ARANTV.AZ x\u0259b\u0259r verir ki, Parisd\u0259, UNESCO-nun m\u0259nzil q\u0259rargah\u0131nda \u00dcmumd\u00fcnya \u0130rs Komit\u0259sinin x\u00fcsusi i\u015f\u00e7i qrupunun ilk iclas\u0131 ke\u00e7irilib. Toplant\u0131da \u00f6lk\u0259mizin 2019-cu ild\u0259 \u0130rs Komit\u0259sinin n\u00f6vb\u0259ti sessiyas\u0131na u\u011furla ev sahibliyi ed\u0259c\u0259yi vur\u011fulan\u0131b. \u0130rsin m\u00fchafiz\u0259si sah\u0259sind\u0259 g\u00f6r\u00fcl\u0259n i\u015fl\u0259rd\u0259n dan\u0131\u015f\u0131l\u0131b, x\u00fcsusi i\u015f\u00e7i qrupunun f\u0259aliyy\u0259ti il\u0259 ba\u011fl\u0131 m\u0259lumat verilib. Bildirilib ki, \u00dcmumd\u00fcnya \u0130rs Komit\u0259sinin g\u0259l\u0259n il Bak\u0131da ke\u00e7iril\u0259c\u0259k 43-c\u00fc sessiyas\u0131na haz\u0131rl\u0131q m\u0259qs\u0259dil\u0259 x\u00fcsusi i\u015f\u00e7i qrup t\u0259sis edilib. Yarad\u0131lan x\u00fcsusi qrup \u00f6z f\u0259aliyy\u0259tini komit\u0259 iclas\u0131na q\u0259d\u0259r davam etdir\u0259c\u0259k.<\/p>\n","protected":false},"author":2,"featured_media":24127,"comment_status":"closed","ping_status":"closed","sticky":false,"template":"","format":"standard","meta":{"om_disable_all_campaigns":false,"_monsterinsights_skip_tracking":false,"_monsterinsights_sitenote_active":false,"_monsterinsights_sitenote_note":"","_monsterinsights_sitenote_category":0},"categories":[1],"tags":[],"aioseo_notices":[],"gutentor_comment":0,"rttpg_featured_image_url":{"full":["https:\/\/arantv.az\/wp-content\/uploads\/2018\/11\/fpau93oj75nmhcogjtrurvp342unesco.jpg",800,450,false],"landscape":["https:\/\/arantv.az\/wp-content\/uploads\/2018\/11\/fpau93oj75nmhcogjtrurvp342unesco.jpg",800,450,false],"portraits":["https:\/\/arantv.az\/wp-content\/uploads\/2018\/11\/fpau93oj75nmhcogjtrurvp342unesco.jpg",800,450,false],"thumbnail":["https:\/\/arantv.az\/wp-content\/uploads\/2018\/11\/fpau93oj75nmhcogjtrurvp342unesco-150x150.jpg",150,150,true],"medium":["https:\/\/arantv.az\/wp-content\/uploads\/2018\/11\/fpau93oj75nmhcogjtrurvp342unesco-300x169.jpg",300,169,true],"large":["https:\/\/arantv.az\/wp-content\/uploads\/2018\/11\/fpau93oj75nmhcogjtrurvp342unesco.jpg",640,360,false],"1536x1536":["https:\/\/arantv.az\/wp-content\/uploads\/2018\/11\/fpau93oj75nmhcogjtrurvp342unesco.jpg",800,450,false],"2048x2048":["https:\/\/arantv.az\/wp-content\/uploads\/2018\/11\/fpau93oj75nmhcogjtrurvp342unesco.jpg",800,450,false],"post-thumbnail":["https:\/\/arantv.az\/wp-content\/uploads\/2018\/11\/fpau93oj75nmhcogjtrurvp342unesco-240x172.jpg",240,172,true],"advps-thumb-one":["https:\/\/arantv.az\/wp-content\/uploads\/2018\/11\/fpau93oj75nmhcogjtrurvp342unesco.jpg",800,450,false]},"rttpg_author":{"display_name":"V\u00fcsal Rafiqo\u011flu","author_link":"https:\/\/arantv.az\/?author=2"},"rttpg_comment":0,"rttpg_category":"<a href=\"https:\/\/arantv.az\/?cat=1\" rel=\"category\">C\u0259miyy\u0259t<\/a>","rttpg_excerpt":"ARANTV.AZ x\u0259b\u0259r verir ki, Parisd\u0259, UNESCO-nun m\u0259nzil q\u0259rargah\u0131nda \u00dcmumd\u00fcnya \u0130rs Komit\u0259sinin x\u00fcsusi i\u015f\u00e7i qrupunun ilk iclas\u0131 ke\u00e7irilib. Toplant\u0131da \u00f6lk\u0259mizin 2019-cu ild\u0259 \u0130rs Komit\u0259sinin n\u00f6vb\u0259ti sessiyas\u0131na u\u011furla ev sahibliyi ed\u0259c\u0259yi vur\u011fulan\u0131b. \u0130rsin m\u00fchafiz\u0259si sah\u0259sind\u0259 g\u00f6r\u00fcl\u0259n i\u015fl\u0259rd\u0259n dan\u0131\u015f\u0131l\u0131b, x\u00fcsusi i\u015f\u00e7i qrupunun f\u0259aliyy\u0259ti il\u0259 ba\u011fl\u0131 m\u0259lumat verilib. Bildirilib ki, \u00dcmumd\u00fcnya \u0130rs Komit\u0259sinin g\u0259l\u0259n il Bak\u0131da ke\u00e7iril\u0259c\u0259k 43-c\u00fc sessiyas\u0131na&hellip;","_links":{"self":[{"href":"https:\/\/arantv.az\/index.php?rest_route=\/wp\/v2\/posts\/24126"}],"collection":[{"href":"https:\/\/arantv.az\/index.php?rest_route=\/wp\/v2\/posts"}],"about":[{"href":"https:\/\/arantv.az\/index.php?rest_route=\/wp\/v2\/types\/post"}],"author":[{"embeddable":true,"href":"https:\/\/arantv.az\/index.php?rest_route=\/wp\/v2\/users\/2"}],"replies":[{"embeddable":true,"href":"https:\/\/arantv.az\/index.php?rest_route=%2Fwp%2Fv2%2Fcomments&post=24126"}],"version-history":[{"count":0,"href":"https:\/\/arantv.az\/index.php?rest_route=\/wp\/v2\/posts\/24126\/revisions"}],"wp:featuredmedia":[{"embeddable":true,"href":"https:\/\/arantv.az\/index.php?rest_route=\/wp\/v2\/media\/24127"}],"wp:attachment":[{"href":"https:\/\/arantv.az\/index.php?rest_route=%2Fwp%2Fv2%2Fmedia&parent=24126"}],"wp:term":[{"taxonomy":"category","embeddable":true,"href":"https:\/\/arantv.az\/index.php?rest_route=%2Fwp%2Fv2%2Fcategories&post=24126"},{"taxonomy":"post_tag","embeddable":true,"href":"https:\/\/arantv.az\/index.php?rest_route=%2Fwp%2Fv2%2Ftags&post=24126"}],"curies":[{"name":"wp","href":"https:\/\/api.w.org\/{rel}","templated":true}]}}