{"id":24129,"date":"2018-11-20T10:50:20","date_gmt":"2018-11-20T07:50:20","guid":{"rendered":"http:\/\/arantv.az\/?p=24129"},"modified":"2018-11-20T10:50:20","modified_gmt":"2018-11-20T07:50:20","slug":"kay2tv-kanalinda-az%c9%99rbaycan-pakistan-%c9%99laq%c9%99l%c9%99rin%c9%99-h%c9%99sr-olunan-proqram-yayimlanib","status":"publish","type":"post","link":"https:\/\/arantv.az\/?p=24129","title":{"rendered":"\u201cKay2TV\u201d kanal\u0131nda Az\u0259rbaycan-Pakistan \u0259laq\u0259l\u0259rin\u0259 h\u0259sr olunan proqram yay\u0131mlan\u0131b"},"content":{"rendered":"<p><strong>ARANTV.AZ<\/strong> x\u0259b\u0259r verir ki, Pakistan\u0131n \u201cKay2TV\u201d kanal\u0131nda Az\u0259rbaycan-Pakistan m\u00fcnasib\u0259tl\u0259rd\u0259n dan\u0131\u015f\u0131l\u0131b. \u0130ki \u00f6lk\u0259 aras\u0131nda m\u00f6vcud olan iqtisadi v\u0259 ticar\u0259t sah\u0259l\u0259rind\u0259 \u0259laq\u0259l\u0259rin inki\u015faf perspektivl\u0259rind\u0259n b\u0259hs olunub.<\/p>\n<p>\u201cAz\u0259rbaycan-Pakistan aras\u0131nda siyasi m\u00fcnasib\u0259tl\u0259r y\u00fcks\u0259l\u0259n x\u0259tt \u00fczr\u0259\u00a0 inki\u015faf edir. H\u0259r iki \u00f6lk\u0259 h\u0259r zaman bir-birin\u0259 d\u0259st\u0259k verir\u201d. Bu fikirl\u0259r, Pakistan\u0131n \u201cKay2TV\u201d kanal\u0131nda yaymlanan \u201cBiznes-raund\u201d proqram\u0131nda s\u0259sl\u0259ndirilib. Verli\u015fd\u0259 Az\u0259rbaycan v\u0259 Pakistan aras\u0131nda strateji t\u0259r\u0259fda\u015fl\u0131q m\u00fcnasib\u0259tl\u0259rinin y\u00fcks\u0259k s\u0259viyy\u0259d\u0259 oldu\u011fu bildirilib. \u0130qtisadi-ticari, h\u0259rbi-texniki, enerji, turizm v\u0259 dig\u0259r sah\u0259l\u0259rd\u0259ki \u0259m\u0259kda\u015fl\u0131qdan s\u00f6z a\u00e7\u0131l\u0131b. Qeyd olunub ki, iki \u00f6lk\u0259 aras\u0131nda bir \u00e7ox birg\u0259 layih\u0259l\u0259r, s\u0259rgi, biznes forum,g\u00f6r\u00fc\u015f, qar\u015f\u0131l\u0131ql\u0131 s\u0259f\u0259rl\u0259r t\u0259\u015fkil edilir. M\u0259hz bu s\u0259b\u0259bd\u0259n \u00f6lk\u0259l\u0259rimiz aras\u0131nda\u00a0 ticar\u0259t d\u00f6vriyy\u0259sind\u0259 art\u0131m m\u00fc\u015fahid\u0259 olunur. \u00d6lk\u0259mizd\u0259 xarici investorlar \u00fc\u00e7\u00fcn yarad\u0131lan m\u00fcnbit \u015f\u0259raitd\u0259n dan\u0131\u015f\u0131l\u0131b. Az\u0259rbaycanda\u00a0 k\u0259nd t\u0259s\u0259rr\u00fcfat\u0131, s\u0259naye v\u0259 texnologiya parklar\u0131, iqtisadi zonalar\u0131n f\u0259aliyy\u0259tl\u0259ri haqq\u0131nda m\u0259lumat verilib. Bildirilib ki, 2017-ci ild\u0259 iqtisadi-ticari v\u0259 k\u0259nd t\u0259s\u0259rr\u00fcfat\u0131 sah\u0259l\u0259rind\u0259 \u0259m\u0259kda\u015fl\u0131\u011f\u0131n geni\u015fl\u0259ndirilm\u0259si \u00fc\u00e7\u00fcn birg\u0259 i\u015f\u00e7i qrupu yarad\u0131l\u0131b. Bu is\u0259 qar\u015f\u0131l\u0131ql\u0131 investisiya \u00fc\u00e7\u00fcn imkanlar\u0131n artmas\u0131ma s\u0259b\u0259b olub.Proqramda Heyd\u0259r \u018fliyev Fondunun Pakistanda bir s\u0131ra humanitar v\u0259 sosialy\u00f6n\u00fcml\u00fc layih\u0259l\u0259r h\u0259yata ke\u00e7irm\u0259si bar\u0259d\u0259 d\u0259 m\u0259lumat verilib. H\u0259min layih\u0259l\u0259rin bu il d\u0259 davam etdirildiyi diqq\u0259t\u0259 \u00e7atd\u0131r\u0131l\u0131b. Sonda\u00a0 Az\u0259rbaycan\u0131n turizm potensial\u0131nda s\u00f6z a\u00e7\u0131l\u0131b. Erm\u0259nistan-Az\u0259rbaycan Da\u011fl\u0131q Qaraba\u011f m\u00fcnaqi\u015f\u0259si, Erm\u0259nistan\u0131n i\u015f\u011fal\u00e7\u0131l\u0131q v\u0259 etnik t\u0259mizl\u0259m\u0259 siyas\u0259ti, t\u0259xribatlar\u0131 haqq\u0131nda da tama\u015fa\u00e7\u0131lara \u0259trafl\u0131 m\u0259lumat verilib.<\/p>\n","protected":false},"excerpt":{"rendered":"<p>ARANTV.AZ x\u0259b\u0259r verir ki, Pakistan\u0131n \u201cKay2TV\u201d kanal\u0131nda Az\u0259rbaycan-Pakistan m\u00fcnasib\u0259tl\u0259rd\u0259n dan\u0131\u015f\u0131l\u0131b. \u0130ki \u00f6lk\u0259 aras\u0131nda m\u00f6vcud olan iqtisadi v\u0259 ticar\u0259t sah\u0259l\u0259rind\u0259 \u0259laq\u0259l\u0259rin inki\u015faf perspektivl\u0259rind\u0259n b\u0259hs olunub. \u201cAz\u0259rbaycan-Pakistan aras\u0131nda siyasi m\u00fcnasib\u0259tl\u0259r y\u00fcks\u0259l\u0259n x\u0259tt \u00fczr\u0259\u00a0 inki\u015faf edir. H\u0259r iki \u00f6lk\u0259 h\u0259r zaman bir-birin\u0259 d\u0259st\u0259k verir\u201d. Bu fikirl\u0259r, Pakistan\u0131n \u201cKay2TV\u201d kanal\u0131nda yaymlanan \u201cBiznes-raund\u201d proqram\u0131nda s\u0259sl\u0259ndirilib. Verli\u015fd\u0259 Az\u0259rbaycan v\u0259 Pakistan aras\u0131nda strateji t\u0259r\u0259fda\u015fl\u0131q m\u00fcnasib\u0259tl\u0259rinin y\u00fcks\u0259k s\u0259viyy\u0259d\u0259 oldu\u011fu bildirilib. \u0130qtisadi-ticari, h\u0259rbi-texniki, enerji, turizm v\u0259 dig\u0259r sah\u0259l\u0259rd\u0259ki \u0259m\u0259kda\u015fl\u0131qdan s\u00f6z a\u00e7\u0131l\u0131b. Qeyd olunub ki, iki \u00f6lk\u0259 aras\u0131nda bir \u00e7ox birg\u0259 layih\u0259l\u0259r, s\u0259rgi, biznes forum,g\u00f6r\u00fc\u015f, qar\u015f\u0131l\u0131ql\u0131 s\u0259f\u0259rl\u0259r t\u0259\u015fkil edilir. M\u0259hz&hellip;<\/p>\n","protected":false},"author":2,"featured_media":24130,"comment_status":"closed","ping_status":"closed","sticky":false,"template":"","format":"standard","meta":{"om_disable_all_campaigns":false,"_monsterinsights_skip_tracking":false,"_monsterinsights_sitenote_active":false,"_monsterinsights_sitenote_note":"","_monsterinsights_sitenote_category":0},"categories":[4],"tags":[],"aioseo_notices":[],"gutentor_comment":0,"rttpg_featured_image_url":{"full":["https:\/\/arantv.az\/wp-content\/uploads\/2018\/11\/fpau93oj75nmhcogjtrurvp342kay.jpg",892,669,false],"landscape":["https:\/\/arantv.az\/wp-content\/uploads\/2018\/11\/fpau93oj75nmhcogjtrurvp342kay.jpg",892,669,false],"portraits":["https:\/\/arantv.az\/wp-content\/uploads\/2018\/11\/fpau93oj75nmhcogjtrurvp342kay.jpg",892,669,false],"thumbnail":["https:\/\/arantv.az\/wp-content\/uploads\/2018\/11\/fpau93oj75nmhcogjtrurvp342kay-150x150.jpg",150,150,true],"medium":["https:\/\/arantv.az\/wp-content\/uploads\/2018\/11\/fpau93oj75nmhcogjtrurvp342kay-300x225.jpg",300,225,true],"large":["https:\/\/arantv.az\/wp-content\/uploads\/2018\/11\/fpau93oj75nmhcogjtrurvp342kay.jpg",640,480,false],"1536x1536":["https:\/\/arantv.az\/wp-content\/uploads\/2018\/11\/fpau93oj75nmhcogjtrurvp342kay.jpg",892,669,false],"2048x2048":["https:\/\/arantv.az\/wp-content\/uploads\/2018\/11\/fpau93oj75nmhcogjtrurvp342kay.jpg",892,669,false],"post-thumbnail":["https:\/\/arantv.az\/wp-content\/uploads\/2018\/11\/fpau93oj75nmhcogjtrurvp342kay-240x172.jpg",240,172,true],"advps-thumb-one":["https:\/\/arantv.az\/wp-content\/uploads\/2018\/11\/fpau93oj75nmhcogjtrurvp342kay-892x620.jpg",892,620,true]},"rttpg_author":{"display_name":"V\u00fcsal Rafiqo\u011flu","author_link":"https:\/\/arantv.az\/?author=2"},"rttpg_comment":0,"rttpg_category":"<a href=\"https:\/\/arantv.az\/?cat=4\" rel=\"category\">Siyas\u0259t<\/a>","rttpg_excerpt":"ARANTV.AZ x\u0259b\u0259r verir ki, Pakistan\u0131n \u201cKay2TV\u201d kanal\u0131nda Az\u0259rbaycan-Pakistan m\u00fcnasib\u0259tl\u0259rd\u0259n dan\u0131\u015f\u0131l\u0131b. \u0130ki \u00f6lk\u0259 aras\u0131nda m\u00f6vcud olan iqtisadi v\u0259 ticar\u0259t sah\u0259l\u0259rind\u0259 \u0259laq\u0259l\u0259rin inki\u015faf perspektivl\u0259rind\u0259n b\u0259hs olunub. \u201cAz\u0259rbaycan-Pakistan aras\u0131nda siyasi m\u00fcnasib\u0259tl\u0259r y\u00fcks\u0259l\u0259n x\u0259tt \u00fczr\u0259\u00a0 inki\u015faf edir. H\u0259r iki \u00f6lk\u0259 h\u0259r zaman bir-birin\u0259 d\u0259st\u0259k verir\u201d. Bu fikirl\u0259r, Pakistan\u0131n \u201cKay2TV\u201d kanal\u0131nda yaymlanan \u201cBiznes-raund\u201d proqram\u0131nda s\u0259sl\u0259ndirilib. Verli\u015fd\u0259 Az\u0259rbaycan v\u0259 Pakistan aras\u0131nda&hellip;","_links":{"self":[{"href":"https:\/\/arantv.az\/index.php?rest_route=\/wp\/v2\/posts\/24129"}],"collection":[{"href":"https:\/\/arantv.az\/index.php?rest_route=\/wp\/v2\/posts"}],"about":[{"href":"https:\/\/arantv.az\/index.php?rest_route=\/wp\/v2\/types\/post"}],"author":[{"embeddable":true,"href":"https:\/\/arantv.az\/index.php?rest_route=\/wp\/v2\/users\/2"}],"replies":[{"embeddable":true,"href":"https:\/\/arantv.az\/index.php?rest_route=%2Fwp%2Fv2%2Fcomments&post=24129"}],"version-history":[{"count":0,"href":"https:\/\/arantv.az\/index.php?rest_route=\/wp\/v2\/posts\/24129\/revisions"}],"wp:featuredmedia":[{"embeddable":true,"href":"https:\/\/arantv.az\/index.php?rest_route=\/wp\/v2\/media\/24130"}],"wp:attachment":[{"href":"https:\/\/arantv.az\/index.php?rest_route=%2Fwp%2Fv2%2Fmedia&parent=24129"}],"wp:term":[{"taxonomy":"category","embeddable":true,"href":"https:\/\/arantv.az\/index.php?rest_route=%2Fwp%2Fv2%2Fcategories&post=24129"},{"taxonomy":"post_tag","embeddable":true,"href":"https:\/\/arantv.az\/index.php?rest_route=%2Fwp%2Fv2%2Ftags&post=24129"}],"curies":[{"name":"wp","href":"https:\/\/api.w.org\/{rel}","templated":true}]}}