{"id":24135,"date":"2018-11-20T11:02:09","date_gmt":"2018-11-20T08:02:09","guid":{"rendered":"http:\/\/arantv.az\/?p=24135"},"modified":"2018-11-20T11:02:09","modified_gmt":"2018-11-20T08:02:09","slug":"rusv%c9%99t%c9%99-gor%c9%99-h%c9%99bs-edil%c9%99n-prokuror-m%c9%99hk%c9%99m%c9%99y%c9%99-muraci%c9%99t-etdi","status":"publish","type":"post","link":"https:\/\/arantv.az\/?p=24135","title":{"rendered":"R\u00fc\u015fv\u0259t\u0259 g\u00f6r\u0259 h\u0259bs edil\u0259n prokuror m\u0259hk\u0259m\u0259y\u0259 m\u00fcraci\u0259t etdi"},"content":{"rendered":"<p>\u0130smay\u0131ll\u0131 rayonunun sabiq prokuroru\u00a0<strong>\u00dclvi Abbasov\u00a0<\/strong>v\u0259 prokurorun\u00a0b\u00f6y\u00fck k\u00f6m\u0259k\u00e7isi\u00a0<strong>Faiq Quliyev<\/strong>in bar\u0259sind\u0259ki h\u00f6kmd\u0259n apellyasiya \u015fikay\u0259ti verilib.<\/p>\n<p><strong>ARANTV.AZ<\/strong>\u00a0x\u0259b\u0259r verir ki, \u015fikay\u0259t bax\u0131lmas\u0131 \u00fc\u00e7\u00fcn \u015e\u0259ki Apellyasiya M\u0259hk\u0259m\u0259sin\u0259 g\u00f6nd\u0259rilib.<\/p>\n<p>T\u0259qsirl\u0259ndiril\u0259n \u015f\u0259xsl\u0259r bar\u0259l\u0259rind\u0259 b\u0259ra\u0259t h\u00f6km\u00fcn\u00fcn \u00e7\u0131xar\u0131lmas\u0131n\u0131 ist\u0259yirl\u0259r.<\/p>\n<p>M\u0259hk\u0259m\u0259nin ilkin bax\u0131\u015f iclas\u0131n\u0131n tarixi yax\u0131n g\u00fcnl\u0259rd\u0259 m\u0259lum olacaq.<\/p>\n<p>Qeyd ed\u0259k ki, \u015e\u0259ki A\u011f\u0131r Cinay\u0259tl\u0259r M\u0259hk\u0259m\u0259sinin h\u00f6km\u00fcn\u0259 \u0259sas\u0259n, \u00dc. Abbasov 9 il, F. Quliyev is\u0259 8 il m\u00fcdd\u0259tin\u0259 azadl\u0131qdan m\u0259hrum edilib. oxu.az<\/p>\n","protected":false},"excerpt":{"rendered":"<p>\u0130smay\u0131ll\u0131 rayonunun sabiq prokuroru\u00a0\u00dclvi Abbasov\u00a0v\u0259 prokurorun\u00a0b\u00f6y\u00fck k\u00f6m\u0259k\u00e7isi\u00a0Faiq Quliyevin bar\u0259sind\u0259ki h\u00f6kmd\u0259n apellyasiya \u015fikay\u0259ti verilib. ARANTV.AZ\u00a0x\u0259b\u0259r verir ki, \u015fikay\u0259t bax\u0131lmas\u0131 \u00fc\u00e7\u00fcn \u015e\u0259ki Apellyasiya M\u0259hk\u0259m\u0259sin\u0259 g\u00f6nd\u0259rilib. T\u0259qsirl\u0259ndiril\u0259n \u015f\u0259xsl\u0259r bar\u0259l\u0259rind\u0259 b\u0259ra\u0259t h\u00f6km\u00fcn\u00fcn \u00e7\u0131xar\u0131lmas\u0131n\u0131 ist\u0259yirl\u0259r. M\u0259hk\u0259m\u0259nin ilkin bax\u0131\u015f iclas\u0131n\u0131n tarixi yax\u0131n g\u00fcnl\u0259rd\u0259 m\u0259lum olacaq. Qeyd ed\u0259k ki, \u015e\u0259ki A\u011f\u0131r Cinay\u0259tl\u0259r M\u0259hk\u0259m\u0259sinin h\u00f6km\u00fcn\u0259 \u0259sas\u0259n, \u00dc. Abbasov 9 il, F. Quliyev is\u0259 8 il m\u00fcdd\u0259tin\u0259 azadl\u0131qdan m\u0259hrum edilib. oxu.az<\/p>\n","protected":false},"author":2,"featured_media":24136,"comment_status":"closed","ping_status":"closed","sticky":false,"template":"","format":"standard","meta":{"om_disable_all_campaigns":false,"_monsterinsights_skip_tracking":false,"_monsterinsights_sitenote_active":false,"_monsterinsights_sitenote_note":"","_monsterinsights_sitenote_category":0},"categories":[5],"tags":[],"aioseo_notices":[],"gutentor_comment":0,"rttpg_featured_image_url":{"full":["https:\/\/arantv.az\/wp-content\/uploads\/2018\/11\/Clipboard01-1-2.jpg",620,410,false],"landscape":["https:\/\/arantv.az\/wp-content\/uploads\/2018\/11\/Clipboard01-1-2.jpg",620,410,false],"portraits":["https:\/\/arantv.az\/wp-content\/uploads\/2018\/11\/Clipboard01-1-2.jpg",620,410,false],"thumbnail":["https:\/\/arantv.az\/wp-content\/uploads\/2018\/11\/Clipboard01-1-2-150x150.jpg",150,150,true],"medium":["https:\/\/arantv.az\/wp-content\/uploads\/2018\/11\/Clipboard01-1-2-300x198.jpg",300,198,true],"large":["https:\/\/arantv.az\/wp-content\/uploads\/2018\/11\/Clipboard01-1-2.jpg",620,410,false],"1536x1536":["https:\/\/arantv.az\/wp-content\/uploads\/2018\/11\/Clipboard01-1-2.jpg",620,410,false],"2048x2048":["https:\/\/arantv.az\/wp-content\/uploads\/2018\/11\/Clipboard01-1-2.jpg",620,410,false],"post-thumbnail":["https:\/\/arantv.az\/wp-content\/uploads\/2018\/11\/Clipboard01-1-2-240x172.jpg",240,172,true],"advps-thumb-one":["https:\/\/arantv.az\/wp-content\/uploads\/2018\/11\/Clipboard01-1-2.jpg",620,410,false]},"rttpg_author":{"display_name":"V\u00fcsal Rafiqo\u011flu","author_link":"https:\/\/arantv.az\/?author=2"},"rttpg_comment":0,"rttpg_category":"<a href=\"https:\/\/arantv.az\/?cat=5\" rel=\"category\">Hadis\u0259<\/a>","rttpg_excerpt":"\u0130smay\u0131ll\u0131 rayonunun sabiq prokuroru\u00a0\u00dclvi Abbasov\u00a0v\u0259 prokurorun\u00a0b\u00f6y\u00fck k\u00f6m\u0259k\u00e7isi\u00a0Faiq Quliyevin bar\u0259sind\u0259ki h\u00f6kmd\u0259n apellyasiya \u015fikay\u0259ti verilib. ARANTV.AZ\u00a0x\u0259b\u0259r verir ki, \u015fikay\u0259t bax\u0131lmas\u0131 \u00fc\u00e7\u00fcn \u015e\u0259ki Apellyasiya M\u0259hk\u0259m\u0259sin\u0259 g\u00f6nd\u0259rilib. T\u0259qsirl\u0259ndiril\u0259n \u015f\u0259xsl\u0259r bar\u0259l\u0259rind\u0259 b\u0259ra\u0259t h\u00f6km\u00fcn\u00fcn \u00e7\u0131xar\u0131lmas\u0131n\u0131 ist\u0259yirl\u0259r. M\u0259hk\u0259m\u0259nin ilkin bax\u0131\u015f iclas\u0131n\u0131n tarixi yax\u0131n g\u00fcnl\u0259rd\u0259 m\u0259lum olacaq. Qeyd ed\u0259k ki, \u015e\u0259ki A\u011f\u0131r Cinay\u0259tl\u0259r M\u0259hk\u0259m\u0259sinin h\u00f6km\u00fcn\u0259 \u0259sas\u0259n, \u00dc. Abbasov 9 il, F. Quliyev is\u0259&hellip;","_links":{"self":[{"href":"https:\/\/arantv.az\/index.php?rest_route=\/wp\/v2\/posts\/24135"}],"collection":[{"href":"https:\/\/arantv.az\/index.php?rest_route=\/wp\/v2\/posts"}],"about":[{"href":"https:\/\/arantv.az\/index.php?rest_route=\/wp\/v2\/types\/post"}],"author":[{"embeddable":true,"href":"https:\/\/arantv.az\/index.php?rest_route=\/wp\/v2\/users\/2"}],"replies":[{"embeddable":true,"href":"https:\/\/arantv.az\/index.php?rest_route=%2Fwp%2Fv2%2Fcomments&post=24135"}],"version-history":[{"count":0,"href":"https:\/\/arantv.az\/index.php?rest_route=\/wp\/v2\/posts\/24135\/revisions"}],"wp:featuredmedia":[{"embeddable":true,"href":"https:\/\/arantv.az\/index.php?rest_route=\/wp\/v2\/media\/24136"}],"wp:attachment":[{"href":"https:\/\/arantv.az\/index.php?rest_route=%2Fwp%2Fv2%2Fmedia&parent=24135"}],"wp:term":[{"taxonomy":"category","embeddable":true,"href":"https:\/\/arantv.az\/index.php?rest_route=%2Fwp%2Fv2%2Fcategories&post=24135"},{"taxonomy":"post_tag","embeddable":true,"href":"https:\/\/arantv.az\/index.php?rest_route=%2Fwp%2Fv2%2Ftags&post=24135"}],"curies":[{"name":"wp","href":"https:\/\/api.w.org\/{rel}","templated":true}]}}