{"id":24146,"date":"2018-11-20T13:15:40","date_gmt":"2018-11-20T10:15:40","guid":{"rendered":"http:\/\/arantv.az\/?p=24146"},"modified":"2018-11-20T13:15:40","modified_gmt":"2018-11-20T10:15:40","slug":"prezidentl%c9%99r-bir-birin%c9%99-n%c9%99-bagislayib","status":"publish","type":"post","link":"https:\/\/arantv.az\/?p=24146","title":{"rendered":"Prezidentl\u0259r bir-birin\u0259 n\u0259 ba\u011f\u0131\u015flay\u0131b?"},"content":{"rendered":"<p>Belarus v\u0259 Az\u0259rbaycan prezidentl\u0259rinin bir g\u00fcn \u00f6nc\u0259 Minskd\u0259 ba\u015f tutmu\u015f g\u00f6r\u00fc\u015fl\u0259rinin yekunu olaraq bir s\u0131ra vacib s\u0259n\u0259dl\u0259r imzalan\u0131b.<\/p>\n<p><strong>ARANTV.AZ<\/strong>-\u0131n m\u0259lumat\u0131na g\u00f6r\u0259, \u201cSputnik Belarus\u201d sayt\u0131\u00a0<strong>\u0130lham \u018fliyev<\/strong>in Minsk\u0259 be\u015finci r\u0259smi s\u0259f\u0259rind\u0259n yaz\u0131b.<\/p>\n<p>M\u0259qal\u0259d\u0259 Belarus v\u0259 Az\u0259rbaycan prezidentl\u0259rinin uzunm\u00fcdd\u0259tli v\u0259 m\u00f6hk\u0259m dostluq \u0259laq\u0259l\u0259rinin oldu\u011fu qeyd edilib.<\/p>\n<div id=\"AdributorNativeVideo0\" class=\"AdributorNativeVideo\"><\/div>\n<p>R\u0259smi dan\u0131\u015f\u0131qlardan sonra prezidentl\u0259r bir-birin\u0259 h\u0259diyy\u0259l\u0259r ba\u011f\u0131\u015flay\u0131blar.\u00a0<strong>Aleksandr Luka\u015fenko\u00a0<\/strong>\u0130lham \u018fliyev\u0259 nar meyv\u0259l\u0259ri t\u0259svir edilmi\u015f nat\u00fcrmort v\u0259 \u201cSpad\u00e7\u0131na Belarusi\u201d adl\u0131 kitab h\u0259diyy\u0259 edib.<\/p>\n<p>\u0130lham \u018fliyev is\u0259 belaruslu h\u0259mkar\u0131na Az\u0259rbaycan xal\u00e7as\u0131 ba\u011f\u0131\u015flay\u0131b.<\/p>\n<p>oxu.az<\/p>\n","protected":false},"excerpt":{"rendered":"<p>Belarus v\u0259 Az\u0259rbaycan prezidentl\u0259rinin bir g\u00fcn \u00f6nc\u0259 Minskd\u0259 ba\u015f tutmu\u015f g\u00f6r\u00fc\u015fl\u0259rinin yekunu olaraq bir s\u0131ra vacib s\u0259n\u0259dl\u0259r imzalan\u0131b. ARANTV.AZ-\u0131n m\u0259lumat\u0131na g\u00f6r\u0259, \u201cSputnik Belarus\u201d sayt\u0131\u00a0\u0130lham \u018fliyevin Minsk\u0259 be\u015finci r\u0259smi s\u0259f\u0259rind\u0259n yaz\u0131b. M\u0259qal\u0259d\u0259 Belarus v\u0259 Az\u0259rbaycan prezidentl\u0259rinin uzunm\u00fcdd\u0259tli v\u0259 m\u00f6hk\u0259m dostluq \u0259laq\u0259l\u0259rinin oldu\u011fu qeyd edilib. R\u0259smi dan\u0131\u015f\u0131qlardan sonra prezidentl\u0259r bir-birin\u0259 h\u0259diyy\u0259l\u0259r ba\u011f\u0131\u015flay\u0131blar.\u00a0Aleksandr Luka\u015fenko\u00a0\u0130lham \u018fliyev\u0259 nar meyv\u0259l\u0259ri t\u0259svir edilmi\u015f nat\u00fcrmort v\u0259 \u201cSpad\u00e7\u0131na Belarusi\u201d adl\u0131 kitab h\u0259diyy\u0259 edib. \u0130lham \u018fliyev is\u0259 belaruslu h\u0259mkar\u0131na Az\u0259rbaycan xal\u00e7as\u0131 ba\u011f\u0131\u015flay\u0131b. oxu.az<\/p>\n","protected":false},"author":2,"featured_media":24147,"comment_status":"closed","ping_status":"closed","sticky":false,"template":"","format":"standard","meta":{"om_disable_all_campaigns":false,"_monsterinsights_skip_tracking":false,"_monsterinsights_sitenote_active":false,"_monsterinsights_sitenote_note":"","_monsterinsights_sitenote_category":0},"categories":[8],"tags":[],"aioseo_notices":[],"gutentor_comment":0,"rttpg_featured_image_url":{"full":["https:\/\/arantv.az\/wp-content\/uploads\/2018\/11\/2012-08-28T115453Z_1682644469_GM1E88S1J8Y01_RTRMADP_3_BELARUS.jpg",620,413,false],"landscape":["https:\/\/arantv.az\/wp-content\/uploads\/2018\/11\/2012-08-28T115453Z_1682644469_GM1E88S1J8Y01_RTRMADP_3_BELARUS.jpg",620,413,false],"portraits":["https:\/\/arantv.az\/wp-content\/uploads\/2018\/11\/2012-08-28T115453Z_1682644469_GM1E88S1J8Y01_RTRMADP_3_BELARUS.jpg",620,413,false],"thumbnail":["https:\/\/arantv.az\/wp-content\/uploads\/2018\/11\/2012-08-28T115453Z_1682644469_GM1E88S1J8Y01_RTRMADP_3_BELARUS-150x150.jpg",150,150,true],"medium":["https:\/\/arantv.az\/wp-content\/uploads\/2018\/11\/2012-08-28T115453Z_1682644469_GM1E88S1J8Y01_RTRMADP_3_BELARUS-300x200.jpg",300,200,true],"large":["https:\/\/arantv.az\/wp-content\/uploads\/2018\/11\/2012-08-28T115453Z_1682644469_GM1E88S1J8Y01_RTRMADP_3_BELARUS.jpg",620,413,false],"1536x1536":["https:\/\/arantv.az\/wp-content\/uploads\/2018\/11\/2012-08-28T115453Z_1682644469_GM1E88S1J8Y01_RTRMADP_3_BELARUS.jpg",620,413,false],"2048x2048":["https:\/\/arantv.az\/wp-content\/uploads\/2018\/11\/2012-08-28T115453Z_1682644469_GM1E88S1J8Y01_RTRMADP_3_BELARUS.jpg",620,413,false],"post-thumbnail":["https:\/\/arantv.az\/wp-content\/uploads\/2018\/11\/2012-08-28T115453Z_1682644469_GM1E88S1J8Y01_RTRMADP_3_BELARUS-240x172.jpg",240,172,true],"advps-thumb-one":["https:\/\/arantv.az\/wp-content\/uploads\/2018\/11\/2012-08-28T115453Z_1682644469_GM1E88S1J8Y01_RTRMADP_3_BELARUS.jpg",620,413,false]},"rttpg_author":{"display_name":"V\u00fcsal Rafiqo\u011flu","author_link":"https:\/\/arantv.az\/?author=2"},"rttpg_comment":0,"rttpg_category":"<a href=\"https:\/\/arantv.az\/?cat=8\" rel=\"category\">\u018fsas s\u0259hif\u0259<\/a>","rttpg_excerpt":"Belarus v\u0259 Az\u0259rbaycan prezidentl\u0259rinin bir g\u00fcn \u00f6nc\u0259 Minskd\u0259 ba\u015f tutmu\u015f g\u00f6r\u00fc\u015fl\u0259rinin yekunu olaraq bir s\u0131ra vacib s\u0259n\u0259dl\u0259r imzalan\u0131b. ARANTV.AZ-\u0131n m\u0259lumat\u0131na g\u00f6r\u0259, \u201cSputnik Belarus\u201d sayt\u0131\u00a0\u0130lham \u018fliyevin Minsk\u0259 be\u015finci r\u0259smi s\u0259f\u0259rind\u0259n yaz\u0131b. M\u0259qal\u0259d\u0259 Belarus v\u0259 Az\u0259rbaycan prezidentl\u0259rinin uzunm\u00fcdd\u0259tli v\u0259 m\u00f6hk\u0259m dostluq \u0259laq\u0259l\u0259rinin oldu\u011fu qeyd edilib. R\u0259smi dan\u0131\u015f\u0131qlardan sonra prezidentl\u0259r bir-birin\u0259 h\u0259diyy\u0259l\u0259r ba\u011f\u0131\u015flay\u0131blar.\u00a0Aleksandr Luka\u015fenko\u00a0\u0130lham \u018fliyev\u0259 nar meyv\u0259l\u0259ri t\u0259svir&hellip;","_links":{"self":[{"href":"https:\/\/arantv.az\/index.php?rest_route=\/wp\/v2\/posts\/24146"}],"collection":[{"href":"https:\/\/arantv.az\/index.php?rest_route=\/wp\/v2\/posts"}],"about":[{"href":"https:\/\/arantv.az\/index.php?rest_route=\/wp\/v2\/types\/post"}],"author":[{"embeddable":true,"href":"https:\/\/arantv.az\/index.php?rest_route=\/wp\/v2\/users\/2"}],"replies":[{"embeddable":true,"href":"https:\/\/arantv.az\/index.php?rest_route=%2Fwp%2Fv2%2Fcomments&post=24146"}],"version-history":[{"count":0,"href":"https:\/\/arantv.az\/index.php?rest_route=\/wp\/v2\/posts\/24146\/revisions"}],"wp:featuredmedia":[{"embeddable":true,"href":"https:\/\/arantv.az\/index.php?rest_route=\/wp\/v2\/media\/24147"}],"wp:attachment":[{"href":"https:\/\/arantv.az\/index.php?rest_route=%2Fwp%2Fv2%2Fmedia&parent=24146"}],"wp:term":[{"taxonomy":"category","embeddable":true,"href":"https:\/\/arantv.az\/index.php?rest_route=%2Fwp%2Fv2%2Fcategories&post=24146"},{"taxonomy":"post_tag","embeddable":true,"href":"https:\/\/arantv.az\/index.php?rest_route=%2Fwp%2Fv2%2Ftags&post=24146"}],"curies":[{"name":"wp","href":"https:\/\/api.w.org\/{rel}","templated":true}]}}