{"id":24152,"date":"2018-11-20T13:17:48","date_gmt":"2018-11-20T10:17:48","guid":{"rendered":"http:\/\/arantv.az\/?p=24152"},"modified":"2018-11-20T13:17:48","modified_gmt":"2018-11-20T10:17:48","slug":"ilham-%c9%99liyev-bir-sira-gorusl%c9%99r-kecirib-yenil%c9%99nib-foto","status":"publish","type":"post","link":"https:\/\/arantv.az\/?p=24152","title":{"rendered":"\u0130lham \u018fliyev bir s\u0131ra g\u00f6r\u00fc\u015fl\u0259r ke\u00e7irib &#8211; YEN\u0130L\u018fN\u0130B + FOTO"},"content":{"rendered":"<p>Az\u0259rbaycan Respublikas\u0131n\u0131n Prezidenti\u00a0<strong>\u0130lham \u018fliyev<\/strong>\u00a0noyabr\u0131n 20-d\u0259 Rusiya Federasiyas\u0131n\u0131n Jurnalistl\u0259r \u0130ttifaq\u0131n\u0131n s\u0259dri\u00a0<strong>Vladimir Solovyovu<\/strong>q\u0259bul edib.<\/p>\n<p><b>ARANTV.AZ\u00a0<\/b>x\u0259b\u0259r verir ki, d\u00f6vl\u0259t ba\u015f\u00e7\u0131s\u0131 Az\u0259rbaycan il\u0259 Rusiya aras\u0131nda dig\u0259r sah\u0259l\u0259rd\u0259 oldu\u011fu kimi, k\u00fctl\u0259vi informasiya vasit\u0259l\u0259ri n\u00fcmay\u0259nd\u0259l\u0259rinin aras\u0131nda da \u0259n\u0259n\u0259vi olaraq u\u011furlu \u0259m\u0259kda\u015fl\u0131q h\u0259yata ke\u00e7irildiyini bildirib, eyni zamanda, bu sah\u0259d\u0259 \u0259laq\u0259l\u0259rin daha da f\u0259alla\u015fd\u0131r\u0131lmas\u0131n\u0131n vacibliyini qeyd edib.<\/p>\n<p>Bu bax\u0131mdan Prezident \u0130lham \u018fliyev bildirib ki, Az\u0259rbaycan Respublikas\u0131 v\u0259 Rusiya Federasiyas\u0131 K\u0130V n\u00fcmay\u0259nd\u0259l\u0259rinin m\u00fct\u0259madi qar\u015f\u0131l\u0131ql\u0131 s\u0259f\u0259rl\u0259ri ictimaiyy\u0259tin \u00f6lk\u0259l\u0259rimizd\u0259 ba\u015f ver\u0259n prosesl\u0259r bar\u0259d\u0259 daha \u00e7ox m\u0259lumatl\u0131 olmas\u0131 i\u015fin\u0259 k\u00f6m\u0259k ed\u0259 bil\u0259r.<\/p>\n<div id=\"AdributorNativeVideo0\" class=\"AdributorNativeVideo\"><\/div>\n<p>Eyni zamanda, d\u00f6vl\u0259t ba\u015f\u00e7\u0131s\u0131 qeyd edib ki, bu c\u00fcr s\u0259f\u0259rl\u0259r \u00f6lk\u0259l\u0259rimiz aras\u0131nda bu g\u00fcn \u00e7ox u\u011furla inki\u015faf ed\u0259n ikit\u0259r\u0259fli m\u00fcnasib\u0259tl\u0259rin daha da geni\u015fl\u0259ndirilm\u0259si bax\u0131m\u0131ndan da \u00f6n\u0259mlidir.<\/p>\n<p>Prezident \u0130lham \u018fliyev \u0259laq\u0259l\u0259rimizin m\u00f6hk\u0259ml\u0259nm\u0259sind\u0259 Az\u0259rbaycan\u0131n v\u0259 Rusiyan\u0131n d\u00f6vl\u0259t ba\u015f\u00e7\u0131lar\u0131n\u0131n qar\u015f\u0131l\u0131ql\u0131 s\u0259f\u0259rl\u0259ri v\u0259 m\u00fct\u0259madi g\u00f6r\u00fc\u015fl\u0259rinin x\u00fcsusi rol oynad\u0131\u011f\u0131n\u0131 qeyd edib. D\u00f6vl\u0259t ba\u015f\u00e7\u0131s\u0131 Vladimir Solovyovun s\u0259f\u0259rinin jurnalistika sah\u0259sind\u0259 \u0259m\u0259kda\u015fl\u0131\u011f\u0131n m\u00f6hk\u0259ml\u0259nm\u0259si i\u015fin\u0259 \u00f6z t\u00f6hf\u0259sini ver\u0259c\u0259yin\u0259 \u0259minliyini ifad\u0259 edib.<\/p>\n<p>Rusiya Federasiyas\u0131n\u0131n Jurnalistl\u0259r \u0130ttifaq\u0131n\u0131n s\u0259dri Vladimir Solovyov Prezident \u0130lham \u018fliyevl\u0259 g\u00f6r\u00fc\u015f\u00fcnd\u0259n d\u0259rin m\u0259mnunluq hissi ke\u00e7irdiyini bildirib. O qeyd edib ki, bu g\u00fcn Az\u0259rbaycan il\u0259 Rusiya aras\u0131nda ikit\u0259r\u0259fli \u0259laq\u0259l\u0259r u\u011furla inki\u015faf edir v\u0259 \u00e7ox y\u00fcks\u0259k s\u0259viyy\u0259d\u0259dir.<\/p>\n<p>Qonaq Az\u0259rbaycanda Rusiya m\u0259d\u0259niyy\u0259tin\u0259, m\u0259tbuat\u0131na b\u00f6y\u00fck h\u00f6rm\u0259tl\u0259 yana\u015f\u0131ld\u0131\u011f\u0131n\u0131 qeyd ed\u0259r\u0259k, m\u0259mnunluq hissi il\u0259 \u00f6lk\u0259mizd\u0259 b\u00fct\u00fcn Rusiya televiziya kanallar\u0131n\u0131n yay\u0131mland\u0131\u011f\u0131n\u0131 bildirib. O, Rusiya jurnalistl\u0259rinin az\u0259rbaycanl\u0131 h\u0259mkarlar\u0131 il\u0259 daim qar\u015f\u0131l\u0131ql\u0131 \u0259laq\u0259l\u0259r saxlamaq ist\u0259yind\u0259 olduqlar\u0131n\u0131 deyib. Vladimir Solovyov bu bax\u0131mdan noyabr\u0131n 19-da Az\u0259rbaycan M\u0259tbuat \u015euras\u0131 v\u0259 Rusiya Federasiyas\u0131 Jurnalistl\u0259r \u0130ttifaq\u0131 aras\u0131nda imzalanm\u0131\u015f \u0259m\u0259kda\u015fl\u0131q haqq\u0131nda Memorandumun \u0259h\u0259miyy\u0259tini vur\u011fulay\u0131b.<\/p>\n<p><img src=\"https:\/\/assets.oxu.az\/uploads\/W1siZiIsIjIwMTgvMTEvMjAvMTMvNTcvNTUvNjE0MjZlNTgtMjdjYS00MGFlLWE1MjYtMDRlNmU4NmUxOWY0LzcwYjY2OTNhLTliOTEtNDUzOC04NmIxLTI3MDdjYzVhNjliMS5qcGciXSxbInAiLCJlbmNvZGUiLCJqcGciLCItcXVhbGl0eSA4MCJdLFsicCIsInRodW1iIiwiNTkweDU5MFx1MDAzZSJdXQ?sha=4e87e35ed291046a\" \/><img src=\"https:\/\/assets.oxu.az\/uploads\/W1siZiIsIjIwMTgvMTEvMjAvMTMvNTcvNTUvZDQwY2QwNTctNDQxNS00YTk0LWExN2YtNTcxZTYwMDZlNzk4L2I5YzNiMTdhLWYzMjUtNDUzNC05ZjhlLTYwZTQ2ZmUzMzg3ZS5qcGciXSxbInAiLCJlbmNvZGUiLCJqcGciLCItcXVhbGl0eSA4MCJdLFsicCIsInRodW1iIiwiNTkweDU5MFx1MDAzZSJdXQ?sha=051e7886ab4e61e7\" \/><\/p>\n<p><em><strong>13:16<\/strong><\/em><\/p>\n<p>Az\u0259rbaycan Respublikas\u0131n\u0131n Prezidenti\u00a0<strong>\u0130lham \u018fliyev<\/strong>\u00a0noyabr\u0131n 20-d\u0259 T\u00fcrkiy\u0259 Respublikas\u0131 Silahl\u0131 Q\u00fcvv\u0259l\u0259rinin Ba\u015f Q\u0259rargah r\u0259isi, ordu general\u0131\u00a0<strong>Ya\u015far G\u00fcler<\/strong>in r\u0259hb\u0259rlik etdiyi n\u00fcmay\u0259nd\u0259 hey\u0259tini q\u0259bul edib.<\/p>\n<p><b>ARANTV.AZ\u00a0<\/b>x\u0259b\u0259r verir ki, d\u00f6vl\u0259t ba\u015f\u00e7\u0131s\u0131 Az\u0259rbaycan il\u0259 T\u00fcrkiy\u0259 aras\u0131nda dostluq v\u0259 qarda\u015fl\u0131q m\u00fcnasib\u0259tl\u0259rinin b\u00fct\u00fcn sah\u0259l\u0259rd\u0259, o c\u00fcml\u0259d\u0259n h\u0259rbi sah\u0259d\u0259 u\u011furla inki\u015faf etdiyini vur\u011fulayaraq \u00f6lk\u0259l\u0259rimizin d\u00f6vl\u0259t ba\u015f\u00e7\u0131lar\u0131 aras\u0131nda m\u00fcnt\u0259z\u0259m g\u00f6r\u00fc\u015fl\u0259rin \u0259laq\u0259l\u0259rimizin m\u00f6hk\u0259ml\u0259nm\u0259sind\u0259 x\u00fcsusi rol oynad\u0131\u011f\u0131n\u0131 qeyd edib v\u0259 bu g\u00f6r\u00fc\u015fl\u0259rin \u00f6lk\u0259l\u0259rimizi bir-birin\u0259 daha da yax\u0131n etdiyini bildirib.<\/p>\n<p>Prezident \u0130lham \u018fliyev bildirib ki, bu il Bak\u0131da T\u00fcrkiy\u0259 zabitl\u0259rinin d\u0259 i\u015ftirak etdiyi iki h\u0259rbi parad\u0131n ke\u00e7irilm\u0259si, x\u00fcsusil\u0259 Bak\u0131n\u0131n i\u015f\u011faldan azad edilm\u0259si il\u0259 ba\u011fl\u0131 t\u0259\u015fkil edilmi\u015f h\u0259rbi parad b\u00fct\u00fcn d\u00fcnyada b\u00f6y\u00fck maraqla izl\u0259nilib v\u0259 bu t\u0259dbirl\u0259r bir daha T\u00fcrkiy\u0259-Az\u0259rbaycan birliyini n\u00fcmayi\u015f etdirib. D\u00f6vl\u0259t ba\u015f\u00e7\u0131s\u0131 h\u0259rbi sah\u0259d\u0259 \u0259m\u0259kda\u015fl\u0131\u011f\u0131m\u0131z\u0131n geni\u015fl\u0259nm\u0259sind\u0259 Az\u0259rbaycan il\u0259 T\u00fcrkiy\u0259nin birg\u0259 h\u0259rbi t\u0259liml\u0259rinin b\u00f6y\u00fck \u00f6n\u0259m da\u015f\u0131d\u0131\u011f\u0131n\u0131 bildirib.<\/p>\n<p>Prezident \u0130lham \u018fliyev T\u00fcrkiy\u0259 Respublikas\u0131 Silahl\u0131 Q\u00fcvv\u0259l\u0259rinin Ba\u015f Q\u0259rargah r\u0259isi, ordu general\u0131 Ya\u015far G\u00fclerin s\u0259f\u0259rinin ikit\u0259r\u0259fli m\u00fcnasib\u0259tl\u0259rimizin daha da inki\u015faf etdirilm\u0259si i\u015fin\u0259 \u00f6z t\u00f6hf\u0259sini ver\u0259c\u0259yin\u0259 \u0259minliyini ifad\u0259 edib.<\/p>\n<p>T\u00fcrkiy\u0259 Respublikas\u0131 Silahl\u0131 Q\u00fcvv\u0259l\u0259rinin Ba\u015f Q\u0259rargah r\u0259isi, ordu general\u0131 Ya\u015far G\u00fcler Az\u0259rbaycana s\u0259f\u0259rind\u0259n v\u0259 Prezident \u0130lham \u018fliyevl\u0259 g\u00f6r\u00fc\u015fd\u0259n b\u00f6y\u00fck qurur hissi ke\u00e7irdiyini bildirib. Ya\u015far G\u00fcler qeyd edib ki, bir mill\u0259t, iki d\u00f6vl\u0259t olan T\u00fcrkiy\u0259 il\u0259 Az\u0259rbaycan ortaq tarix\u0259, m\u0259d\u0259niyy\u0259t\u0259 malikdirl\u0259r v\u0259 \u00f6lk\u0259l\u0259rimiz aras\u0131nda strateji i\u015f birliyi g\u00fcnd\u0259n-g\u00fcn\u0259 m\u00f6hk\u0259ml\u0259nm\u0259kd\u0259dir.<\/p>\n<p>O, bir daha Az\u0259rbaycan Xalq C\u00fcmhuriyy\u0259tinin qurulmas\u0131n\u0131n 100 illik yubileyi m\u00fcnasib\u0259til\u0259 d\u00f6vl\u0259t ba\u015f\u00e7\u0131s\u0131n\u0131 t\u0259brik edib v\u0259 bu \u0259lam\u0259tdar hadis\u0259d\u0259n T\u00fcrkiy\u0259nin d\u0259 q\u00fcrur hissi ke\u00e7irdiyini vur\u011fulay\u0131b. Ya\u015far G\u00fcler Az\u0259rbaycan\u0131n g\u0259l\u0259c\u0259kd\u0259 d\u0259 b\u00f6y\u00fck inki\u015fafa nail olaca\u011f\u0131na \u0259minliyi ifad\u0259 edib. Erm\u0259nistan-Az\u0259rbaycan Da\u011fl\u0131q Qaraba\u011f m\u00fcnaqi\u015f\u0259sin\u0259 toxunan Ya\u015far G\u00fcler qeyd edib ki, bu, Az\u0259rbaycan \u00fc\u00e7\u00fcn \u00f6n\u0259mli oldu\u011fu q\u0259d\u0259r T\u00fcrkiy\u0259 \u00fc\u00e7\u00fcn d\u0259 \u00f6n\u0259mli m\u0259s\u0259l\u0259dir.<\/p>\n<p>S\u00f6hb\u0259t zaman\u0131 noyabr\u0131n 21-d\u0259 Bak\u0131da ke\u00e7iril\u0259c\u0259k Az\u0259rbaycan-T\u00fcrkiy\u0259-G\u00fcrc\u00fcstan ordu r\u0259hb\u0259rl\u0259rinin g\u00f6r\u00fc\u015f\u00fcn\u00fcn \u0259m\u0259kda\u015fl\u0131\u011f\u0131n geni\u015fl\u0259nm\u0259si bax\u0131m\u0131ndan \u00f6n\u0259mi qeyd edilib.<\/p>\n<p>Sonda T\u00fcrkiy\u0259 Respublikas\u0131 Silahl\u0131 Q\u00fcvv\u0259l\u0259rinin Ba\u015f Q\u0259rargah r\u0259isi, ordu general\u0131 Ya\u015far G\u00fcler d\u00f6vl\u0259t ba\u015f\u00e7\u0131s\u0131na xatir\u0259 h\u0259diyy\u0259si t\u0259qdim edib.<\/p>\n<p><img src=\"https:\/\/assets.oxu.az\/uploads\/W1siZiIsIjIwMTgvMTEvMjAvMTMvNTUvMzkvYTNhNWEzMjgtNzE0NC00ZWRmLTlhNGUtYjM0ZDU5YmZiNzljLzEuanBnIl0sWyJwIiwiZW5jb2RlIiwianBnIiwiLXF1YWxpdHkgODAiXSxbInAiLCJ0aHVtYiIsIjU5MHg1OTBcdTAwM2UiXV0?sha=62c6ad16c01d5594\" \/><img src=\"https:\/\/assets.oxu.az\/uploads\/W1siZiIsIjIwMTgvMTEvMjAvMTMvNTUvMzkvYWIyMTM4NjAtOTVkZi00OWY4LWIxNmMtNGVmNDA5Nzk4NmM2LzIuanBnIl0sWyJwIiwiZW5jb2RlIiwianBnIiwiLXF1YWxpdHkgODAiXSxbInAiLCJ0aHVtYiIsIjU5MHg1OTBcdTAwM2UiXV0?sha=f24c949106031dd7\" \/><img src=\"https:\/\/assets.oxu.az\/uploads\/W1siZiIsIjIwMTgvMTEvMjAvMTMvNTUvNDAvOTYxOGVhNjItNzQxNy00MDMwLTg3NjktNzE4NzFjZjU1OTFlLzMuanBnIl0sWyJwIiwiZW5jb2RlIiwianBnIiwiLXF1YWxpdHkgODAiXSxbInAiLCJ0aHVtYiIsIjU5MHg1OTBcdTAwM2UiXV0?sha=1a495bae7c7f9f24\" \/><\/p>\n<p><b>oxu.az<\/b><\/p>\n","protected":false},"excerpt":{"rendered":"<p>Az\u0259rbaycan Respublikas\u0131n\u0131n Prezidenti\u00a0\u0130lham \u018fliyev\u00a0noyabr\u0131n 20-d\u0259 Rusiya Federasiyas\u0131n\u0131n Jurnalistl\u0259r \u0130ttifaq\u0131n\u0131n s\u0259dri\u00a0Vladimir Solovyovuq\u0259bul edib. ARANTV.AZ\u00a0x\u0259b\u0259r verir ki, d\u00f6vl\u0259t ba\u015f\u00e7\u0131s\u0131 Az\u0259rbaycan il\u0259 Rusiya aras\u0131nda dig\u0259r sah\u0259l\u0259rd\u0259 oldu\u011fu kimi, k\u00fctl\u0259vi informasiya vasit\u0259l\u0259ri n\u00fcmay\u0259nd\u0259l\u0259rinin aras\u0131nda da \u0259n\u0259n\u0259vi olaraq u\u011furlu \u0259m\u0259kda\u015fl\u0131q h\u0259yata ke\u00e7irildiyini bildirib, eyni zamanda, bu sah\u0259d\u0259 \u0259laq\u0259l\u0259rin daha da f\u0259alla\u015fd\u0131r\u0131lmas\u0131n\u0131n vacibliyini qeyd edib. Bu bax\u0131mdan Prezident \u0130lham \u018fliyev bildirib ki, Az\u0259rbaycan Respublikas\u0131 v\u0259 Rusiya Federasiyas\u0131 K\u0130V n\u00fcmay\u0259nd\u0259l\u0259rinin m\u00fct\u0259madi qar\u015f\u0131l\u0131ql\u0131 s\u0259f\u0259rl\u0259ri ictimaiyy\u0259tin \u00f6lk\u0259l\u0259rimizd\u0259 ba\u015f ver\u0259n prosesl\u0259r bar\u0259d\u0259 daha \u00e7ox m\u0259lumatl\u0131 olmas\u0131 i\u015fin\u0259 k\u00f6m\u0259k ed\u0259 bil\u0259r. Eyni zamanda, d\u00f6vl\u0259t ba\u015f\u00e7\u0131s\u0131 qeyd edib ki, bu c\u00fcr s\u0259f\u0259rl\u0259r&hellip;<\/p>\n","protected":false},"author":2,"featured_media":24153,"comment_status":"closed","ping_status":"closed","sticky":false,"template":"","format":"standard","meta":{"om_disable_all_campaigns":false,"_monsterinsights_skip_tracking":false,"_monsterinsights_sitenote_active":false,"_monsterinsights_sitenote_note":"","_monsterinsights_sitenote_category":0},"categories":[8],"tags":[],"aioseo_notices":[],"gutentor_comment":0,"rttpg_featured_image_url":{"full":["https:\/\/arantv.az\/wp-content\/uploads\/2018\/11\/2.jpg",612,465,false],"landscape":["https:\/\/arantv.az\/wp-content\/uploads\/2018\/11\/2.jpg",612,465,false],"portraits":["https:\/\/arantv.az\/wp-content\/uploads\/2018\/11\/2.jpg",612,465,false],"thumbnail":["https:\/\/arantv.az\/wp-content\/uploads\/2018\/11\/2-150x150.jpg",150,150,true],"medium":["https:\/\/arantv.az\/wp-content\/uploads\/2018\/11\/2-300x228.jpg",300,228,true],"large":["https:\/\/arantv.az\/wp-content\/uploads\/2018\/11\/2.jpg",612,465,false],"1536x1536":["https:\/\/arantv.az\/wp-content\/uploads\/2018\/11\/2.jpg",612,465,false],"2048x2048":["https:\/\/arantv.az\/wp-content\/uploads\/2018\/11\/2.jpg",612,465,false],"post-thumbnail":["https:\/\/arantv.az\/wp-content\/uploads\/2018\/11\/2-240x172.jpg",240,172,true],"advps-thumb-one":["https:\/\/arantv.az\/wp-content\/uploads\/2018\/11\/2.jpg",612,465,false]},"rttpg_author":{"display_name":"V\u00fcsal Rafiqo\u011flu","author_link":"https:\/\/arantv.az\/?author=2"},"rttpg_comment":0,"rttpg_category":"<a href=\"https:\/\/arantv.az\/?cat=8\" rel=\"category\">\u018fsas s\u0259hif\u0259<\/a>","rttpg_excerpt":"Az\u0259rbaycan Respublikas\u0131n\u0131n Prezidenti\u00a0\u0130lham \u018fliyev\u00a0noyabr\u0131n 20-d\u0259 Rusiya Federasiyas\u0131n\u0131n Jurnalistl\u0259r \u0130ttifaq\u0131n\u0131n s\u0259dri\u00a0Vladimir Solovyovuq\u0259bul edib. ARANTV.AZ\u00a0x\u0259b\u0259r verir ki, d\u00f6vl\u0259t ba\u015f\u00e7\u0131s\u0131 Az\u0259rbaycan il\u0259 Rusiya aras\u0131nda dig\u0259r sah\u0259l\u0259rd\u0259 oldu\u011fu kimi, k\u00fctl\u0259vi informasiya vasit\u0259l\u0259ri n\u00fcmay\u0259nd\u0259l\u0259rinin aras\u0131nda da \u0259n\u0259n\u0259vi olaraq u\u011furlu \u0259m\u0259kda\u015fl\u0131q h\u0259yata ke\u00e7irildiyini bildirib, eyni zamanda, bu sah\u0259d\u0259 \u0259laq\u0259l\u0259rin daha da f\u0259alla\u015fd\u0131r\u0131lmas\u0131n\u0131n vacibliyini qeyd edib. Bu bax\u0131mdan Prezident \u0130lham \u018fliyev bildirib&hellip;","_links":{"self":[{"href":"https:\/\/arantv.az\/index.php?rest_route=\/wp\/v2\/posts\/24152"}],"collection":[{"href":"https:\/\/arantv.az\/index.php?rest_route=\/wp\/v2\/posts"}],"about":[{"href":"https:\/\/arantv.az\/index.php?rest_route=\/wp\/v2\/types\/post"}],"author":[{"embeddable":true,"href":"https:\/\/arantv.az\/index.php?rest_route=\/wp\/v2\/users\/2"}],"replies":[{"embeddable":true,"href":"https:\/\/arantv.az\/index.php?rest_route=%2Fwp%2Fv2%2Fcomments&post=24152"}],"version-history":[{"count":0,"href":"https:\/\/arantv.az\/index.php?rest_route=\/wp\/v2\/posts\/24152\/revisions"}],"wp:featuredmedia":[{"embeddable":true,"href":"https:\/\/arantv.az\/index.php?rest_route=\/wp\/v2\/media\/24153"}],"wp:attachment":[{"href":"https:\/\/arantv.az\/index.php?rest_route=%2Fwp%2Fv2%2Fmedia&parent=24152"}],"wp:term":[{"taxonomy":"category","embeddable":true,"href":"https:\/\/arantv.az\/index.php?rest_route=%2Fwp%2Fv2%2Fcategories&post=24152"},{"taxonomy":"post_tag","embeddable":true,"href":"https:\/\/arantv.az\/index.php?rest_route=%2Fwp%2Fv2%2Ftags&post=24152"}],"curies":[{"name":"wp","href":"https:\/\/api.w.org\/{rel}","templated":true}]}}