{"id":24206,"date":"2018-11-20T16:12:21","date_gmt":"2018-11-20T13:12:21","guid":{"rendered":"http:\/\/arantv.az\/?p=24206"},"modified":"2018-11-20T16:12:21","modified_gmt":"2018-11-20T13:12:21","slug":"az%c9%99rbaycanli-rusv%c9%99t-verdi-rusiyali-prokuror-isd%c9%99n-qovuldu","status":"publish","type":"post","link":"https:\/\/arantv.az\/?p=24206","title":{"rendered":"Az\u0259rbaycanl\u0131 r\u00fc\u015fv\u0259t verdi, rusiyal\u0131 prokuror i\u015fd\u0259n qovuldu"},"content":{"rendered":"<p>Rusiyan\u0131n ba\u015f prokuroru\u00a0<strong>Yuri \u00c7ayka<\/strong>\u00a0Sankt-Peterburqun Moskva rayon prokuroru\u00a0<strong>Vladimir Rebo<\/strong>nu i\u015fd\u0259n azad edib.<\/p>\n<p><b>ARANTV.AZ <\/b>oxu.az-a istinad\u0259n x\u0259b\u0259r verir ki, 2010-cu ild\u0259n bu v\u0259zif\u0259ni icra ed\u0259n prokurorun i\u015fd\u0259n azad edilm\u0259sin\u0259\u00a0s\u0259b\u0259b onun v\u0259zif\u0259 s\u0259lahiyy\u0259tl\u0259rind\u0259n sui-istifad\u0259 etm\u0259si olub.<\/p>\n<p>Prokuror Rebonun i\u015fd\u0259n azad edilm\u0259si az\u0259rbaycanl\u0131n\u0131n r\u00fc\u015fv\u0259t verm\u0259si epizodu il\u0259 ba\u011fl\u0131d\u0131r. Bel\u0259 ki, Moskva rayonunda d\u0259l\u0259duzluqda ittiham olunan Az\u0259rbaycan sakini tutulub. \u0130stintaq hesab edir ki, o, rayon prokurorlu\u011funun apard\u0131\u011f\u0131 yoxlama zaman\u0131\u00a095 min avro r\u00fc\u015fv\u0259t verib.<\/p>\n<p>Qeyd ed\u0259k ki, Sankt-Peterburqda \u0259n n\u00fcfuzlu rayon prokurorlar\u0131ndan hesab olunan Vladimir Rebonun \u0259misi Mixail Rebo Almaniyadak\u0131 y\u0259hudi icmas\u0131n\u0131n r\u0259hb\u0259rl\u0259rind\u0259n biridir. Onun Avropan\u0131n b\u00f6y\u00fck mafiya qruplar\u0131 il\u0259 d\u0259 \u0259laq\u0259sinin oldu\u011fu bildirilir.<\/p>\n","protected":false},"excerpt":{"rendered":"<p>Rusiyan\u0131n ba\u015f prokuroru\u00a0Yuri \u00c7ayka\u00a0Sankt-Peterburqun Moskva rayon prokuroru\u00a0Vladimir Rebonu i\u015fd\u0259n azad edib. ARANTV.AZ oxu.az-a istinad\u0259n x\u0259b\u0259r verir ki, 2010-cu ild\u0259n bu v\u0259zif\u0259ni icra ed\u0259n prokurorun i\u015fd\u0259n azad edilm\u0259sin\u0259\u00a0s\u0259b\u0259b onun v\u0259zif\u0259 s\u0259lahiyy\u0259tl\u0259rind\u0259n sui-istifad\u0259 etm\u0259si olub. Prokuror Rebonun i\u015fd\u0259n azad edilm\u0259si az\u0259rbaycanl\u0131n\u0131n r\u00fc\u015fv\u0259t verm\u0259si epizodu il\u0259 ba\u011fl\u0131d\u0131r. Bel\u0259 ki, Moskva rayonunda d\u0259l\u0259duzluqda ittiham olunan Az\u0259rbaycan sakini tutulub. \u0130stintaq hesab edir ki, o, rayon prokurorlu\u011funun apard\u0131\u011f\u0131 yoxlama zaman\u0131\u00a095 min avro r\u00fc\u015fv\u0259t verib. Qeyd ed\u0259k ki, Sankt-Peterburqda \u0259n n\u00fcfuzlu rayon prokurorlar\u0131ndan hesab olunan Vladimir Rebonun \u0259misi Mixail Rebo Almaniyadak\u0131 y\u0259hudi icmas\u0131n\u0131n r\u0259hb\u0259rl\u0259rind\u0259n biridir. Onun Avropan\u0131n&hellip;<\/p>\n","protected":false},"author":2,"featured_media":24207,"comment_status":"closed","ping_status":"closed","sticky":false,"template":"","format":"standard","meta":{"om_disable_all_campaigns":false,"_monsterinsights_skip_tracking":false,"_monsterinsights_sitenote_active":false,"_monsterinsights_sitenote_note":"","_monsterinsights_sitenote_category":0},"categories":[1],"tags":[],"aioseo_notices":[],"gutentor_comment":0,"rttpg_featured_image_url":{"full":["https:\/\/arantv.az\/wp-content\/uploads\/2018\/11\/Clipboard02-2.jpg",620,445,false],"landscape":["https:\/\/arantv.az\/wp-content\/uploads\/2018\/11\/Clipboard02-2.jpg",620,445,false],"portraits":["https:\/\/arantv.az\/wp-content\/uploads\/2018\/11\/Clipboard02-2.jpg",620,445,false],"thumbnail":["https:\/\/arantv.az\/wp-content\/uploads\/2018\/11\/Clipboard02-2-150x150.jpg",150,150,true],"medium":["https:\/\/arantv.az\/wp-content\/uploads\/2018\/11\/Clipboard02-2-300x215.jpg",300,215,true],"large":["https:\/\/arantv.az\/wp-content\/uploads\/2018\/11\/Clipboard02-2.jpg",620,445,false],"1536x1536":["https:\/\/arantv.az\/wp-content\/uploads\/2018\/11\/Clipboard02-2.jpg",620,445,false],"2048x2048":["https:\/\/arantv.az\/wp-content\/uploads\/2018\/11\/Clipboard02-2.jpg",620,445,false],"post-thumbnail":["https:\/\/arantv.az\/wp-content\/uploads\/2018\/11\/Clipboard02-2-240x172.jpg",240,172,true],"advps-thumb-one":["https:\/\/arantv.az\/wp-content\/uploads\/2018\/11\/Clipboard02-2.jpg",620,445,false]},"rttpg_author":{"display_name":"V\u00fcsal Rafiqo\u011flu","author_link":"https:\/\/arantv.az\/?author=2"},"rttpg_comment":0,"rttpg_category":"<a href=\"https:\/\/arantv.az\/?cat=1\" rel=\"category\">C\u0259miyy\u0259t<\/a>","rttpg_excerpt":"Rusiyan\u0131n ba\u015f prokuroru\u00a0Yuri \u00c7ayka\u00a0Sankt-Peterburqun Moskva rayon prokuroru\u00a0Vladimir Rebonu i\u015fd\u0259n azad edib. ARANTV.AZ oxu.az-a istinad\u0259n x\u0259b\u0259r verir ki, 2010-cu ild\u0259n bu v\u0259zif\u0259ni icra ed\u0259n prokurorun i\u015fd\u0259n azad edilm\u0259sin\u0259\u00a0s\u0259b\u0259b onun v\u0259zif\u0259 s\u0259lahiyy\u0259tl\u0259rind\u0259n sui-istifad\u0259 etm\u0259si olub. Prokuror Rebonun i\u015fd\u0259n azad edilm\u0259si az\u0259rbaycanl\u0131n\u0131n r\u00fc\u015fv\u0259t verm\u0259si epizodu il\u0259 ba\u011fl\u0131d\u0131r. Bel\u0259 ki, Moskva rayonunda d\u0259l\u0259duzluqda ittiham olunan Az\u0259rbaycan sakini tutulub. \u0130stintaq&hellip;","_links":{"self":[{"href":"https:\/\/arantv.az\/index.php?rest_route=\/wp\/v2\/posts\/24206"}],"collection":[{"href":"https:\/\/arantv.az\/index.php?rest_route=\/wp\/v2\/posts"}],"about":[{"href":"https:\/\/arantv.az\/index.php?rest_route=\/wp\/v2\/types\/post"}],"author":[{"embeddable":true,"href":"https:\/\/arantv.az\/index.php?rest_route=\/wp\/v2\/users\/2"}],"replies":[{"embeddable":true,"href":"https:\/\/arantv.az\/index.php?rest_route=%2Fwp%2Fv2%2Fcomments&post=24206"}],"version-history":[{"count":0,"href":"https:\/\/arantv.az\/index.php?rest_route=\/wp\/v2\/posts\/24206\/revisions"}],"wp:featuredmedia":[{"embeddable":true,"href":"https:\/\/arantv.az\/index.php?rest_route=\/wp\/v2\/media\/24207"}],"wp:attachment":[{"href":"https:\/\/arantv.az\/index.php?rest_route=%2Fwp%2Fv2%2Fmedia&parent=24206"}],"wp:term":[{"taxonomy":"category","embeddable":true,"href":"https:\/\/arantv.az\/index.php?rest_route=%2Fwp%2Fv2%2Fcategories&post=24206"},{"taxonomy":"post_tag","embeddable":true,"href":"https:\/\/arantv.az\/index.php?rest_route=%2Fwp%2Fv2%2Ftags&post=24206"}],"curies":[{"name":"wp","href":"https:\/\/api.w.org\/{rel}","templated":true}]}}