{"id":24209,"date":"2018-11-20T16:13:28","date_gmt":"2018-11-20T13:13:28","guid":{"rendered":"http:\/\/arantv.az\/?p=24209"},"modified":"2018-11-20T16:13:28","modified_gmt":"2018-11-20T13:13:28","slug":"az%c9%99rbaycanda-m%c9%99kt%c9%99blil%c9%99r-arasinda-kutl%c9%99vi-z%c9%99h%c9%99rl%c9%99nm%c9%99","status":"publish","type":"post","link":"https:\/\/arantv.az\/?p=24209","title":{"rendered":"Az\u0259rbaycanda m\u0259kt\u0259blil\u0259r aras\u0131nda k\u00fctl\u0259vi z\u0259h\u0259rl\u0259nm\u0259"},"content":{"rendered":"<p>\u015e\u0259kiy\u0259 s\u0259f\u0259r ed\u0259n m\u0259kt\u0259bli v\u0259 m\u00fc\u0259llim hey\u0259tind\u0259n ibar\u0259t bir qrup z\u0259h\u0259rl\u0259nib.<\/p>\n<p><strong>ARANTV.AZ<\/strong>-\u0131n m\u0259lumat\u0131na g\u00f6r\u0259, m\u0259kt\u0259blil\u0259r \u015e\u0259kiy\u0259 \u201c\u00d6lk\u0259mizi tan\u0131yaq\u201d tur-aksiyas\u0131 \u00e7\u0259r\u00e7iv\u0259sind\u0259 gedibl\u0259r.<\/p>\n<p>\u015e\u0259ki Rayon M\u0259rk\u0259zi X\u0259st\u0259xanas\u0131ndan bildirilib ki, z\u0259h\u0259rl\u0259n\u0259n \u015f\u0259xsl\u0259r aras\u0131nda m\u00fc\u0259llim\u0259 Tovuz rayon sakini, 1964-c\u00fc il t\u0259v\u0259ll\u00fcdl\u00fc\u00a0<strong>Sahib\u0259 H\u0259s\u0259n q\u0131z\u0131 \u018fliyeva<\/strong>\u00a0v\u0259 be\u015f\u00a0n\u0259f\u0259r \u015fagird &#8211; G\u00f6yg\u00f6l rayon sakini, 2002-ci il t\u0259v\u0259ll\u00fcdl\u00fc\u00a0<strong>\u018fl\u0259sg\u0259r Rac o\u011flu \u018fliyev<\/strong>, Tovuz rayon sakini, 2003-c\u00fc il t\u0259v\u0259ll\u00fcdl\u00fc\u00a0<strong>Emil V\u00fcqar o\u011flu Al\u015fanov<\/strong>, G\u00f6yg\u00f6l rayon sakini, 2002-ci il t\u0259v\u0259ll\u00fcdl\u00fc\u00a0<strong>Ayxan Nizami q\u0131z\u0131 S\u00fcleymanl\u0131<\/strong>, A\u011fda\u015f rayon sakini, 2002-ci il t\u0259v\u0259ll\u00fcdl\u00fc\u00a0<strong>Tabutay Eld\u0259niz o\u011flu H\u00fcseynli<\/strong>, A\u011fda\u015f rayon sakini, 2003-c\u00fc il t\u0259v\u0259ll\u00fcdl\u00fc\u00a0<strong>\u015e\u0259lal\u0259 \u015eirin q\u0131z\u0131 K\u0259rimova<\/strong>n\u0131n ad\u0131 var.<\/p>\n<p>Onlar\u0131n d\u0259qiq\u00a0n\u0259d\u0259n z\u0259h\u0259rl\u0259ndiyi b\u0259lli deyil. \u0130lkin olaraq qida z\u0259h\u0259rl\u0259nm\u0259si oldu\u011fu ehtimal edilir.<\/p>\n<p>Z\u0259h\u0259rl\u0259n\u0259nl\u0259r\u0259 x\u0259st\u0259xanada laz\u0131mi tibbi yard\u0131m g\u00f6st\u0259rilib, m\u0259d\u0259l\u0259ri yuyulub.\u00a0Daha sonra is\u0259 v\u0259ziyy\u0259tl\u0259ri normal hesab edil\u0259r\u0259k ev\u0259 burax\u0131l\u0131blar.oxu.az<\/p>\n","protected":false},"excerpt":{"rendered":"<p>\u015e\u0259kiy\u0259 s\u0259f\u0259r ed\u0259n m\u0259kt\u0259bli v\u0259 m\u00fc\u0259llim hey\u0259tind\u0259n ibar\u0259t bir qrup z\u0259h\u0259rl\u0259nib. ARANTV.AZ-\u0131n m\u0259lumat\u0131na g\u00f6r\u0259, m\u0259kt\u0259blil\u0259r \u015e\u0259kiy\u0259 \u201c\u00d6lk\u0259mizi tan\u0131yaq\u201d tur-aksiyas\u0131 \u00e7\u0259r\u00e7iv\u0259sind\u0259 gedibl\u0259r. \u015e\u0259ki Rayon M\u0259rk\u0259zi X\u0259st\u0259xanas\u0131ndan bildirilib ki, z\u0259h\u0259rl\u0259n\u0259n \u015f\u0259xsl\u0259r aras\u0131nda m\u00fc\u0259llim\u0259 Tovuz rayon sakini, 1964-c\u00fc il t\u0259v\u0259ll\u00fcdl\u00fc\u00a0Sahib\u0259 H\u0259s\u0259n q\u0131z\u0131 \u018fliyeva\u00a0v\u0259 be\u015f\u00a0n\u0259f\u0259r \u015fagird &#8211; G\u00f6yg\u00f6l rayon sakini, 2002-ci il t\u0259v\u0259ll\u00fcdl\u00fc\u00a0\u018fl\u0259sg\u0259r Rac o\u011flu \u018fliyev, Tovuz rayon sakini, 2003-c\u00fc il t\u0259v\u0259ll\u00fcdl\u00fc\u00a0Emil V\u00fcqar o\u011flu Al\u015fanov, G\u00f6yg\u00f6l rayon sakini, 2002-ci il t\u0259v\u0259ll\u00fcdl\u00fc\u00a0Ayxan Nizami q\u0131z\u0131 S\u00fcleymanl\u0131, A\u011fda\u015f rayon sakini, 2002-ci il t\u0259v\u0259ll\u00fcdl\u00fc\u00a0Tabutay Eld\u0259niz o\u011flu H\u00fcseynli, A\u011fda\u015f rayon sakini, 2003-c\u00fc il t\u0259v\u0259ll\u00fcdl\u00fc\u00a0\u015e\u0259lal\u0259 \u015eirin q\u0131z\u0131 K\u0259rimovan\u0131n ad\u0131 var.&hellip;<\/p>\n","protected":false},"author":2,"featured_media":24210,"comment_status":"closed","ping_status":"closed","sticky":false,"template":"","format":"standard","meta":{"om_disable_all_campaigns":false,"_monsterinsights_skip_tracking":false,"_monsterinsights_sitenote_active":false,"_monsterinsights_sitenote_note":"","_monsterinsights_sitenote_category":0},"categories":[5],"tags":[],"aioseo_notices":[],"gutentor_comment":0,"rttpg_featured_image_url":{"full":["https:\/\/arantv.az\/wp-content\/uploads\/2018\/11\/sickchild.jpg",620,413,false],"landscape":["https:\/\/arantv.az\/wp-content\/uploads\/2018\/11\/sickchild.jpg",620,413,false],"portraits":["https:\/\/arantv.az\/wp-content\/uploads\/2018\/11\/sickchild.jpg",620,413,false],"thumbnail":["https:\/\/arantv.az\/wp-content\/uploads\/2018\/11\/sickchild-150x150.jpg",150,150,true],"medium":["https:\/\/arantv.az\/wp-content\/uploads\/2018\/11\/sickchild-300x200.jpg",300,200,true],"large":["https:\/\/arantv.az\/wp-content\/uploads\/2018\/11\/sickchild.jpg",620,413,false],"1536x1536":["https:\/\/arantv.az\/wp-content\/uploads\/2018\/11\/sickchild.jpg",620,413,false],"2048x2048":["https:\/\/arantv.az\/wp-content\/uploads\/2018\/11\/sickchild.jpg",620,413,false],"post-thumbnail":["https:\/\/arantv.az\/wp-content\/uploads\/2018\/11\/sickchild-240x172.jpg",240,172,true],"advps-thumb-one":["https:\/\/arantv.az\/wp-content\/uploads\/2018\/11\/sickchild.jpg",620,413,false]},"rttpg_author":{"display_name":"V\u00fcsal Rafiqo\u011flu","author_link":"https:\/\/arantv.az\/?author=2"},"rttpg_comment":0,"rttpg_category":"<a href=\"https:\/\/arantv.az\/?cat=5\" rel=\"category\">Hadis\u0259<\/a>","rttpg_excerpt":"\u015e\u0259kiy\u0259 s\u0259f\u0259r ed\u0259n m\u0259kt\u0259bli v\u0259 m\u00fc\u0259llim hey\u0259tind\u0259n ibar\u0259t bir qrup z\u0259h\u0259rl\u0259nib. ARANTV.AZ-\u0131n m\u0259lumat\u0131na g\u00f6r\u0259, m\u0259kt\u0259blil\u0259r \u015e\u0259kiy\u0259 \u201c\u00d6lk\u0259mizi tan\u0131yaq\u201d tur-aksiyas\u0131 \u00e7\u0259r\u00e7iv\u0259sind\u0259 gedibl\u0259r. \u015e\u0259ki Rayon M\u0259rk\u0259zi X\u0259st\u0259xanas\u0131ndan bildirilib ki, z\u0259h\u0259rl\u0259n\u0259n \u015f\u0259xsl\u0259r aras\u0131nda m\u00fc\u0259llim\u0259 Tovuz rayon sakini, 1964-c\u00fc il t\u0259v\u0259ll\u00fcdl\u00fc\u00a0Sahib\u0259 H\u0259s\u0259n q\u0131z\u0131 \u018fliyeva\u00a0v\u0259 be\u015f\u00a0n\u0259f\u0259r \u015fagird &#8211; G\u00f6yg\u00f6l rayon sakini, 2002-ci il t\u0259v\u0259ll\u00fcdl\u00fc\u00a0\u018fl\u0259sg\u0259r Rac o\u011flu \u018fliyev, Tovuz rayon sakini,&hellip;","_links":{"self":[{"href":"https:\/\/arantv.az\/index.php?rest_route=\/wp\/v2\/posts\/24209"}],"collection":[{"href":"https:\/\/arantv.az\/index.php?rest_route=\/wp\/v2\/posts"}],"about":[{"href":"https:\/\/arantv.az\/index.php?rest_route=\/wp\/v2\/types\/post"}],"author":[{"embeddable":true,"href":"https:\/\/arantv.az\/index.php?rest_route=\/wp\/v2\/users\/2"}],"replies":[{"embeddable":true,"href":"https:\/\/arantv.az\/index.php?rest_route=%2Fwp%2Fv2%2Fcomments&post=24209"}],"version-history":[{"count":0,"href":"https:\/\/arantv.az\/index.php?rest_route=\/wp\/v2\/posts\/24209\/revisions"}],"wp:featuredmedia":[{"embeddable":true,"href":"https:\/\/arantv.az\/index.php?rest_route=\/wp\/v2\/media\/24210"}],"wp:attachment":[{"href":"https:\/\/arantv.az\/index.php?rest_route=%2Fwp%2Fv2%2Fmedia&parent=24209"}],"wp:term":[{"taxonomy":"category","embeddable":true,"href":"https:\/\/arantv.az\/index.php?rest_route=%2Fwp%2Fv2%2Fcategories&post=24209"},{"taxonomy":"post_tag","embeddable":true,"href":"https:\/\/arantv.az\/index.php?rest_route=%2Fwp%2Fv2%2Ftags&post=24209"}],"curies":[{"name":"wp","href":"https:\/\/api.w.org\/{rel}","templated":true}]}}