{"id":24219,"date":"2018-11-20T16:18:20","date_gmt":"2018-11-20T13:18:20","guid":{"rendered":"http:\/\/arantv.az\/?p=24219"},"modified":"2018-11-20T16:18:20","modified_gmt":"2018-11-20T13:18:20","slug":"az%c9%99rbaycan-respublikasi-%c9%99dliyy%c9%99-nazirliyinin-%c9%99m%c9%99kdaslarina-ali-xususi-rutb%c9%99l%c9%99rin-verilm%c9%99si-haqqinda-az%c9%99rbaycan-respublikasi-prezidentinin-s%c9%99r%c9%99nca","status":"publish","type":"post","link":"https:\/\/arantv.az\/?p=24219","title":{"rendered":"Az\u0259rbaycan Respublikas\u0131 \u018fdliyy\u0259 Nazirliyinin \u0259m\u0259kda\u015flar\u0131na ali x\u00fcsusi r\u00fctb\u0259l\u0259rin verilm\u0259si haqq\u0131nda Az\u0259rbaycan Respublikas\u0131 Prezidentinin S\u0259r\u0259ncam\u0131"},"content":{"rendered":"<p><strong>ARANTV.AZ<\/strong> x\u0259b\u0259r verir ki, s\u0259r\u0259ncamda deyilir.<\/p>\n<p>Az\u0259rbaycan Respublikas\u0131 Konstitusiyas\u0131n\u0131n 109-cu madd\u0259sinin 24-c\u00fc b\u0259ndini r\u0259hb\u0259r tutaraq q\u0259rara al\u0131ram:<\/p>\n<p>1. Az\u0259rbaycan Respublikas\u0131 \u0259dliyy\u0259 nazirinin m\u00fcavini \u2013 Penitensiar xidm\u0259tin r\u0259isi Ceyhun \u018fkb\u0259r o\u011flu H\u0259s\u0259nova \u0259dliyy\u0259 general-leytenant\u0131 ali x\u00fcsusi r\u00fctb\u0259si verilsin.<\/p>\n<p>2. Az\u0259rbaycan Respublikas\u0131 \u018fdliyy\u0259 Nazirliyinin a\u015fa\u011f\u0131dak\u0131 \u0259m\u0259kda\u015flar\u0131na<\/p>\n<p>III d\u0259r\u0259c\u0259li d\u00f6vl\u0259t \u0259dliyy\u0259 m\u00fc\u015faviri ali x\u00fcsusi r\u00fctb\u0259si verilsin:<\/p>\n<p>Beyn\u0259lxalq \u0259m\u0259kda\u015fl\u0131q idar\u0259sinin r\u0259isi Adil Fazil o\u011flu \u018fbilova<\/p>\n<p>B\u0259l\u0259diyy\u0259l\u0259rl\u0259 i\u015f m\u0259rk\u0259zinin r\u0259isi Zahir M\u0259mm\u0259d o\u011flu \u018flizad\u0259y\u0259<\/p>\n<p>\u0130cra ba\u015f idar\u0259sinin r\u0259isi Nur\u0259ddin Yusif o\u011flu Mustafayev\u0259.<\/p>\n<p>3. Az\u0259rbaycan Respublikas\u0131 \u018fdliyy\u0259 Nazirliyinin Penitensiar xidm\u0259ti r\u0259isinin m\u00fcavinl\u0259ri M\u0259h\u0259rr\u0259m Allahverdi o\u011flu Qafarova v\u0259 Oqtay \u0130lyas o\u011flu M\u0259mm\u0259dova \u0259dliyy\u0259 general-mayoru ali x\u00fcsusi r\u00fctb\u0259si verilsin.<\/p>\n<p>\u0130lham \u018fliyev<\/p>\n<p>Az\u0259rbaycan Respublikas\u0131n\u0131n Prezidenti<\/p>\n<p>Bak\u0131 \u015f\u0259h\u0259ri, 20 noyabr 2018-ci il.<\/p>\n","protected":false},"excerpt":{"rendered":"<p>ARANTV.AZ x\u0259b\u0259r verir ki, s\u0259r\u0259ncamda deyilir. Az\u0259rbaycan Respublikas\u0131 Konstitusiyas\u0131n\u0131n 109-cu madd\u0259sinin 24-c\u00fc b\u0259ndini r\u0259hb\u0259r tutaraq q\u0259rara al\u0131ram: 1. Az\u0259rbaycan Respublikas\u0131 \u0259dliyy\u0259 nazirinin m\u00fcavini \u2013 Penitensiar xidm\u0259tin r\u0259isi Ceyhun \u018fkb\u0259r o\u011flu H\u0259s\u0259nova \u0259dliyy\u0259 general-leytenant\u0131 ali x\u00fcsusi r\u00fctb\u0259si verilsin. 2. Az\u0259rbaycan Respublikas\u0131 \u018fdliyy\u0259 Nazirliyinin a\u015fa\u011f\u0131dak\u0131 \u0259m\u0259kda\u015flar\u0131na III d\u0259r\u0259c\u0259li d\u00f6vl\u0259t \u0259dliyy\u0259 m\u00fc\u015faviri ali x\u00fcsusi r\u00fctb\u0259si verilsin: Beyn\u0259lxalq \u0259m\u0259kda\u015fl\u0131q idar\u0259sinin r\u0259isi Adil Fazil o\u011flu \u018fbilova B\u0259l\u0259diyy\u0259l\u0259rl\u0259 i\u015f m\u0259rk\u0259zinin r\u0259isi Zahir M\u0259mm\u0259d o\u011flu \u018flizad\u0259y\u0259 \u0130cra ba\u015f idar\u0259sinin r\u0259isi Nur\u0259ddin Yusif o\u011flu Mustafayev\u0259. 3. Az\u0259rbaycan Respublikas\u0131 \u018fdliyy\u0259 Nazirliyinin Penitensiar xidm\u0259ti r\u0259isinin m\u00fcavinl\u0259ri M\u0259h\u0259rr\u0259m Allahverdi o\u011flu Qafarova&hellip;<\/p>\n","protected":false},"author":2,"featured_media":23809,"comment_status":"closed","ping_status":"closed","sticky":false,"template":"","format":"standard","meta":{"om_disable_all_campaigns":false,"_monsterinsights_skip_tracking":false,"_monsterinsights_sitenote_active":false,"_monsterinsights_sitenote_note":"","_monsterinsights_sitenote_category":0},"categories":[8],"tags":[],"aioseo_notices":[],"gutentor_comment":0,"rttpg_featured_image_url":{"full":["https:\/\/arantv.az\/wp-content\/uploads\/2018\/11\/2018_ilham_aliyev_01-2.jpg",600,450,false],"landscape":["https:\/\/arantv.az\/wp-content\/uploads\/2018\/11\/2018_ilham_aliyev_01-2.jpg",600,450,false],"portraits":["https:\/\/arantv.az\/wp-content\/uploads\/2018\/11\/2018_ilham_aliyev_01-2.jpg",600,450,false],"thumbnail":["https:\/\/arantv.az\/wp-content\/uploads\/2018\/11\/2018_ilham_aliyev_01-2-150x150.jpg",150,150,true],"medium":["https:\/\/arantv.az\/wp-content\/uploads\/2018\/11\/2018_ilham_aliyev_01-2-300x225.jpg",300,225,true],"large":["https:\/\/arantv.az\/wp-content\/uploads\/2018\/11\/2018_ilham_aliyev_01-2.jpg",600,450,false],"1536x1536":["https:\/\/arantv.az\/wp-content\/uploads\/2018\/11\/2018_ilham_aliyev_01-2.jpg",600,450,false],"2048x2048":["https:\/\/arantv.az\/wp-content\/uploads\/2018\/11\/2018_ilham_aliyev_01-2.jpg",600,450,false],"post-thumbnail":["https:\/\/arantv.az\/wp-content\/uploads\/2018\/11\/2018_ilham_aliyev_01-2-240x172.jpg",240,172,true],"advps-thumb-one":["https:\/\/arantv.az\/wp-content\/uploads\/2018\/11\/2018_ilham_aliyev_01-2.jpg",600,450,false]},"rttpg_author":{"display_name":"V\u00fcsal Rafiqo\u011flu","author_link":"https:\/\/arantv.az\/?author=2"},"rttpg_comment":0,"rttpg_category":"<a href=\"https:\/\/arantv.az\/?cat=8\" rel=\"category\">\u018fsas s\u0259hif\u0259<\/a>","rttpg_excerpt":"ARANTV.AZ x\u0259b\u0259r verir ki, s\u0259r\u0259ncamda deyilir. Az\u0259rbaycan Respublikas\u0131 Konstitusiyas\u0131n\u0131n 109-cu madd\u0259sinin 24-c\u00fc b\u0259ndini r\u0259hb\u0259r tutaraq q\u0259rara al\u0131ram: 1. Az\u0259rbaycan Respublikas\u0131 \u0259dliyy\u0259 nazirinin m\u00fcavini \u2013 Penitensiar xidm\u0259tin r\u0259isi Ceyhun \u018fkb\u0259r o\u011flu H\u0259s\u0259nova \u0259dliyy\u0259 general-leytenant\u0131 ali x\u00fcsusi r\u00fctb\u0259si verilsin. 2. Az\u0259rbaycan Respublikas\u0131 \u018fdliyy\u0259 Nazirliyinin a\u015fa\u011f\u0131dak\u0131 \u0259m\u0259kda\u015flar\u0131na III d\u0259r\u0259c\u0259li d\u00f6vl\u0259t \u0259dliyy\u0259 m\u00fc\u015faviri ali x\u00fcsusi r\u00fctb\u0259si verilsin: Beyn\u0259lxalq \u0259m\u0259kda\u015fl\u0131q&hellip;","_links":{"self":[{"href":"https:\/\/arantv.az\/index.php?rest_route=\/wp\/v2\/posts\/24219"}],"collection":[{"href":"https:\/\/arantv.az\/index.php?rest_route=\/wp\/v2\/posts"}],"about":[{"href":"https:\/\/arantv.az\/index.php?rest_route=\/wp\/v2\/types\/post"}],"author":[{"embeddable":true,"href":"https:\/\/arantv.az\/index.php?rest_route=\/wp\/v2\/users\/2"}],"replies":[{"embeddable":true,"href":"https:\/\/arantv.az\/index.php?rest_route=%2Fwp%2Fv2%2Fcomments&post=24219"}],"version-history":[{"count":0,"href":"https:\/\/arantv.az\/index.php?rest_route=\/wp\/v2\/posts\/24219\/revisions"}],"wp:featuredmedia":[{"embeddable":true,"href":"https:\/\/arantv.az\/index.php?rest_route=\/wp\/v2\/media\/23809"}],"wp:attachment":[{"href":"https:\/\/arantv.az\/index.php?rest_route=%2Fwp%2Fv2%2Fmedia&parent=24219"}],"wp:term":[{"taxonomy":"category","embeddable":true,"href":"https:\/\/arantv.az\/index.php?rest_route=%2Fwp%2Fv2%2Fcategories&post=24219"},{"taxonomy":"post_tag","embeddable":true,"href":"https:\/\/arantv.az\/index.php?rest_route=%2Fwp%2Fv2%2Ftags&post=24219"}],"curies":[{"name":"wp","href":"https:\/\/api.w.org\/{rel}","templated":true}]}}