{"id":24234,"date":"2018-11-20T16:32:20","date_gmt":"2018-11-20T13:32:20","guid":{"rendered":"http:\/\/arantv.az\/?p=24234"},"modified":"2018-11-20T16:32:20","modified_gmt":"2018-11-20T13:32:20","slug":"novruz-m%c9%99mm%c9%99dov-at%c9%99m-in-minsk-konfransinin-ilk-s%c9%99dri-il%c9%99-gorusub","status":"publish","type":"post","link":"https:\/\/arantv.az\/?p=24234","title":{"rendered":"Novruz M\u0259mm\u0259dov AT\u018fM-in Minsk konfrans\u0131n\u0131n ilk s\u0259dri il\u0259 g\u00f6r\u00fc\u015f\u00fcb"},"content":{"rendered":"<p>Az\u0259rbaycan Respublikas\u0131n\u0131n Ba\u015f naziri Novruz M\u0259mm\u0259dov noyabr\u0131n 20-d\u0259 italiyal\u0131 diplomat v\u0259 AT\u018fM-in (haz\u0131rk\u0131 AT\u018fT) Minsk konfrans\u0131n\u0131n ilk s\u0259dri Mario Raffaelli il\u0259 g\u00f6r\u00fc\u015f\u00fcb.<\/p>\n<p><strong>ARANTV.AZ<\/strong> x\u0259b\u0259r verir ki, g\u00f6r\u00fc\u015fd\u0259 Mario Raffaellinin Erm\u0259nistan-Az\u0259rbaycan Da\u011fl\u0131q Qaraba\u011f m\u00fcnaqi\u015f\u0259sinin nizamlanmas\u0131 istiqam\u0259tind\u0259ki f\u0259aliyy\u0259tini xat\u0131rladan Novruz M\u0259mm\u0259dov Erm\u0259nistan\u0131n qeyri-konstruktiv m\u00f6vqeyi n\u0259tic\u0259sind\u0259 problemin h\u0259l\u0259 d\u0259 h\u0259llini tapmamas\u0131n\u0131 t\u0259\u0259ss\u00fcfl\u0259 qeyd edib. Ba\u015f nazir Novruz M\u0259mm\u0259dov m\u00fcnaqi\u015f\u0259nin BMT T\u0259hl\u00fck\u0259sizlik \u015euras\u0131n\u0131n m\u00fcvafiq q\u0259tnam\u0259l\u0259ri \u0259sas\u0131nda Az\u0259rbaycan\u0131n beyn\u0259lxalq s\u0259viyy\u0259d\u0259 tan\u0131nm\u0131\u015f s\u0259rh\u0259dl\u0259ri, \u0259razi b\u00fct\u00f6vl\u00fcy\u00fc v\u0259 suverenliyi \u00e7\u0259r\u00e7iv\u0259sind\u0259 h\u0259ll edilm\u0259li oldu\u011funu vur\u011fulay\u0131b, m\u0259s\u0259l\u0259nin \u0259dal\u0259tli h\u0259llin\u0259 beyn\u0259lxalq ictimaiyy\u0259tin diqq\u0259tinin daha da art\u0131r\u0131lmas\u0131n\u0131n z\u0259ruriliyini diqq\u0259t\u0259 \u00e7atd\u0131r\u0131b.<\/p>\n<div id=\"AdributorNativeVideo0\" class=\"AdributorNativeVideo\"><\/div>\n<p>Mario Raffaelli \u201cAz\u0259rbaycan\u0131n i\u015f\u011fal edilmi\u015f \u0259razil\u0259rind\u0259 qeyri-qanuni f\u0259aliyy\u0259t v\u0259 \u00fc\u00e7\u00fcnc\u00fc t\u0259r\u0259fl\u0259rin m\u0259suliyy\u0259ti\u201d m\u00f6vzusunda ke\u00e7iril\u0259n beyn\u0259lxalq konfransda i\u015ftirak etm\u0259k \u00fc\u00e7\u00fcn Bak\u0131da s\u0259f\u0259rd\u0259 oldu\u011funu s\u00f6yl\u0259yib. O, \u00f6lk\u0259mizl\u0259, eyni zamanda, Da\u011fl\u0131q Qaraba\u011f m\u00fcnaqi\u015f\u0259si il\u0259 ba\u011fl\u0131 kifay\u0259t q\u0259d\u0259r m\u0259lumatl\u0131 oldu\u011funu bildirib, 25 il sonra yenid\u0259n Az\u0259rbaycanda olmas\u0131ndan m\u0259mnunlu\u011funu ifad\u0259 edib.<\/p>\n<p>G\u00f6r\u00fc\u015fd\u0259 qar\u015f\u0131l\u0131ql\u0131 maraq do\u011furan dig\u0259r m\u0259s\u0259l\u0259l\u0259rl\u0259 ba\u011fl\u0131 fikir m\u00fcbadil\u0259si apar\u0131l\u0131b.<\/p>\n<p>oxu.az<\/p>\n","protected":false},"excerpt":{"rendered":"<p>Az\u0259rbaycan Respublikas\u0131n\u0131n Ba\u015f naziri Novruz M\u0259mm\u0259dov noyabr\u0131n 20-d\u0259 italiyal\u0131 diplomat v\u0259 AT\u018fM-in (haz\u0131rk\u0131 AT\u018fT) Minsk konfrans\u0131n\u0131n ilk s\u0259dri Mario Raffaelli il\u0259 g\u00f6r\u00fc\u015f\u00fcb. ARANTV.AZ x\u0259b\u0259r verir ki, g\u00f6r\u00fc\u015fd\u0259 Mario Raffaellinin Erm\u0259nistan-Az\u0259rbaycan Da\u011fl\u0131q Qaraba\u011f m\u00fcnaqi\u015f\u0259sinin nizamlanmas\u0131 istiqam\u0259tind\u0259ki f\u0259aliyy\u0259tini xat\u0131rladan Novruz M\u0259mm\u0259dov Erm\u0259nistan\u0131n qeyri-konstruktiv m\u00f6vqeyi n\u0259tic\u0259sind\u0259 problemin h\u0259l\u0259 d\u0259 h\u0259llini tapmamas\u0131n\u0131 t\u0259\u0259ss\u00fcfl\u0259 qeyd edib. Ba\u015f nazir Novruz M\u0259mm\u0259dov m\u00fcnaqi\u015f\u0259nin BMT T\u0259hl\u00fck\u0259sizlik \u015euras\u0131n\u0131n m\u00fcvafiq q\u0259tnam\u0259l\u0259ri \u0259sas\u0131nda Az\u0259rbaycan\u0131n beyn\u0259lxalq s\u0259viyy\u0259d\u0259 tan\u0131nm\u0131\u015f s\u0259rh\u0259dl\u0259ri, \u0259razi b\u00fct\u00f6vl\u00fcy\u00fc v\u0259 suverenliyi \u00e7\u0259r\u00e7iv\u0259sind\u0259 h\u0259ll edilm\u0259li oldu\u011funu vur\u011fulay\u0131b, m\u0259s\u0259l\u0259nin \u0259dal\u0259tli h\u0259llin\u0259 beyn\u0259lxalq ictimaiyy\u0259tin diqq\u0259tinin daha da art\u0131r\u0131lmas\u0131n\u0131n z\u0259ruriliyini diqq\u0259t\u0259 \u00e7atd\u0131r\u0131b. Mario Raffaelli&hellip;<\/p>\n","protected":false},"author":2,"featured_media":24235,"comment_status":"closed","ping_status":"closed","sticky":false,"template":"","format":"standard","meta":{"om_disable_all_campaigns":false,"_monsterinsights_skip_tracking":false,"_monsterinsights_sitenote_active":false,"_monsterinsights_sitenote_note":"","_monsterinsights_sitenote_category":0},"categories":[4],"tags":[],"aioseo_notices":[],"gutentor_comment":0,"rttpg_featured_image_url":{"full":["https:\/\/arantv.az\/wp-content\/uploads\/2018\/11\/786d33ef-5064-4eb2-88c6-681af2845032.jpg",620,424,false],"landscape":["https:\/\/arantv.az\/wp-content\/uploads\/2018\/11\/786d33ef-5064-4eb2-88c6-681af2845032.jpg",620,424,false],"portraits":["https:\/\/arantv.az\/wp-content\/uploads\/2018\/11\/786d33ef-5064-4eb2-88c6-681af2845032.jpg",620,424,false],"thumbnail":["https:\/\/arantv.az\/wp-content\/uploads\/2018\/11\/786d33ef-5064-4eb2-88c6-681af2845032-150x150.jpg",150,150,true],"medium":["https:\/\/arantv.az\/wp-content\/uploads\/2018\/11\/786d33ef-5064-4eb2-88c6-681af2845032-300x205.jpg",300,205,true],"large":["https:\/\/arantv.az\/wp-content\/uploads\/2018\/11\/786d33ef-5064-4eb2-88c6-681af2845032.jpg",620,424,false],"1536x1536":["https:\/\/arantv.az\/wp-content\/uploads\/2018\/11\/786d33ef-5064-4eb2-88c6-681af2845032.jpg",620,424,false],"2048x2048":["https:\/\/arantv.az\/wp-content\/uploads\/2018\/11\/786d33ef-5064-4eb2-88c6-681af2845032.jpg",620,424,false],"post-thumbnail":["https:\/\/arantv.az\/wp-content\/uploads\/2018\/11\/786d33ef-5064-4eb2-88c6-681af2845032-240x172.jpg",240,172,true],"advps-thumb-one":["https:\/\/arantv.az\/wp-content\/uploads\/2018\/11\/786d33ef-5064-4eb2-88c6-681af2845032.jpg",620,424,false]},"rttpg_author":{"display_name":"V\u00fcsal Rafiqo\u011flu","author_link":"https:\/\/arantv.az\/?author=2"},"rttpg_comment":0,"rttpg_category":"<a href=\"https:\/\/arantv.az\/?cat=4\" rel=\"category\">Siyas\u0259t<\/a>","rttpg_excerpt":"Az\u0259rbaycan Respublikas\u0131n\u0131n Ba\u015f naziri Novruz M\u0259mm\u0259dov noyabr\u0131n 20-d\u0259 italiyal\u0131 diplomat v\u0259 AT\u018fM-in (haz\u0131rk\u0131 AT\u018fT) Minsk konfrans\u0131n\u0131n ilk s\u0259dri Mario Raffaelli il\u0259 g\u00f6r\u00fc\u015f\u00fcb. ARANTV.AZ x\u0259b\u0259r verir ki, g\u00f6r\u00fc\u015fd\u0259 Mario Raffaellinin Erm\u0259nistan-Az\u0259rbaycan Da\u011fl\u0131q Qaraba\u011f m\u00fcnaqi\u015f\u0259sinin nizamlanmas\u0131 istiqam\u0259tind\u0259ki f\u0259aliyy\u0259tini xat\u0131rladan Novruz M\u0259mm\u0259dov Erm\u0259nistan\u0131n qeyri-konstruktiv m\u00f6vqeyi n\u0259tic\u0259sind\u0259 problemin h\u0259l\u0259 d\u0259 h\u0259llini tapmamas\u0131n\u0131 t\u0259\u0259ss\u00fcfl\u0259 qeyd edib. Ba\u015f nazir Novruz M\u0259mm\u0259dov&hellip;","_links":{"self":[{"href":"https:\/\/arantv.az\/index.php?rest_route=\/wp\/v2\/posts\/24234"}],"collection":[{"href":"https:\/\/arantv.az\/index.php?rest_route=\/wp\/v2\/posts"}],"about":[{"href":"https:\/\/arantv.az\/index.php?rest_route=\/wp\/v2\/types\/post"}],"author":[{"embeddable":true,"href":"https:\/\/arantv.az\/index.php?rest_route=\/wp\/v2\/users\/2"}],"replies":[{"embeddable":true,"href":"https:\/\/arantv.az\/index.php?rest_route=%2Fwp%2Fv2%2Fcomments&post=24234"}],"version-history":[{"count":0,"href":"https:\/\/arantv.az\/index.php?rest_route=\/wp\/v2\/posts\/24234\/revisions"}],"wp:featuredmedia":[{"embeddable":true,"href":"https:\/\/arantv.az\/index.php?rest_route=\/wp\/v2\/media\/24235"}],"wp:attachment":[{"href":"https:\/\/arantv.az\/index.php?rest_route=%2Fwp%2Fv2%2Fmedia&parent=24234"}],"wp:term":[{"taxonomy":"category","embeddable":true,"href":"https:\/\/arantv.az\/index.php?rest_route=%2Fwp%2Fv2%2Fcategories&post=24234"},{"taxonomy":"post_tag","embeddable":true,"href":"https:\/\/arantv.az\/index.php?rest_route=%2Fwp%2Fv2%2Ftags&post=24234"}],"curies":[{"name":"wp","href":"https:\/\/api.w.org\/{rel}","templated":true}]}}