{"id":24238,"date":"2018-11-20T16:38:51","date_gmt":"2018-11-20T13:38:51","guid":{"rendered":"http:\/\/arantv.az\/?p=24238"},"modified":"2018-11-20T16:38:51","modified_gmt":"2018-11-20T13:38:51","slug":"yeni-az%c9%99rbaycan-partiyasinin-h%c9%99r-bir-uzvu-bu-gunumuzun-ugurlarinin-%c9%99sasi-olan-heyd%c9%99r-%c9%99liyev-ideyalarinin-t%c9%99bligatcisidir","status":"publish","type":"post","link":"https:\/\/arantv.az\/?p=24238","title":{"rendered":"&#8220;Yeni Az\u0259rbaycan Partiyas\u0131n\u0131n h\u0259r bir \u00fczv\u00fc bu g\u00fcn\u00fcm\u00fcz\u00fcn u\u011furlar\u0131n\u0131n \u0259sas\u0131 olan Heyd\u0259r \u018fliyev ideyalar\u0131n\u0131n t\u0259bli\u011fat\u00e7\u0131s\u0131d\u0131r&#8221;"},"content":{"rendered":"<p><em><strong>ARANTV.AZ &#8220;\u0130ki Sahil&#8221; q\u0259zetinin ba\u015f redaktoru,\u00a0YAP Siyasi \u015euras\u0131n\u0131n \u00fczv\u00fc\u00a0V\u00fcqar R\u0259himzad\u0259nin yaz\u0131s\u0131n\u0131 t\u0259qdim edir:<\/strong><\/em><\/p>\n<p><strong>M\u00fcasir Az\u0259rbaycan d\u00f6vl\u0259t\u00e7iliyi tarixind\u0259 d\u00f6n\u00fc\u015f n\u00f6qt\u0259si<\/strong><\/p>\n<p>1992-ci il oktyabr\u0131n 16-da xalq\u0131n b\u00f6y\u00fck \u0259ks\u0259riyy\u0259tinin ist\u0259yinin ifad\u0259si kimi d\u0259y\u0259rl\u0259ndiril\u0259n 91 n\u0259f\u0259r ziyal\u0131n\u0131n m\u00fcst\u0259qil Az\u0259rbaycan d\u00f6vl\u0259tinin qurucusu, ulu \u00f6nd\u0259r Heyd\u0259r \u018fliyev\u0259 bu g\u00fcn \u00f6lk\u0259nin ictimai-siyasi h\u0259yat\u0131nda apar\u0131c\u0131 rol oynayan, xalq\u0131n partiyas\u0131na \u00e7evril\u0259n Yeni Az\u0259rbaycan Partiyas\u0131n\u0131n yarad\u0131lmas\u0131 il\u0259 ba\u011fl\u0131 &#8220;Az\u0259rbaycan Sizin s\u00f6z\u00fcn\u00fcz\u00fc g\u00f6zl\u0259yir&#8221; m\u00fcraci\u0259ti d\u00f6vl\u0259t\u00e7ilik tariximizd\u0259 d\u00f6n\u00fc\u015f n\u00f6qt\u0259si oldu. Ziyal\u0131lar\u0131n m\u00fcraci\u0259tin\u0259 \u00dcmummilli Liderin &#8220;Yeni, m\u00fcst\u0259qil Az\u0259rbaycan u\u011frunda&#8221; cavab\u0131 h\u0259min d\u00f6vr\u00fcn \u00e7\u0259tinlikl\u0259rind\u0259n xilas yolunu g\u00f6st\u0259rm\u0259kl\u0259 yana\u015f\u0131, bug\u00fcnk\u00fc u\u011furlar\u0131m\u0131z\u0131n ba\u015flan\u011f\u0131c\u0131 kimi d\u0259y\u0259rl\u0259ndirildi. &#8220;Az\u0259rbaycan\u0131n bug\u00fcnk\u00fc h\u0259yat\u0131 v\u0259 g\u0259l\u0259c\u0259k taleyin\u0259 dair dig\u0259r probleml\u0259r d\u0259 m\u0259ni narahat edir&#8221;, &#8211; s\u00f6yl\u0259y\u0259n ulu \u00f6nd\u0259r Heyd\u0259r \u018fliyev &#8220;Az\u0259rbaycan\u0131n \u00e7a\u011fda\u015f v\u0259 g\u0259l\u0259c\u0259k taleyi il\u0259 ba\u011fl\u0131 bu probleml\u0259rin h\u0259llind\u0259 bigan\u0259 qalma\u011fa he\u00e7 k\u0259sin haqq\u0131 yoxdur&#8221; bildir\u0259r\u0259k bu inam\u0131 da ifad\u0259 etmi\u015fdir ki, m\u00fcst\u0259qil Az\u0259rbaycan d\u00f6vl\u0259tinin g\u0259l\u0259c\u0259k h\u0259yat\u0131n\u0131n v\u0259 f\u0259aliyy\u0259tinin \u0259sas\u0131n\u0131 t\u0259\u015fkil ed\u0259n demokratiya v\u0259 siyasi pl\u00fcralizm \u015f\u0259raitind\u0259 obyektiv z\u0259rur\u0259td\u0259n ir\u0259li g\u0259l\u0259r\u0259k yarad\u0131lan Yeni Az\u0259rbaycan Partiyas\u0131 \u00f6lk\u0259nin ictimai-siyasi h\u0259yat\u0131nda f\u0259al i\u015ftirak ed\u0259r\u0259k yeni, m\u00fcst\u0259qil Az\u0259rbaycan d\u00f6vl\u0259tinin m\u00f6hk\u0259ml\u0259ndirilm\u0259sind\u0259 v\u0259 inki\u015faf\u0131nda tarixi rol oynaya bil\u0259r.<\/p>\n<p>Bu s\u00f6zl\u0259ri\u00a0<strong>YAP Siyasi \u015euras\u0131n\u0131n \u00fczv\u00fc, &#8220;\u0130ki sahil&#8221; q\u0259zetinin ba\u015f redaktoru, \u018fm\u0259kdar jurnalist V\u00fcqar R\u0259himzad\u0259<\/strong>\u00a0deyib.<\/p>\n<p>V.R\u0259himzad\u0259 qeyd edib ki, bu partiya u\u011furlar, q\u0259l\u0259b\u0259l\u0259r partiyas\u0131d\u0131r: &#8220;Yeni Az\u0259rbaycan Partiyas\u0131n\u0131n yarad\u0131lmas\u0131ndan bizl\u0259ri 26 illik zaman ay\u0131r\u0131r. T\u0259sis konfrans\u0131n\u0131 1992-ci il noyabr\u0131n 21-d\u0259 respublikan\u0131n m\u00fcxt\u0259lif b\u00f6lg\u0259l\u0259rind\u0259n 550 n\u00fcmay\u0259nd\u0259nin i\u015ftirak\u0131 il\u0259 Nax\u00e7\u0131vanda ke\u00e7ir\u0259n Yeni Az\u0259rbaycan Partiyas\u0131 bu g\u00fcn xalq\u0131n partiyas\u0131na \u00e7evril\u0259r\u0259k, ulu \u00f6nd\u0259r Heyd\u0259r \u018fliyevin ideyalar\u0131n\u0131n, h\u0259yata ke\u00e7iril\u0259n siyas\u0259tin t\u0259bli\u011fat\u00e7\u0131s\u0131 v\u0259 i\u015ftirak\u00e7\u0131s\u0131 kimi davaml\u0131 u\u011furlar\u0131 il\u0259 diqq\u0259t m\u0259rk\u0259zind\u0259dir. \u018fn \u0259sas\u0131 bu g\u00fcn\u00fcm\u00fcz\u00fcn reall\u0131qlar\u0131 ulu \u00f6nd\u0259r Heyd\u0259r \u018fliyevin ziyal\u0131lar\u0131n m\u00fcraci\u0259tin\u0259 cavab\u0131nda \u0259ksini tapan arzu v\u0259 ist\u0259kl\u0259rinin t\u0259sdiqidir. D\u00fcn\u0259nin, bu g\u00fcn\u00fcn partiyas\u0131 kimi g\u0259l\u0259c\u0259y\u0259 b\u00f6y\u00fck inamla add\u0131mlayan Yeni Az\u0259rbaycan Partiyas\u0131 s\u00f6zl\u0259 \u0259m\u0259l birliyini, monolitliyini daim qoruyur, s\u0131ralar\u0131n\u0131 k\u0259miyy\u0259t v\u0259 keyfiyy\u0259t bax\u0131m\u0131ndan z\u0259nginl\u0259\u015fdirir. Bu g\u00fcn 750 min\u0259 yax\u0131n insan\u0131 s\u0131ralar\u0131nda birl\u0259\u015fdir\u0259n partiya, d\u00fcnya t\u0259cr\u00fcb\u0259sind\u0259 analoqu olmayan bu m\u00fch\u00fcm u\u011fura da imza at\u0131b ki, yaranmas\u0131ndan 7 ay sonra iqtidar partiyas\u0131 kimi f\u0259aliyy\u0259tini davam etdirir, 26 illik tarixini q\u0259l\u0259b\u0259l\u0259r v\u0259 u\u011furlarla z\u0259nginl\u0259\u015fdirir&#8221;.<\/p>\n<p>&#8220;Bu g\u00fcn Yeni Az\u0259rbaycan Partiyas\u0131 \u00f6z s\u0131ralar\u0131nda 750 min\u0259 yax\u0131n insan\u0131 birl\u0259\u015fdirir, onlar\u0131n 40 faizi g\u0259ncl\u0259rdir. Y\u0259ni, bu g\u00fcn partiyam\u0131z\u0131n f\u0259aliyy\u0259ti, ideyalar\u0131, apard\u0131\u011f\u0131 siyas\u0259t g\u0259nc n\u0259sil \u00fc\u00e7\u00fcn d\u0259 c\u0259lbedicidir v\u0259 bu, \u00e7ox m\u00fcsb\u0259t hald\u0131r. Bu, onu g\u00f6st\u0259rir ki, Az\u0259rbaycanda bundan sonra da uzunm\u00fcdd\u0259tli, dayan\u0131ql\u0131 inki\u015faf t\u0259min olunacaq v\u0259 partiyan\u0131n t\u0259bli\u011f etdiyi, b\u0259yan etdiyi prinsipl\u0259r bu g\u00fcn xalq t\u0259r\u0259find\u0259n tam d\u0259st\u0259kl\u0259nir. \u0130ndi Az\u0259rbaycanda g\u00f6r\u00fclm\u00fc\u015f i\u015fl\u0259r, \u00f6lk\u0259mizin u\u011furlu inki\u015faf\u0131, \u0259lb\u0259tt\u0259, h\u0259r bir v\u0259t\u0259np\u0259rv\u0259r insana \u0259yani \u015f\u0259kild\u0259 g\u00f6st\u0259rir ki, bug\u00fcnk\u00fc iqtidar\u0131n apard\u0131\u011f\u0131 siyas\u0259t yegan\u0259 d\u00fczg\u00fcn siyas\u0259tdir&#8221;. D\u00f6vl\u0259timizin ba\u015f\u00e7\u0131s\u0131 \u0130lham \u018fliyevin bu fikirl\u0259ri m\u00fcst\u0259qil Az\u0259rbaycan d\u00f6vl\u0259tinin qurucusu, ulu \u00f6nd\u0259r Heyd\u0259r \u018fliyevin Yeni Az\u0259rbaycan Partiyas\u0131n\u0131n II qurultay\u0131nda &#8220;Birincisi, g\u0259ncl\u0259r bizim partiyan\u0131n s\u0131ralar\u0131nda x\u00fcsusi qay\u011f\u0131ya malik olmal\u0131d\u0131rlar. Onlara qay\u011f\u0131 g\u00f6st\u0259rm\u0259k laz\u0131md\u0131r. \u0130kincisi d\u0259, g\u0259ncl\u0259r aras\u0131nda geni\u015f i\u015f apararaq, partiyan\u0131n nizamnam\u0259sini, m\u0259ramnam\u0259sini v\u0259 partiyan\u0131n g\u00f6rd\u00fcy\u00fc i\u015fl\u0259ri onlara anlatmaq laz\u0131md\u0131r&#8221; tap\u015f\u0131r\u0131\u011f\u0131n\u0131n reall\u0131qda \u00f6z \u0259ksini tapan davam\u0131d\u0131r. Dahi \u015f\u0259xsiyy\u0259t Heyd\u0259r \u018fliyev partiyan\u0131n s\u0131ralar\u0131nda qad\u0131nlar\u0131n v\u0259 g\u0259ncl\u0259rin b\u00f6y\u00fck \u00e7oxluq t\u0259\u015fkil etm\u0259sinin vacibliyini bildirirdi. Yeni Az\u0259rbaycan Partiyas\u0131n\u0131n t\u0259rkibind\u0259 G\u0259ncl\u0259r Birliyinin v\u0259 Qad\u0131nlar \u015euras\u0131n\u0131n yarad\u0131lmas\u0131, h\u0259m\u00e7inin partiyan\u0131n rayon t\u0259\u015fkilatlar\u0131nda onlar\u0131n f\u0259aliyy\u0259tinin geni\u015fl\u0259ndirilm\u0259si d\u0259 bu t\u0259l\u0259bd\u0259n ir\u0259li g\u0259lirdi. 750 min\u0259 yax\u0131n \u00fczv b\u00f6y\u00fck q\u00fcvv\u0259dir. Bu, yaln\u0131z r\u0259q\u0259m deyil, eyni zamanda, h\u0259yata ke\u00e7iril\u0259n siyas\u0259t\u0259 d\u0259st\u0259k, partiyan\u0131n bu g\u00fcn\u00fcn\u0259 v\u0259 g\u0259l\u0259c\u0259yin\u0259 inam\u0131n g\u00f6st\u0259ricisidir. M\u0259hz bu inam partiyan\u0131n \u00f6lk\u0259d\u0259 ke\u00e7iril\u0259n h\u0259r bir se\u00e7ki prosesind\u0259n b\u00f6y\u00fck q\u0259l\u0259b\u0259 il\u0259 \u00e7\u0131xmas\u0131n\u0131 \u015f\u0259rtl\u0259ndirir.<\/p>\n<p>2018-ci il \u00f6lk\u0259mizd\u0259 prezident se\u00e7kil\u0259ri ili kimi xarakteriz\u0259 olunur. H\u0259r bir se\u00e7ki prosesin\u0259 b\u00f6y\u00fck ruh y\u00fcks\u0259kliyi il\u0259 qat\u0131lan Yeni Az\u0259rbaycan Partiyas\u0131n\u0131n se\u00e7diyi \u015f\u00fcarlara diqq\u0259t yetirdikd\u0259 partiyan\u0131n m\u0259qs\u0259d v\u0259 m\u0259ram\u0131 \u00f6z\u00fcn\u00fc qabar\u0131q \u015f\u0259kild\u0259 b\u00fcruz\u0259 verir. &#8220;Davaml\u0131 inki\u015faf, y\u00fcks\u0259k rifah&#8221;, &#8220;Yeni h\u0259d\u0259fl\u0259r\u0259 do\u011fru&#8221; deyib, f\u0259aliyy\u0259tinin \u0259sas\u0131nda d\u00f6vl\u0259t\u0259, xalqa xidm\u0259tin dayand\u0131\u011f\u0131n\u0131 bir daha t\u0259sdiql\u0259y\u0259n Yeni Az\u0259rbaycan Partiyas\u0131 2018-ci il prezident se\u00e7kil\u0259rind\u0259 u\u011furlar\u0131m\u0131z\u0131n davaml\u0131l\u0131\u011f\u0131n\u0131n t\u0259min edilm\u0259si \u00fc\u00e7\u00fcn &#8220;\u0130lhamla ir\u0259li&#8221; s\u00f6yl\u0259di. N\u00f6vb\u0259ti 7 ilin h\u0259d\u0259fl\u0259ri m\u00fc\u0259yy\u0259nl\u0259\u015fdiril\u0259r\u0259k, onlara yaln\u0131z v\u0259 yaln\u0131z Prezident \u0130lham \u018fliyevin r\u0259hb\u0259rliyi il\u0259 nail olma\u011f\u0131n m\u00fcmk\u00fcnl\u00fcy\u00fc veril\u0259n s\u0259sl\u0259rl\u0259 t\u0259sdiql\u0259ndi. D\u00f6vl\u0259timizin ba\u015f\u00e7\u0131s\u0131 \u0130lham \u018fliyev bu d\u0259st\u0259yi andi\u00e7m\u0259 m\u0259rasimind\u0259 bel\u0259 d\u0259y\u0259rl\u0259ndirmi\u015fdir: &#8220;M\u0259n h\u0259mi\u015f\u0259 Az\u0259rbaycan xalq\u0131n\u0131n d\u0259st\u0259yini hiss etmi\u015f\u0259m v\u0259 hiss edir\u0259m. Bu d\u0259st\u0259k m\u0259n\u0259 g\u00fcc verir. M\u0259n bu d\u0259st\u0259y\u0259 arxalan\u0131ram v\u0259 xalq\u0131 bir daha \u0259min etm\u0259k ist\u0259yir\u0259m ki, bundan sonra da xalqa v\u0259 V\u0259t\u0259n\u0259 l\u0259yaq\u0259tl\u0259 xidm\u0259t ed\u0259c\u0259y\u0259m. Prezident se\u00e7kil\u0259ri Az\u0259rbaycan xalq\u0131n\u0131n irad\u0259sini \u0259ks etdirib. Az\u0259rbaycan xalq\u0131 g\u00f6r\u00fcl\u0259n i\u015fl\u0259r\u0259 y\u00fcks\u0259k qiym\u0259t vermi\u015fdir, g\u00f6r\u00fcl\u0259n i\u015fl\u0259r\u0259 s\u0259s vermi\u015fdir. \u0130nki\u015fafa, t\u0259r\u0259qqiy\u0259, t\u0259hl\u00fck\u0259sizliy\u0259, g\u0259l\u0259c\u0259k inki\u015faf\u0131m\u0131za s\u0259s vermi\u015fdir&#8221;.<\/p>\n<p>Yeni Az\u0259rbaycan Partiyas\u0131n\u0131 xalq\u0131n partiyas\u0131na \u00e7evir\u0259n, q\u0259l\u0259b\u0259l\u0259r partiyas\u0131 kimi tan\u0131dan &#8211; tutdu\u011fu yola sadiqliyi, populizmd\u0259n uzaq olmas\u0131, h\u0259r add\u0131m\u0131nda d\u00f6vl\u0259tin maraqlar\u0131n\u0131 \u00fcst\u00fcn tutmas\u0131d\u0131r. Qeyd etdiyimiz kimi, Az\u0259rbaycan\u0131n 27 illik m\u00fcst\u0259qillik tarixinin b\u0259l\u0259d\u00e7isi olan partiya m\u00fcst\u0259qil Az\u0259rbaycan\u0131n qurucusu ulu \u00f6nd\u0259r Heyd\u0259r \u018fliyevin d\u00fczg\u00fcn m\u00fc\u0259yy\u0259nl\u0259\u015fdirdiyi siyas\u0259tin son 15 ild\u0259 Prezident \u0130lham \u018fliyev t\u0259r\u0259find\u0259n u\u011furla davam etdirilm\u0259si n\u0259tic\u0259sind\u0259 \u0259ld\u0259 olunan u\u011furlar say\u0259sind\u0259 d\u0259 \u00f6z\u00fcn\u0259 inam\u0131 v\u0259 etimad\u0131 g\u00fccl\u0259ndirir.<\/p>\n<p>26 illik z\u0259ngin tarixin s\u0259hif\u0259l\u0259rini bir Az\u0259rbaycan v\u0259t\u0259nda\u015f\u0131, c\u0259miyy\u0259tin g\u00fczg\u00fcs\u00fc olan m\u0259tbuat\u0131n n\u00fcmay\u0259nd\u0259si, &#8220;91-l\u0259r&#8221;d\u0259n biri kimi v\u0259r\u0259ql\u0259m\u0259yi \u00f6z\u00fcm\u0259 borc bilir\u0259m.<\/p>\n<p><strong>Sabitlik v\u0259 t\u0259hl\u00fck\u0259sizlik inki\u015faf\u0131 \u015f\u0259rtl\u0259ndir\u0259n \u0259sas amill\u0259rdir<\/strong><\/p>\n<p>Qeyd etdiyimiz kimi, Yeni Az\u0259rbaycan Partiyas\u0131 yarand\u0131qdan 7 ay sonra iqtidar partiyas\u0131na \u00e7evrildi. 1993-c\u00fc ild\u0259 ulu \u00f6nd\u0259r Heyd\u0259r \u018fliyevin xalq\u0131n t\u0259kidli t\u0259l\u0259bi il\u0259 hakimiyy\u0259t\u0259 qay\u0131d\u0131\u015f\u0131 h\u0259m Az\u0259rbaycan\u0131n, h\u0259m d\u0259 Yeni Az\u0259rbaycan Partiyas\u0131n\u0131n h\u0259yat\u0131nda yeni m\u0259rh\u0259l\u0259nin \u0259sas\u0131n\u0131 qoydu. M\u00fcst\u0259qilliyimizin ilk ill\u0259rind\u0259 ya\u015fanan a\u011fr\u0131l\u0131-ac\u0131l\u0131, o \u00e7\u0259tin durum yadda\u015flardad\u0131r. \u00dcmummilli lider Heyd\u0259r \u018fliyevin qeyd etdiyi kimi, tariximizin h\u0259r bir s\u0259hif\u0259si bizim \u00fc\u00e7\u00fcn \u0259ziz olmal\u0131, ke\u00e7mi\u015fd\u0259n n\u0259tic\u0259 \u00e7\u0131xar\u0131lmal\u0131d\u0131r.<\/p>\n<p>Tarixi paralell\u0259r \u0259sas\u0131nda Az\u0259rbaycan\u0131n m\u00fcst\u0259qillik yolunun he\u00e7 d\u0259 hamar olmad\u0131\u011f\u0131n\u0131 ayd\u0131n g\u00f6rm\u0259k m\u00fcmk\u00fcnd\u00fcr. Bu \u0259sas m\u0259qam\u0131 da x\u00fcsusi vur\u011fulamaq laz\u0131md\u0131r ki, m\u00f6ht\u0259r\u0259m Prezidentimiz \u0130lham \u018fliyevin S\u0259r\u0259ncam\u0131 \u0259sas\u0131nda 2018-ci ilin \u00f6lk\u0259mizd\u0259 &#8220;Az\u0259rbaycan Xalq C\u00fcmhuriyy\u0259ti \u0130li&#8221; elan edilm\u0259si tariximizin ayr\u0131-ayr\u0131 d\u00f6vrl\u0259rin\u0259 n\u0259z\u0259r salma\u011fa, onlardan d\u0259rs alma\u011fa, \u0259n \u0259sas\u0131 z\u0259ngin tariximizl\u0259 q\u00fcrur duyma\u011fa \u0259sas yarad\u0131r.<\/p>\n<p>1991-1993-c\u00fc ilin yay\u0131na q\u0259d\u0259r olan d\u00f6vr Az\u0259rbaycan tarixin\u0259 xaos, anarxiya, \u00f6zba\u015f\u0131nal\u0131q, iqtisadi b\u00f6hran ill\u0259ri kimi yaz\u0131l\u0131b. H\u0259min d\u00f6vr\u00fcn iqtidar\u0131n\u0131n s\u0259ri\u015ft\u0259sizliyi, idar\u0259\u00e7ilik qabiliyy\u0259tinin yoxlu\u011fu, \u015f\u0259xsi ambisiyalar\u0131n\u0131 d\u00f6vl\u0259t maraqlar\u0131ndan \u00fcst\u00fcn tutmalar\u0131 ucbat\u0131ndan Az\u0259rbaycan \u00f6z d\u00f6vl\u0259t m\u00fcst\u0259qilliyini itirm\u0259k t\u0259hl\u00fck\u0259sini ya\u015fay\u0131rd\u0131. Bel\u0259 \u00e7\u0259tin m\u0259qamda ulu \u00f6nd\u0259r Heyd\u0259r \u018fliyev ona \u00fcz tutan xalq\u0131n\u0131 \u00fcmidsiz qoymad\u0131. O, hakimiyy\u0259t\u0259 qay\u0131d\u0131\u015f\u0131 il\u0259 Az\u0259rbaycan\u0131 d\u00fc\u015fd\u00fcy\u00fc a\u011f\u0131r probleml\u0259rd\u0259n xilas etdi, \u0259n \u0259sas\u0131 \u00f6lk\u0259d\u0259 sabitliyi t\u0259min etm\u0259kl\u0259, h\u0259r sah\u0259d\u0259 u\u011furlara yol a\u00e7d\u0131. \u00dcmummilli Liderin g\u0259rgin s\u0259yl\u0259ri n\u0259tic\u0259sind\u0259 1994-c\u00fc il may\u0131n 12-d\u0259 at\u0259\u015fk\u0259s sazi\u015finin imzalanmas\u0131 bug\u00fcnk\u00fc u\u011furlar\u0131m\u0131z\u0131 \u015f\u0259rtl\u0259ndirdi. Q\u0131sa m\u00fcdd\u0259td\u0259 sabitlik diyar\u0131na \u00e7evril\u0259n Az\u0259rbaycan b\u00f6y\u00fck investisiyalar m\u0259kan\u0131 kimi tan\u0131nd\u0131. Bu g\u00fcn b\u00f6y\u00fck f\u0259xr hissi il\u0259 qeyd edirik ki, \u00f6lk\u0259 iqtisadiyyat\u0131na yat\u0131r\u0131lan investisiyalar\u0131n h\u0259cmi 250 milyard dollardan art\u0131qd\u0131r.<\/p>\n<p>Demokratiya sabitliyin v\u0259 qanunun aliliyinin t\u0259min oldu\u011fu \u015f\u0259raitd\u0259 inki\u015faf edir, bu halda Az\u0259rbaycan\u0131n u\u011furlar\u0131 t\u0259qdir\u0259layiqdir. Sabitliyin t\u0259minat\u0131nda, \u00f6lk\u0259d\u0259 m\u00f6vcud ab-havan\u0131n y\u00fcks\u0259k s\u0259viyy\u0259d\u0259 olmas\u0131nda is\u0259 \u0259sas faktor xalq-iqtidar birliyi, h\u0259mr\u0259yliyidir. Az\u0259rbaycan\u0131n regionda sabitl\u0259\u015fdirici faktor kimi tan\u0131nmas\u0131 v\u0259 n\u00fcfuz qazanmas\u0131nda bu amilin rolu inkaredilm\u0259zdir. \u00d6lk\u0259 Prezidenti \u0130lham \u018fliyev sabitliyi b\u00fct\u00fcn inki\u015faf\u0131n \u0259sas\u0131 kimi d\u0259y\u0259rl\u0259ndir\u0259r\u0259k bildirir: &#8220;Bu, aksiomad\u0131r. Bunu biz yax\u0131n tarixd\u0259 d\u0259f\u0259l\u0259rl\u0259 g\u00f6rm\u00fc\u015f\u00fck. Sabitlik pozulan zaman inki\u015faf da dayan\u0131r, \u00f6lk\u0259 iqtisadiyyat\u0131 t\u0259n\u0259zz\u00fcl\u0259 u\u011fray\u0131r, s\u0259rmay\u0259 qoyulu\u015fu dayan\u0131r. Bir s\u00f6zl\u0259, sabitlik h\u0259r bir \u00f6lk\u0259nin inki\u015faf\u0131 \u00fc\u00e7\u00fcn ba\u015fl\u0131ca \u015f\u0259rtdir. Az\u0259rbaycanda is\u0259 sabitliyin m\u0259nb\u0259yi Az\u0259rbaycan xalq\u0131d\u0131r, onun irad\u0259sidir v\u0259 eyni zamanda, bizim apard\u0131\u011f\u0131m\u0131z siyas\u0259tdir. \u00c7\u00fcnki bizim siyas\u0259timiz milli maraqlara s\u00f6yk\u0259nir, milli maraqlar\u0131m\u0131z bizim \u00fc\u00e7\u00fcn h\u0259r \u015feyd\u0259n \u00fcst\u00fcnd\u00fcr. \u00d6lk\u0259mizin t\u0259hl\u00fck\u0259sizliyi, sabitliyi, iqtisadi v\u0259 sosial inki\u015faf\u0131, beyn\u0259lxalq arenadak\u0131 artan rolu sabitliyin t\u0259minat\u00e7\u0131s\u0131d\u0131r&#8221;.<\/p>\n<p>Demokratikl\u0259\u015fm\u0259 prosesinin s\u00fcr\u0259tl\u0259ndirilm\u0259si \u00f6lk\u0259nin h\u0259rt\u0259r\u0259fli inki\u015faf\u0131nda \u0259sas amildir. D\u00f6vl\u0259timizin insan h\u00fcquq v\u0259 azadl\u0131qlar\u0131n\u0131n qorunmas\u0131, m\u0259tbuat azadl\u0131\u011f\u0131n\u0131n t\u0259min edilm\u0259si, se\u00e7kil\u0259rin demokratik, beyn\u0259lxalq standartlara uy\u011fun ke\u00e7irilm\u0259si, siyasi partiyalar\u0131n, qeyri-h\u00f6kum\u0259t t\u0259\u015fkilatlar\u0131n\u0131n normal f\u0259aliyy\u0259tl\u0259rinin t\u0259minat\u0131 istiqam\u0259tind\u0259 atd\u0131\u011f\u0131 add\u0131mlar g\u00f6z \u00f6n\u00fcnd\u0259dir. Milli Konstitusiyam\u0131z\u0131n q\u0259bulundan \u00f6t\u0259n 23 ild\u0259 bu s\u0259n\u0259d\u0259 3 d\u0259f\u0259 \u0259lav\u0259 v\u0259 d\u0259yi\u015fiklikl\u0259rin edilm\u0259si il\u0259 ba\u011fl\u0131 referendumun ke\u00e7irilm\u0259si, Se\u00e7ki M\u0259c\u0259ll\u0259sinin t\u0259kmill\u0259\u015fdirilm\u0259si istiqam\u0259tind\u0259 at\u0131lan add\u0131mlar, m\u0259tbuat azadl\u0131\u011f\u0131n\u0131n t\u0259minat\u0131na, eyni zamanda, jurnalist m\u0259suliyy\u0259tinin v\u0259 pe\u015f\u0259karl\u0131\u011f\u0131n\u0131n art\u0131r\u0131lmas\u0131na y\u00f6n\u0259l\u0259n davaml\u0131 t\u0259dbirl\u0259r bir daha bu reall\u0131\u011f\u0131 t\u0259sdiql\u0259yir ki, Az\u0259rbaycan\u0131n demokratiya t\u0259cr\u00fcb\u0259si \u00f6yr\u0259nilm\u0259y\u0259 layiqdir.<\/p>\n<p>Az\u0259rbaycan\u0131n 2001-ci ilin yanvar\u0131nda demokratik islahatlar\u0131n inki\u015faf\u0131 il\u0259 m\u0259\u015f\u011ful olan d\u00fcnyan\u0131n n\u00fcfuzlu t\u0259\u015fkilat\u0131 Avropa \u015euras\u0131na tamh\u00fcquqlu \u00fczv kimi q\u0259bulu, \u00f6t\u0259n 17 ild\u0259 \u0259laq\u0259l\u0259rin inki\u015faf\u0131 Az\u0259rbaycan\u0131n demokratik islahatlara sadiqliyini s\u00f6zd\u0259 deyil, \u0259m\u0259ld\u0259 t\u0259sdiql\u0259diyinin n\u00fcmayi\u015fidir. \u0130nsan h\u00fcquq v\u0259 azadl\u0131qlar\u0131n\u0131n qorunmas\u0131 v\u0259 yeni m\u00fcdafi\u0259 mexanizml\u0259rinin m\u00fc\u0259yy\u0259nl\u0259\u015fdirilm\u0259si istiqam\u0259tind\u0259 at\u0131lan add\u0131mlar\u0131n \u00fcmumil\u0259\u015fdirilmi\u015f ifad\u0259si kimi 18 iyun tarixinin \u00f6lk\u0259mizd\u0259 \u0130nsan H\u00fcquqlar\u0131 G\u00fcn\u00fc kimi t\u0259sis edilm\u0259sidir. Milli Konstitusiyam\u0131za \u0259lav\u0259 v\u0259 d\u0259yi\u015fiklikl\u0259rin edilm\u0259si m\u0259qs\u0259dil\u0259 ke\u00e7iril\u0259n \u00fcmumxalq s\u0259sverm\u0259sin\u0259 \u00e7\u0131xar\u0131lan m\u0259s\u0259l\u0259l\u0259r\u0259 d\u0259 diqq\u0259t yetirdikd\u0259 v\u0259t\u0259nda\u015f amilin\u0259 veril\u0259n d\u0259y\u0259r \u00f6z\u00fcn\u00fc qabar\u0131q \u015f\u0259kild\u0259 n\u00fcmayi\u015f etdirir. M\u0259hz son referendumda \u0259lav\u0259 v\u0259 d\u0259yi\u015fiklikl\u0259rin bir qismi insan h\u00fcquq v\u0259 azadl\u0131qlar\u0131n\u0131n qorunmas\u0131na, bir qismi is\u0259 idar\u0259etm\u0259 sistemind\u0259 t\u0259kmill\u0259\u015fm\u0259y\u0259 xidm\u0259t edir.<\/p>\n<p>C\u0259miyy\u0259tin g\u00fczg\u00fcs\u00fc kimi d\u0259y\u0259rl\u0259ndiril\u0259n m\u0259tbuat\u0131n da zaman\u0131n t\u0259l\u0259bin\u0259 uy\u011fun t\u0259kmill\u0259\u015fdiyi, yenil\u0259\u015fdiyi g\u00f6z \u00f6n\u00fcnd\u0259dir. M\u0259tbuat\u0131n \u00fcz\u0259rind\u0259n senzuran\u0131n g\u00f6t\u00fcr\u00fclm\u0259si, maddi-texniki bazas\u0131n\u0131n m\u00f6hk\u0259ml\u0259ndirilm\u0259si, K\u0130V-l\u0259rin inki\u015faf\u0131na D\u00f6vl\u0259t D\u0259st\u0259yi Konsepsiyas\u0131n\u0131n q\u0259bulu v\u0259 bu s\u0259n\u0259d\u0259 uy\u011fun olaraq Az\u0259rbaycan Respublikas\u0131 Prezidenti yan\u0131nda K\u0130V-l\u0259rin \u0130nki\u015faf\u0131na D\u00f6vl\u0259t D\u0259st\u0259yi Fondunun yarad\u0131lmas\u0131, h\u0259m\u00e7inin 2003-c\u00fc ild\u0259 jurnalistl\u0259rin I Qurultay\u0131nda m\u0259tbuat\u0131 t\u0259nziml\u0259m\u0259 funksiyas\u0131n\u0131 yerin\u0259 yetir\u0259n M\u0259tbuat \u015euras\u0131n\u0131n formala\u015fmas\u0131, h\u0259m\u00e7inin h\u0259r bir sah\u0259 kimi m\u0259tbuat\u0131n inki\u015faf\u0131na xidm\u0259t ed\u0259n qanunlar\u0131n q\u0259bulu, Konstitusiyada \u0259ksini tapan &#8220;M\u0259lumat azadl\u0131\u011f\u0131&#8221; kimi madd\u0259l\u0259rd\u0259 t\u0259kmill\u0259\u015fm\u0259 v\u0259 s kimi biri-birind\u0259n \u00f6n\u0259mli add\u0131mlar \u00fcmumilikd\u0259 d\u00fcnya informasiya m\u0259kan\u0131na inteqrasiya siyas\u0259ti h\u0259yata ke\u00e7ir\u0259n Az\u0259rbaycanda m\u00fcst\u0259qil m\u0259tbuat\u0131n inki\u015faf\u0131na diqq\u0259t v\u0259 qay\u011f\u0131n\u0131 n\u00fcmayi\u015f etdirir. \u00d6lk\u0259mizd\u0259 \u0259halinin 80 faizd\u0259n \u00e7oxunun internet istifad\u0259\u00e7isi olmas\u0131 da m\u00fcst\u0259qil, azad m\u0259tbuat\u0131n inki\u015faf\u0131n\u0131n g\u00f6st\u0259ricisidir.<\/p>\n<p>Demokratiyan\u0131n vacib amill\u0259rind\u0259n biri d\u0259 se\u00e7kil\u0259rin azad, \u015f\u0259ffaf v\u0259 d\u00fcnya standartlar\u0131na uy\u011fun ke\u00e7irilm\u0259sidir. 2003-c\u00fc ild\u0259 Az\u0259rbaycan h\u00f6kum\u0259ti il\u0259 Avropa \u015euras\u0131 Venesiya Komissiyas\u0131, h\u0259m\u00e7inin AT\u018fT-in Demokratik T\u0259sisatlar v\u0259 \u0130nsan Haqlar\u0131 B\u00fcrosu il\u0259 birg\u0259 \u0259m\u0259kda\u015fl\u0131q n\u0259tic\u0259sind\u0259 q\u0259bul olunan Se\u00e7ki M\u0259c\u0259ll\u0259sin\u0259 zaman\u0131n t\u0259l\u0259bin\u0259 uy\u011fun olaraq m\u00fct\u0259madi \u0259lav\u0259 v\u0259 d\u0259yi\u015fiklikl\u0259rin edilm\u0259si Az\u0259rbaycan d\u00f6vl\u0259tinin se\u00e7ki<\/p>\n<p>prosesinin \u015f\u0259ffafl\u0131\u011f\u0131nda v\u0259 demokratikliyind\u0259 maraql\u0131 oldu\u011funu bir daha t\u0259sdiql\u0259yir. H\u0259r bir se\u00e7ki prosesin\u0259 t\u0259kmil se\u00e7ki t\u0259cr\u00fcb\u0259si il\u0259 qat\u0131lan Yeni Az\u0259rbaycan Partiyas\u0131 kampaniyan\u0131n h\u0259r bir m\u0259rh\u0259l\u0259sini demokratik, beyn\u0259lxalq standartlara uy\u011fun h\u0259yata ke\u00e7irm\u0259k \u00fc\u00e7\u00fcn ciddi s\u0259yl\u0259r g\u00f6st\u0259rir, u\u011furlu n\u0259tic\u0259l\u0259r is\u0259 g\u00f6z \u00f6n\u00fcnd\u0259dir. Beyn\u0259lxalq t\u0259cr\u00fcb\u0259l\u0259r olan &#8220;exit poll&#8221;un ke\u00e7irilm\u0259si, barma\u011f\u0131n g\u00f6z\u0259g\u00f6r\u00fcnm\u0259y\u0259n m\u00fcr\u0259kk\u0259b\u0259 boyanmas\u0131 v\u0259 s. kimi yenilikl\u0259rin t\u0259tbiqi d\u0259 bu demokratikliyi, \u015f\u0259ffafl\u0131\u011f\u0131 art\u0131r\u0131r.<\/p>\n<p>D\u00f6vl\u0259timizin ba\u015f\u00e7\u0131s\u0131 \u0130lham \u018fliyevin daim qeyd etdiyi kimi, iqtisadi v\u0259 siyasi islahatlar\u0131n v\u0259hd\u0259tliyi davaml\u0131 inki\u015faf\u0131 t\u0259min edir. Demokratikl\u0259\u015fm\u0259nin \u0259sas\u0131 kimi \u00f6lk\u0259mizd\u0259 sabitliyin, t\u0259hl\u00fck\u0259sizliyin t\u0259minat\u0131 bu inki\u015faf \u00fc\u00e7\u00fcn \u0259sas stimulverici amildir. Az\u0259rbaycan\u0131n m\u00fcxt\u0259lif humanitar, iqtisadi, siyasi t\u0259dbirl\u0259r \u00fc\u00e7\u00fcn ideal m\u0259kan kimi q\u0259bul olunmas\u0131nda da sabitl\u0259\u015fdirici faktor kimi rolu \u0259sas yer tutur. Tolerantl\u0131q t\u0259cr\u00fcb\u0259si v\u0259 multikultural d\u0259y\u0259rl\u0259rin inki\u015faf\u0131na t\u00f6hf\u0259l\u0259ri t\u0259qdir olunur. Bunun t\u0259sdiqi 2016-c\u0131 ilin \u00f6lk\u0259mizd\u0259 &#8220;Multikulturalizm \u0130li&#8221;, 2017-ci ilin is\u0259 &#8220;\u0130slam H\u0259mr\u0259yliyi \u0130li&#8221; elan edilm\u0259si, m\u00fcxt\u0259lif m\u0259d\u0259niyy\u0259tl\u0259raras\u0131, dinl\u0259raras\u0131 dialoq t\u0259dbirl\u0259rin\u0259 ev sahibliyi etm\u0259sini qeyd ed\u0259 bil\u0259rik. B\u00fct\u00fcn bunlar Az\u0259rbaycan\u0131n sabit \u00f6lk\u0259 imicin\u0259 yeni-yeni \u0259lav\u0259l\u0259r etm\u0259kl\u0259, d\u00fcnyaya bir s\u00fclh, h\u0259mr\u0259ylik mesaj\u0131d\u0131r.<\/p>\n<p><strong>\u0130qtisadiyyat\u0131 g\u00fccl\u00fc olan d\u00f6vl\u0259t h\u0259r \u015fey\u0259 qadirdir<\/strong><\/p>\n<p>Az\u0259rbaycan tarix\u0259n neft \u00f6lk\u0259si kimi tan\u0131n\u0131b, n\u00fcfuz qazan\u0131b. Xalq\u0131m\u0131z\u0131n m\u00fcst\u0259qillik arzular\u0131n\u0131n \u0259sas t\u0259rkib hiss\u0259l\u0259rind\u0259n biri d\u0259 m\u0259hz malik oldu\u011fu t\u0259bii resurslar\u0131n \u0259sl sahibin\u0259 \u00e7evrilm\u0259k olub. 1993-c\u00fc ild\u0259 ulu \u00f6nd\u0259r Heyd\u0259r \u018fliyevin xalq\u0131n t\u0259kidli t\u0259l\u0259bi il\u0259 hakimiyy\u0259t\u0259 qay\u0131d\u0131\u015f\u0131 xalq\u0131m\u0131za bu sevinci d\u0259 ya\u015fatd\u0131. 1994-c\u00fc il sentyabr\u0131n 20-d\u0259 imzalanan &#8220;\u018fsrin m\u00fcqavil\u0259si&#8221; Az\u0259rbaycan\u0131n iqtisadi inki\u015faf\u0131n\u0131n, d\u00fcnya iqtisadi sistemin\u0259 inteqrasiyas\u0131n\u0131n \u0259sas\u0131n\u0131 qoydu. Neft strategiyas\u0131n\u0131n \u0259h\u0259miyy\u0259tind\u0259n b\u0259hs ed\u0259rk\u0259n siyasi t\u0259r\u0259f daha \u00e7ox \u00f6n\u0259 \u00e7\u0259kilir. Bu sazi\u015f Az\u0259rbaycan\u0131n bu g\u00fcn\u00fcn\u0259 v\u0259 g\u0259l\u0259c\u0259yin\u0259 inam\u0131 art\u0131rd\u0131. \u018fvv\u0259ld\u0259 d\u0259 qeyd etdiyimiz kimi, \u00f6lk\u0259 iqtisadiyyat\u0131na 250 milyard dollara yax\u0131n investisiyan\u0131n yat\u0131r\u0131lmas\u0131 \u00f6lk\u0259miz\u0259 olan inam\u0131n g\u00f6st\u0259ricisidir. Eyni zamanda, &#8220;\u018fsrin m\u00fcqavil\u0259si&#8221;nd\u0259n sonra onlarla sazi\u015f, anla\u015fma memorandumlar\u0131 imzaland\u0131. \u018fn \u0259sas\u0131 m\u00fcqavil\u0259nin imzalanmas\u0131n\u0131n 23 illiyi \u0259r\u0259f\u0259sind\u0259 &#8220;Yeni \u0259srin m\u00fcqavil\u0259si&#8221;nin imzalanmas\u0131 Az\u0259rbaycan\u0131n beyn\u0259lxalq al\u0259md\u0259 etibarl\u0131 t\u0259r\u0259fda\u015f kimi qazand\u0131\u011f\u0131 m\u00f6vqey\u0259 i\u015f\u0131q sald\u0131.<\/p>\n<p>Az\u0259rbaycan\u0131n bu g\u00fcn d\u00fcnyan\u0131n enerji t\u0259hl\u00fck\u0259sizliyinin t\u0259minat\u0131nda \u0259sas rol oynamas\u0131na m\u00f6hk\u0259m t\u0259m\u0259l yaran\u0131b. 2006-c\u0131 v\u0259 2007-ci ill\u0259rd\u0259 \u00e7oxlar\u0131na \u0259fsan\u0259 kimi g\u00f6r\u00fcn\u0259n BTC v\u0259 BT\u018f neft-qaz k\u0259m\u0259rl\u0259rinin istifad\u0259y\u0259 verilm\u0259si layih\u0259l\u0259rin davaml\u0131l\u0131\u011f\u0131n\u0131 t\u0259min etdi. Bel\u0259 ki, 2014-c\u00fc ild\u0259 &#8220;C\u0259nub Qaz D\u0259hlizi&#8221;nin t\u0259m\u0259li qoyuldu v\u0259 2018-ci ilin may\u0131nda r\u0259smi a\u00e7\u0131l\u0131\u015f\u0131 oldu. Bu ilin iyununda onun \u0259sas t\u0259rkib hiss\u0259l\u0259rind\u0259n olan TANAP istifad\u0259y\u0259 verildi. Az\u0259rbaycan bu layih\u0259l\u0259rin u\u011furlu sonluqla ba\u015fa \u00e7atmas\u0131 il\u0259 t\u0259\u015f\u0259bb\u00fcsl\u0259ri ger\u00e7\u0259kliy\u0259 \u00e7evir\u0259n \u00f6lk\u0259 kimi m\u00f6vqeyini daha da m\u00f6hk\u0259ml\u0259ndirdi. Son ill\u0259rin u\u011furlar\u0131ndan 2017-ci ilin noyabr\u0131nda \u0130ki Milyard\u0131nc\u0131 Ton Az\u0259rbaycan neftinin hasil olunmas\u0131n\u0131 da qeyd etm\u0259liyik.<\/p>\n<p>Neft-qaz s\u0259nayesinin inki\u015faf\u0131n\u0131 iqtisadiyyat\u0131n \u0259sas\u0131 kimi d\u0259y\u0259rl\u0259ndir\u0259n Prezident \u0130lham \u018fliyev, eyni zamanda, bu m\u0259qs\u0259di d\u0259 qar\u015f\u0131ya qoyub ki, iqtisadi art\u0131m qeyri-neft sektorunun hesab\u0131na olmal\u0131d\u0131r. 2003-c\u00fc ild\u0259n bu g\u00fcn\u0259 q\u0259d\u0259r qeyd olunan istiqam\u0259td\u0259 at\u0131lan add\u0131mlar v\u0259 onlar\u0131n u\u011furlu n\u0259tic\u0259l\u0259ri g\u00f6z \u00f6n\u00fcnd\u0259dir. D\u00f6vl\u0259timizin ba\u015f\u00e7\u0131s\u0131 regionlar\u0131n malik oldu\u011fu potensial imkanlardan s\u0259m\u0259r\u0259li istifad\u0259ni t\u0259min etm\u0259k m\u0259qs\u0259dil\u0259 2004-c\u00fc ild\u0259 ilk D\u00f6vl\u0259t Proqram\u0131n\u0131 t\u0259sdiql\u0259di v\u0259 onun u\u011furlu icras\u0131 n\u00f6vb\u0259ti iki s\u0259n\u0259din q\u0259bulunu z\u0259rur\u0259t\u0259 \u00e7evirdi. Art\u0131q g\u0259l\u0259n il d\u00f6rd\u00fcnc\u00fc D\u00f6vl\u0259t Proqram\u0131n\u0131n icras\u0131na ba\u015flan\u0131lacaq.<\/p>\n<p>D\u00f6vl\u0259t proqramlar\u0131n\u0131n u\u011furlu icras\u0131 sosial-iqtisadi g\u00f6st\u0259ricil\u0259rd\u0259n d\u0259 ayd\u0131n g\u00f6r\u00fcn\u00fcr. Son 15 ild\u0259 \u00fcmumi daxili m\u0259hsulun 3 d\u0259f\u0259d\u0259n \u00e7ox artmas\u0131, iki milyona yax\u0131n yeni i\u015f yerinin yarad\u0131lmas\u0131, yoxsulluq v\u0259 i\u015fsizlik s\u0259viyy\u0259sinin 5 faiz\u0259 enm\u0259si, \u00f6lk\u0259 iqtisadiyyat\u0131na investisiya qoyulu\u015funun ilb\u0259il artmas\u0131, valyuta ehtiyatlar\u0131m\u0131z\u0131n art\u0131m\u0131, h\u0259m\u00e7inin iqtisadi t\u0259r\u0259qqiy\u0259 \u0259saslanaraq g\u00fccl\u00fc sosial siyas\u0259t \u0259sas\u0131nda \u0259m\u0259k haqlar\u0131n\u0131n, pensiyalar\u0131n d\u0259f\u0259l\u0259rl\u0259 art\u0131m\u0131 v\u0259 s. kimi biri-birind\u0259n \u00f6n\u0259mli u\u011furlar\u0131m\u0131z d\u00f6vl\u0259timizin d\u00fc\u015f\u00fcn\u00fclm\u00fc\u015f, g\u0259l\u0259c\u0259y\u0259 hesablanm\u0131\u015f siyas\u0259tinin m\u0259ntiqi n\u0259tic\u0259sidir.<\/p>\n<p>Bu m\u0259qam\u0131 da x\u00fcsusi qeyd ed\u0259k ki, 1999-cu ild\u0259 D\u00f6vl\u0259t Neft Fondunun yarad\u0131lmas\u0131 ulu \u00f6nd\u0259r Heyd\u0259r \u018fliyevin uzaqg\u00f6r\u0259n siyas\u0259tinin n\u0259tic\u0259sidir. Neft g\u0259lirl\u0259rinin s\u0259m\u0259r\u0259li istifad\u0259sind\u0259 \u0259h\u0259miyy\u0259tli rol oynayan D\u00f6vl\u0259t Neft Fondu \u015f\u0259ffafl\u0131q kriteriyalar\u0131 \u00fczr\u0259 n\u00fcmun\u0259vi qurum kimi d\u0259y\u0259rl\u0259ndirilir. Fondun aktivl\u0259ri hesab\u0131na m\u00fch\u00fcm sosial-iqtisadi layih\u0259l\u0259r h\u0259yata ke\u00e7irilir ki, onlar da \u00fcmumilikd\u0259 \u00f6lk\u0259nin h\u0259rt\u0259r\u0259fli inki\u015faf\u0131n\u0131 s\u00fcr\u0259tl\u0259ndirir.<\/p>\n<p>Az\u0259rbaycan\u0131n u\u011furlar\u0131 beyn\u0259lxalq maliyy\u0259 qurumlar\u0131n\u0131n hesabatlar\u0131nda da birinciliyini qorumas\u0131na \u0259sas yarad\u0131r. D\u00fcnya Bank\u0131n\u0131n hesabatlar\u0131nda \u00f6lk\u0259miz h\u0259r zaman islahat\u00e7\u0131 \u00f6lk\u0259 kimi n\u00fcfuzunu qoruyub saxlay\u0131r. Beyn\u0259lxalq qurumlar\u0131n proqnozlar\u0131nda bu m\u0259qam da \u00f6z \u0259ksini tap\u0131r ki, enerji layih\u0259l\u0259rinin u\u011furlu icras\u0131 n\u0259tic\u0259sind\u0259 d\u00f6vl\u0259t b\u00fcdc\u0259miz\u0259 milyardlarla v\u0259sait daxil olacaq, Az\u0259rbaycan\u0131n davaml\u0131 inki\u015faf\u0131 t\u0259min edil\u0259c\u0259k. H\u0259r bir add\u0131m \u00fcmumilikd\u0259 bir m\u0259qs\u0259d\u0259 xidm\u0259t edir: \u00f6lk\u0259nin dayan\u0131ql\u0131 inki\u015faf\u0131 t\u0259min edilsin, \u0259halinin sosial m\u00fcdafi\u0259si daha da g\u00fccl\u0259ndirilsin. M\u0259hz g\u00f6r\u00fcl\u0259n i\u015fl\u0259rin, \u0259h\u0259miyy\u0259tli add\u0131mlar\u0131n n\u0259tic\u0259sidir ki, Az\u0259rbaycan \u00f6z\u00fcn\u00fc d\u00fcnyada sosial d\u00f6vl\u0259t kimi t\u0259qdim edib. \u00d6lk\u0259mizin yeni iqtisadi v\u0259 sosial \u00e7a\u011f\u0131r\u0131\u015flar\u0131n m\u00fczakir\u0259si \u00fc\u00e7\u00fcn ideal m\u0259kan se\u00e7ilm\u0259sind\u0259 d\u0259 bu amilin rolu inkaredilm\u0259zdir.<\/p>\n<p>Ulu \u00f6nd\u0259r Heyd\u0259r \u018fliyev m\u00fcst\u0259qillik yolunda ilk add\u0131mlar\u0131n\u0131 atan d\u00f6vl\u0259tin qar\u015f\u0131s\u0131nda dayanan v\u0259zif\u0259l\u0259ri a\u00e7\u0131qlayark\u0259n iki v\u0259 \u00e7oxt\u0259r\u0259fli \u0259laq\u0259l\u0259rin qurulmas\u0131n\u0131 v\u0259 inki\u015faf\u0131n\u0131 \u0259sas amil kimi ir\u0259li s\u00fcr\u00fcrd\u00fc. M\u0259hz 1993-c\u00fc ild\u0259n qoyulan m\u00f6hk\u0259m t\u0259m\u0259l Az\u0259rbaycan\u0131n bug\u00fcnk\u00fc u\u011furlar\u0131n\u0131 \u015f\u0259rtl\u0259ndirir. Bel\u0259 ki, \u00f6lk\u0259mizin dostlar\u0131n\u0131n say\u0131 g\u00fcnb\u0259g\u00fcn \u00e7oxalmaqda, beyn\u0259lxalq n\u00fcfuzu m\u00f6hk\u0259ml\u0259nm\u0259kd\u0259, \u0259n \u0259sas\u0131 s\u00f6z sahibi kimi yeri v\u0259 rolunu art\u0131rmaqdad\u0131r. Az\u0259rbaycan\u0131n 2011-ci ild\u0259 BMT T\u0259hl\u00fck\u0259sizlik \u015euras\u0131na qeyri-daimi \u00fczv se\u00e7ilm\u0259si b\u00f6y\u00fck u\u011fur, \u0259n \u0259sas\u0131 \u00f6lk\u0259mizin \u0259dal\u0259tli m\u00f6vqeyinin t\u0259sdiqi idi.<\/p>\n<p>T\u0259kc\u0259 cari ilin \u00f6t\u0259n d\u00f6vr\u00fcnd\u0259 Az\u0259rbaycan\u0131n xarici siyas\u0259t sah\u0259sind\u0259 \u0259ld\u0259 etdiyi u\u011furlara diqq\u0259t yetirs\u0259k, \u00fcmumi bir m\u0259nz\u0259r\u0259ni yaratm\u0131\u015f olar\u0131q. Az\u0259rbaycanla Avropa \u0130ttifaq\u0131 aras\u0131nda imzalanan &#8220;T\u0259r\u0259fda\u015fl\u0131\u011f\u0131n prioritetl\u0259ri&#8221; adl\u0131 s\u0259n\u0259d \u00f6lk\u0259mizl\u0259 qurum, h\u0259m\u00e7inin \u00fczv d\u00f6vl\u0259tl\u0259r\u0259 m\u00fcnasib\u0259tl\u0259rin bu g\u00fcn\u00fcn\u0259 v\u0259 g\u0259l\u0259c\u0259yin\u0259 i\u015f\u0131q sald\u0131. Bel\u0259 ki, h\u0259min s\u0259n\u0259dd\u0259 b\u00fct\u00fcn sah\u0259l\u0259r \u00fczr\u0259 m\u00f6vcud imkanlar v\u0259 t\u0259r\u0259fda\u015fl\u0131\u011f\u0131n geni\u015fl\u0259ndirilm\u0259sinin z\u0259ruriliyi \u00f6z \u0259ksini tap\u0131b. Almaniya Kansleri Angela Merkelin C\u0259nubi Qafqaz regionuna s\u0259f\u0259ri \u00e7\u0259r\u00e7iv\u0259sind\u0259 Az\u0259rbaycana s\u0259f\u0259ri, \u0259n \u0259sas\u0131 Az\u0259rbaycan\u0131 \u0259n\u0259n\u0259l\u0259ri olan \u00f6lk\u0259 kimi d\u0259y\u0259rl\u0259ndirm\u0259si xarici siyas\u0259t sah\u0259sind\u0259 u\u011furlar\u0131m\u0131z\u0131n t\u0259rkib hiss\u0259sidir. H\u0259m\u00e7inin Az\u0259rbaycan t\u0259kc\u0259 iki t\u0259r\u0259fli deyil, \u00fc\u00e7t\u0259r\u0259fli formatda \u0259laq\u0259l\u0259rin t\u0259\u015f\u0259bb\u00fcs\u00e7\u00fcs\u00fc kimi \u00e7\u0131x\u0131\u015f edir. Az\u0259rbaycan-\u0130ran-Rusiya, Az\u0259rbaycan-\u0130ran-T\u00fcrkiy\u0259, Az\u0259rbaycan-G\u00fcrc\u00fcstan-T\u00fcrkiy\u0259 kimi birlikl\u0259r deyil\u0259nl\u0259rin bariz n\u00fcmun\u0259sidir.<\/p>\n<p>T\u0259bii ki, bu u\u011furlar\u0131m\u0131z yegan\u0259 problemimiz olan Erm\u0259nistan-Az\u0259rbaycan Da\u011fl\u0131q Qaraba\u011f m\u00fcnaqi\u015f\u0259sinin \u0259dal\u0259tli h\u0259llini \u015f\u0259rtl\u0259ndirir. Diplomatik u\u011furlar\u0131m\u0131zla yana\u015f\u0131, iqtisadi imkanlar\u0131m\u0131z\u0131n geni\u015fl\u0259nm\u0259si fonunda ordumuzun g\u00fcc\u00fcn\u00fcn v\u0259 q\u00fcdr\u0259tinin artmas\u0131 da Da\u011fl\u0131q Qaraba\u011f probleminin h\u0259llin\u0259 geni\u015f yol a\u00e7\u0131r. &#8220;Az\u0259rbaycan Xalq C\u00fcmhuriyy\u0259ti \u0130li&#8221; \u00e7\u0259r\u00e7iv\u0259sind\u0259, h\u0259m\u00e7inin Az\u0259rbaycan Silahl\u0131 Q\u00fcvv\u0259l\u0259rinin 100 illiyi, Bak\u0131n\u0131n azad olunmas\u0131n\u0131n 100 illiyi il\u0259 \u0259laq\u0259dar ke\u00e7iril\u0259n paradlar Az\u0259rbaycan Ordusunun malik oldu\u011fu imkanlar\u0131n t\u0259qdimat\u0131d\u0131r. Eyni zamanda, 2016-c\u0131 ilin aprel d\u00f6y\u00fc\u015fl\u0259ri, cari ilin Nax\u00e7\u0131van q\u0259l\u0259b\u0259l\u0259ri bu \u0259minliy\u0259 \u0259sas verir ki, Az\u0259rbaycan Ordusu i\u015f\u011fal alt\u0131nda olan torpaqlar\u0131m\u0131z\u0131 azad etm\u0259k g\u00fcc\u00fcnd\u0259dir. \u00dc\u00e7r\u0259ngli bayra\u011f\u0131m\u0131z\u0131n \u015eu\u015fada, Xank\u0259ndid\u0259 dal\u011falanaca\u011f\u0131 g\u00fcn uzaqda deyil. D\u00f6vl\u0259timizin ba\u015f\u00e7\u0131s\u0131 \u0130lham \u018fliyev beyn\u0259lxalq t\u0259\u015fkilatlar\u0131n tribunalar\u0131ndan Az\u0259rbaycan\u0131n m\u00f6vqeyinin d\u0259yi\u015fm\u0259z oldu\u011funu, torpaqlar\u0131m\u0131z\u0131n bir qar\u0131\u015f\u0131n\u0131n bel\u0259 d\u00fc\u015fm\u0259n\u0259 verilm\u0259y\u0259c\u0259yini b\u0259yan edir.<\/p>\n<p><strong>T\u0259kmill\u0259\u015fm\u0259, m\u00fcasirl\u0259\u015fm\u0259 yeni-yeni h\u0259d\u0259fl\u0259rin a\u00e7ar\u0131d\u0131r<\/strong><\/p>\n<p>\u0130slahatlar\u0131n zaman\u0131n t\u0259l\u0259bin\u0259 uy\u011fun t\u0259kmill\u0259\u015fm\u0259si, Az\u0259rbaycan\u0131n h\u0259r add\u0131m\u0131nda d\u00fcnyan\u0131n qabaqc\u0131l \u00f6lk\u0259l\u0259rinin t\u0259cr\u00fcb\u0259sin\u0259 istinad etm\u0259si yenilik\u00e7i \u00f6lk\u0259 kimi n\u00fcfuzunu daha da art\u0131r\u0131r. Eyni zamanda, yeni texnologiyalar\u0131n inki\u015faf\u0131 v\u0259 t\u0259tbiqinin geni\u015fl\u0259ndirilm\u0259si \u00f6lk\u0259mizin davaml\u0131 inki\u015faf\u0131na t\u0259kan verir. Bu m\u00fch\u00fcm u\u011furumuzu da qeyd etm\u0259liyik ki, art\u0131q \u00fc\u00e7\u00fcnc\u00fc peykimiz orbit\u0259 \u00e7\u0131xar\u0131l\u0131b. M\u00f6ht\u0259r\u0259m Prezidentimiz bu m\u00fcnasib\u0259tl\u0259 xalq\u0131m\u0131za t\u0259brikind\u0259 bildirmi\u015fdir ki, Az\u0259rbaycan qar\u015f\u0131ya qoydu\u011fu b\u00fct\u00fcn v\u0259zif\u0259l\u0259ri u\u011furla icra edir: &#8220;Bizim yolumuz inki\u015faf v\u0259 bu g\u00fcn Az\u0259rbaycan d\u00fcnyada m\u00fcasir texnologiyalar\u0131n inki\u015faf\u0131nda \u00f6z d\u0259y\u0259rli s\u00f6z\u00fcn\u00fc deyir. &#8220;Az\u0259rspace 2&#8243; telekommunikasiya peykinin orbit\u0259 \u00e7\u0131xar\u0131lmas\u0131 bizim n\u00f6vb\u0259ti tarixi q\u0259l\u0259b\u0259mizdir. Bundan sonra da Az\u0259rbaycan yaln\u0131z u\u011furlar, q\u0259l\u0259b\u0259l\u0259r yolu il\u0259 ged\u0259c\u0259k&#8221;.<\/p>\n<p>U\u011furlar\u0131m\u0131za yol a\u00e7an m\u00fch\u00fcm amill\u0259rd\u0259n biri idar\u0259\u00e7ilik sistemind\u0259 t\u0259kmill\u0259\u015fm\u0259 v\u0259 yenil\u0259\u015fm\u0259dir. M\u0259lumdur ki, 2016-c\u0131 ild\u0259 ke\u00e7iril\u0259n referendumda s\u0259sverm\u0259y\u0259 \u00e7\u0131xar\u0131lan \u0259lav\u0259 v\u0259 d\u0259yi\u015fiklikl\u0259rin bir hiss\u0259si m\u0259hz idar\u0259\u00e7ilik sistemind\u0259 t\u0259kmill\u0259\u015fm\u0259y\u0259 xidm\u0259t edir. Prezidentlik m\u00fcdd\u0259tinin 7 il\u0259 q\u0259d\u0259r uzad\u0131lmas\u0131, vitse-prezidentlik institutunun yarad\u0131lmas\u0131, ya\u015f m\u0259hdudiyy\u0259tinin aradan g\u00f6t\u00fcr\u00fclm\u0259si v\u0259 s. kimi m\u00fch\u00fcm m\u0259s\u0259l\u0259l\u0259r bu g\u00fcn\u00fcm\u00fcz\u00fcn reall\u0131qlar\u0131 s\u0131ras\u0131ndad\u0131r.<\/p>\n<p>Heyd\u0259r \u018fliyev Fondunun prezidenti, UNESCO v\u0259 ISESCO-nun xo\u015fm\u0259raml\u0131 s\u0259firi Mehriban xan\u0131m \u018fliyevan\u0131n Az\u0259rbaycan\u0131n Birinci vitse-prezidenti t\u0259yin edilm\u0259si u\u011furlar\u0131m\u0131z\u0131n davaml\u0131l\u0131\u011f\u0131nda m\u00fch\u00fcm amill\u0259rd\u0259ndir. Sosial probleml\u0259rin h\u0259llini daha \u00e7ox \u00f6nd\u0259 saxlayan Mehriban xan\u0131m \u018fliyevan\u0131n \u00f6z do\u011fma yurd-yuvas\u0131ndan did\u0259rgin d\u00fc\u015fm\u00fc\u015f soyda\u015flar\u0131m\u0131z\u0131n sosial m\u00fcdafi\u0259sinin g\u00fccl\u0259ndirilm\u0259sin\u0259 xidm\u0259t ed\u0259n add\u0131mlar\u0131 t\u0259qdir olunur. Mehriban xan\u0131m \u018fliyeva daim bu inam\u0131 ifad\u0259 edir ki, tezlikl\u0259 Da\u011fl\u0131q Qaraba\u011f problemi \u00f6z \u0259dal\u0259tli h\u0259llini tapacaq, soyda\u015flar\u0131m\u0131z \u00f6z do\u011fma yurd-yuvalar\u0131na qay\u0131dacaqlar.<\/p>\n<p>Mehriban xan\u0131m \u018fliyevan\u0131n Heyd\u0259r \u018fliyev Fondunun prezidenti, Yeni Az\u0259rbaycan Partiyas\u0131n\u0131n s\u0259dr m\u00fcavini, UNESCO v\u0259 ISESCO-nun xo\u015fm\u0259raml\u0131 s\u0259firi kimi f\u0259aliyy\u0259ti h\u0259r zaman \u00f6lk\u0259 ictimaiyy\u0259ti t\u0259r\u0259find\u0259n y\u00fcks\u0259k d\u0259y\u0259rl\u0259ndirilir. UNESCO-nun \u00dcmumd\u00fcnya \u0130rs Komit\u0259sinin n\u00f6vb\u0259ti 43-c\u00fc sessiyas\u0131n\u0131n g\u0259l\u0259n il Bak\u0131da ke\u00e7irilm\u0259si il\u0259 ba\u011fl\u0131 q\u0259rar\u0131n q\u0259bul edilm\u0259sind\u0259 t\u0259bii ki, Mehriban xan\u0131m \u018fliyevan\u0131n bu xidm\u0259tl\u0259rinin rolu b\u00f6y\u00fckd\u00fcr. UNESCO il\u0259 Az\u0259rbaycan aras\u0131ndak\u0131 \u0259laq\u0259l\u0259r Az\u0259rbaycan\u0131n Birinci vitse-prezidenti Mehriban xan\u0131m \u018fliyevan\u0131n 2004-c\u00fc ild\u0259 qurumun xo\u015fm\u0259raml\u0131 s\u0259firi se\u00e7il\u0259nd\u0259n sonra daha s\u00fcr\u0259tl\u0259 inki\u015faf etm\u0259y\u0259 ba\u015flad\u0131. Onun s\u0259yl\u0259ri n\u0259tic\u0259sind\u0259 Az\u0259rbaycan\u0131n maddi v\u0259 qeyri-maddi m\u0259d\u0259ni irs n\u00fcmun\u0259l\u0259ri UNESCO-nun m\u00fcvafiq siyah\u0131lar\u0131nda yer alm\u0131\u015fd\u0131r. Mu\u011fam s\u0259n\u0259tinin, a\u015f\u0131q s\u0259n\u0259tinin, Novruz bayram\u0131n\u0131n, \u0130\u00e7\u0259ri\u015f\u0259h\u0259rin, tar ifa\u00e7\u0131l\u0131\u011f\u0131 s\u0259n\u0259tinin UNESCO-nun nadir, \u015fah \u0259s\u0259rl\u0259ri s\u0131ras\u0131na daxil edilm\u0259si Az\u0259rbaycanla bu t\u0259\u015fkilat aras\u0131nda olan \u0259m\u0259kda\u015fl\u0131\u011f\u0131n davaml\u0131l\u0131\u011f\u0131n\u0131 diqq\u0259t\u0259 \u00e7atd\u0131r\u0131r. Bir s\u00f6zl\u0259, bu \u0259m\u0259kda\u015fl\u0131q Az\u0259rbaycan\u0131n s\u0259rv\u0259tl\u0259rinin beyn\u0259lxalq m\u0259kanda d\u0259y\u0259rl\u0259ndirilm\u0259sind\u0259 k\u00f6rp\u00fc rolunu oynay\u0131r.<\/p>\n<p>Mehriban xan\u0131m \u018fliyevan\u0131n y\u00fcks\u0259k t\u0259\u015fkilat\u00e7\u0131l\u0131\u011f\u0131 \u0259sas\u0131nda ke\u00e7iril\u0259n birinci Avropa Oyunlar\u0131, eyni zamanda, IV \u0130slam H\u0259mr\u0259yliyi Oyunlar\u0131 Az\u0259rbaycan\u0131n m\u00fcst\u0259qillik tarixinin u\u011furlar\u0131n\u0131n, h\u0259m\u00e7inin \u0130slam h\u0259mr\u0259yliyin\u0259, multikultural d\u0259y\u0259rl\u0259rin inki\u015faf\u0131na t\u00f6hf\u0259l\u0259rinin t\u0259qdimat\u0131nda, d\u00fcnyaya s\u00fclh, \u0259m\u0259kda\u015fl\u0131q, birlik mesajlar\u0131n\u0131n \u00fcnvanlanmas\u0131nda \u0259h\u0259miyy\u0259tli rol oynad\u0131.<\/p>\n<p>U\u011furlar\u0131m\u0131z\u0131n miqyas\u0131 geni\u015fdir. T\u0259bii ki, Yeni Az\u0259rbaycan Partiyas\u0131n\u0131n b\u0259l\u0259d\u00e7isi oldu\u011fu m\u00fcst\u0259qil Az\u0259rbaycan\u0131m\u0131z\u0131n 27 ild\u0259 \u0259ld\u0259 etdiyi u\u011furlar\u0131 bir yaz\u0131 \u00e7\u0259r\u00e7iv\u0259sind\u0259 \u0259hat\u0259 etm\u0259k qeyri-m\u00fcmk\u00fcnd\u00fcr. \u018fsas odur ki, Az\u0259rbaycan ulu \u00f6nd\u0259r Heyd\u0259r \u018fliyevin yolu il\u0259 inamla ir\u0259lil\u0259yir. Prezident \u0130lham \u018fliyevin qeyd etdiyi kimi, bug\u00fcnk\u00fc Az\u0259rbaycan \u00dcmummilli Liderin g\u00f6rm\u0259k ist\u0259diyi Az\u0259rbaycand\u0131r. Az\u0259rbaycana hans\u0131 t\u0259r\u0259fd\u0259n diqq\u0259t yetirs\u0259k, yaln\u0131z v\u0259 yaln\u0131z inki\u015faf\u0131n \u015fahidi olar\u0131q. H\u0259yata ke\u00e7iril\u0259n siyas\u0259tin alternativsizliyi davaml\u0131 u\u011furlar\u0131n m\u00fc\u015fayi\u0259t\u00e7isidir.<\/p>\n<p><strong>Yeni Az\u0259rbaycan Partiyas\u0131: d\u00fcnya miqyas\u0131nda \u00e7ox b\u00f6y\u00fck v\u0259 g\u00fccl\u00fc partiya<\/strong><\/p>\n<p>Yaz\u0131ya m\u00fcst\u0259qil Az\u0259rbaycan d\u00f6vl\u0259tinin qurucusu, Yeni Az\u0259rbaycan Partiyas\u0131n\u0131n yarad\u0131c\u0131s\u0131, ulu \u00f6nd\u0259r Heyd\u0259r \u018fliyevin siyasi kursunu b\u00fct\u00fcn istiqam\u0259tl\u0259rd\u0259 u\u011furla davam etdir\u0259n Prezident \u0130lham \u018fliyevin partiyan\u0131n 25 illiyi m\u00fcnasib\u0259til\u0259 ke\u00e7iril\u0259n t\u0259nt\u0259n\u0259li m\u0259rasimd\u0259 s\u0259sl\u0259ndirdiyi bu fikirl\u0259rl\u0259 yekun vurmaq ist\u0259rdik: &#8220;Bu g\u00fcn partiyam\u0131z \u00f6lk\u0259mizin apar\u0131c\u0131 siyasi q\u00fcvv\u0259si kimi bu b\u00f6y\u00fck m\u0259suliyy\u0259ti hiss edir, onu \u00f6z \u00fcz\u0259rin\u0259 g\u00f6t\u00fcr\u00fcr. Partiyam\u0131z\u0131n \u00fczvl\u0259ri m\u00fcxt\u0259lif sah\u0259l\u0259rd\u0259 \u00f6lk\u0259mizin \u00fcmumi inki\u015faf\u0131na \u00e7ox b\u00f6y\u00fck t\u00f6hf\u0259l\u0259r verirl\u0259r. Bu g\u00fcn Yeni Az\u0259rbaycan Partiyas\u0131 d\u00fcnya miqyas\u0131nda \u00e7ox b\u00f6y\u00fck v\u0259 g\u00fccl\u00fc partiyad\u0131r. Bizim beyn\u0259lxalq \u0259laq\u0259l\u0259rimiz d\u0259 geni\u015fl\u0259nir. Bel\u0259likl\u0259, m\u0259nd\u0259 partiyam\u0131z\u0131n g\u0259l\u0259c\u0259k inki\u015faf\u0131 il\u0259 ba\u011fl\u0131 \u00e7ox nikbin fikirl\u0259r var&#8221;.<\/p>\n<p>Prezident \u0130lham \u018fliyevin bu fikirl\u0259ri \u00fcmummilli lider Heyd\u0259r \u018fliyevin &#8220;Yeni Az\u0259rbaycan Partiyas\u0131 d\u00fcn\u0259nin, bu g\u00fcn\u00fcn v\u0259 g\u0259l\u0259c\u0259yin partiyas\u0131d\u0131r&#8221; fikrinin davam\u0131d\u0131r. Partiyan\u0131n 26 illik yoluna b\u0259l\u0259d\u00e7ilik ed\u0259n bu inam qar\u015f\u0131dak\u0131 u\u011furlar\u0131n ayd\u0131n m\u0259nz\u0259r\u0259sini yarad\u0131r.<\/p>\n<p>Yeni Az\u0259rbaycan Partiyas\u0131n\u0131n h\u0259r bir \u00fczv\u00fc bel\u0259 monolit, d\u00f6vl\u0259t\u0259 v\u0259 xalqa xidm\u0259ti f\u0259aliyy\u0259tinin \u0259sas\u0131nda saxlayan, Az\u0259rbaycan\u0131n davaml\u0131 u\u011furlar\u0131na b\u00f6y\u00fck t\u00f6hf\u0259l\u0259r ver\u0259n, s\u00f6zl\u0259 \u0259m\u0259l birliyinin n\u0259tic\u0259si olaraq c\u0259miyy\u0259td\u0259 n\u00fcfuzunu g\u00fcnb\u0259g\u00fcn art\u0131ran partiyada t\u0259msil olunma\u011f\u0131 il\u0259 q\u00fcrur duyur, d\u00fcn\u0259nimizin, bu g\u00fcn\u00fcm\u00fcz\u00fcn v\u0259 sabah\u0131m\u0131z\u0131n \u0259sas\u0131 olan Heyd\u0259r \u018fliyev ideyalar\u0131n\u0131n \u0259sas t\u0259bli\u011fat\u00e7\u0131s\u0131d\u0131rlar.milli.az<\/p>\n","protected":false},"excerpt":{"rendered":"<p>ARANTV.AZ &#8220;\u0130ki Sahil&#8221; q\u0259zetinin ba\u015f redaktoru,\u00a0YAP Siyasi \u015euras\u0131n\u0131n \u00fczv\u00fc\u00a0V\u00fcqar R\u0259himzad\u0259nin yaz\u0131s\u0131n\u0131 t\u0259qdim edir: M\u00fcasir Az\u0259rbaycan d\u00f6vl\u0259t\u00e7iliyi tarixind\u0259 d\u00f6n\u00fc\u015f n\u00f6qt\u0259si 1992-ci il oktyabr\u0131n 16-da xalq\u0131n b\u00f6y\u00fck \u0259ks\u0259riyy\u0259tinin ist\u0259yinin ifad\u0259si kimi d\u0259y\u0259rl\u0259ndiril\u0259n 91 n\u0259f\u0259r ziyal\u0131n\u0131n m\u00fcst\u0259qil Az\u0259rbaycan d\u00f6vl\u0259tinin qurucusu, ulu \u00f6nd\u0259r Heyd\u0259r \u018fliyev\u0259 bu g\u00fcn \u00f6lk\u0259nin ictimai-siyasi h\u0259yat\u0131nda apar\u0131c\u0131 rol oynayan, xalq\u0131n partiyas\u0131na \u00e7evril\u0259n Yeni Az\u0259rbaycan Partiyas\u0131n\u0131n yarad\u0131lmas\u0131 il\u0259 ba\u011fl\u0131 &#8220;Az\u0259rbaycan Sizin s\u00f6z\u00fcn\u00fcz\u00fc g\u00f6zl\u0259yir&#8221; m\u00fcraci\u0259ti d\u00f6vl\u0259t\u00e7ilik tariximizd\u0259 d\u00f6n\u00fc\u015f n\u00f6qt\u0259si oldu. Ziyal\u0131lar\u0131n m\u00fcraci\u0259tin\u0259 \u00dcmummilli Liderin &#8220;Yeni, m\u00fcst\u0259qil Az\u0259rbaycan u\u011frunda&#8221; cavab\u0131 h\u0259min d\u00f6vr\u00fcn \u00e7\u0259tinlikl\u0259rind\u0259n xilas yolunu g\u00f6st\u0259rm\u0259kl\u0259 yana\u015f\u0131, bug\u00fcnk\u00fc u\u011furlar\u0131m\u0131z\u0131n ba\u015flan\u011f\u0131c\u0131 kimi d\u0259y\u0259rl\u0259ndirildi. &#8220;Az\u0259rbaycan\u0131n&hellip;<\/p>\n","protected":false},"author":2,"featured_media":24239,"comment_status":"closed","ping_status":"closed","sticky":false,"template":"","format":"standard","meta":{"om_disable_all_campaigns":false,"_monsterinsights_skip_tracking":false,"_monsterinsights_sitenote_active":false,"_monsterinsights_sitenote_note":"","_monsterinsights_sitenote_category":0},"categories":[4],"tags":[],"aioseo_notices":[],"gutentor_comment":0,"rttpg_featured_image_url":{"full":["https:\/\/arantv.az\/wp-content\/uploads\/2018\/11\/705553.jpg",800,600,false],"landscape":["https:\/\/arantv.az\/wp-content\/uploads\/2018\/11\/705553.jpg",800,600,false],"portraits":["https:\/\/arantv.az\/wp-content\/uploads\/2018\/11\/705553.jpg",800,600,false],"thumbnail":["https:\/\/arantv.az\/wp-content\/uploads\/2018\/11\/705553-150x150.jpg",150,150,true],"medium":["https:\/\/arantv.az\/wp-content\/uploads\/2018\/11\/705553-300x225.jpg",300,225,true],"large":["https:\/\/arantv.az\/wp-content\/uploads\/2018\/11\/705553.jpg",640,480,false],"1536x1536":["https:\/\/arantv.az\/wp-content\/uploads\/2018\/11\/705553.jpg",800,600,false],"2048x2048":["https:\/\/arantv.az\/wp-content\/uploads\/2018\/11\/705553.jpg",800,600,false],"post-thumbnail":["https:\/\/arantv.az\/wp-content\/uploads\/2018\/11\/705553-240x172.jpg",240,172,true],"advps-thumb-one":["https:\/\/arantv.az\/wp-content\/uploads\/2018\/11\/705553.jpg",800,600,false]},"rttpg_author":{"display_name":"V\u00fcsal Rafiqo\u011flu","author_link":"https:\/\/arantv.az\/?author=2"},"rttpg_comment":0,"rttpg_category":"<a href=\"https:\/\/arantv.az\/?cat=4\" rel=\"category\">Siyas\u0259t<\/a>","rttpg_excerpt":"ARANTV.AZ &#8220;\u0130ki Sahil&#8221; q\u0259zetinin ba\u015f redaktoru,\u00a0YAP Siyasi \u015euras\u0131n\u0131n \u00fczv\u00fc\u00a0V\u00fcqar R\u0259himzad\u0259nin yaz\u0131s\u0131n\u0131 t\u0259qdim edir: M\u00fcasir Az\u0259rbaycan d\u00f6vl\u0259t\u00e7iliyi tarixind\u0259 d\u00f6n\u00fc\u015f n\u00f6qt\u0259si 1992-ci il oktyabr\u0131n 16-da xalq\u0131n b\u00f6y\u00fck \u0259ks\u0259riyy\u0259tinin ist\u0259yinin ifad\u0259si kimi d\u0259y\u0259rl\u0259ndiril\u0259n 91 n\u0259f\u0259r ziyal\u0131n\u0131n m\u00fcst\u0259qil Az\u0259rbaycan d\u00f6vl\u0259tinin qurucusu, ulu \u00f6nd\u0259r Heyd\u0259r \u018fliyev\u0259 bu g\u00fcn \u00f6lk\u0259nin ictimai-siyasi h\u0259yat\u0131nda apar\u0131c\u0131 rol oynayan, xalq\u0131n partiyas\u0131na \u00e7evril\u0259n Yeni Az\u0259rbaycan Partiyas\u0131n\u0131n&hellip;","_links":{"self":[{"href":"https:\/\/arantv.az\/index.php?rest_route=\/wp\/v2\/posts\/24238"}],"collection":[{"href":"https:\/\/arantv.az\/index.php?rest_route=\/wp\/v2\/posts"}],"about":[{"href":"https:\/\/arantv.az\/index.php?rest_route=\/wp\/v2\/types\/post"}],"author":[{"embeddable":true,"href":"https:\/\/arantv.az\/index.php?rest_route=\/wp\/v2\/users\/2"}],"replies":[{"embeddable":true,"href":"https:\/\/arantv.az\/index.php?rest_route=%2Fwp%2Fv2%2Fcomments&post=24238"}],"version-history":[{"count":0,"href":"https:\/\/arantv.az\/index.php?rest_route=\/wp\/v2\/posts\/24238\/revisions"}],"wp:featuredmedia":[{"embeddable":true,"href":"https:\/\/arantv.az\/index.php?rest_route=\/wp\/v2\/media\/24239"}],"wp:attachment":[{"href":"https:\/\/arantv.az\/index.php?rest_route=%2Fwp%2Fv2%2Fmedia&parent=24238"}],"wp:term":[{"taxonomy":"category","embeddable":true,"href":"https:\/\/arantv.az\/index.php?rest_route=%2Fwp%2Fv2%2Fcategories&post=24238"},{"taxonomy":"post_tag","embeddable":true,"href":"https:\/\/arantv.az\/index.php?rest_route=%2Fwp%2Fv2%2Ftags&post=24238"}],"curies":[{"name":"wp","href":"https:\/\/api.w.org\/{rel}","templated":true}]}}