{"id":24241,"date":"2018-11-20T16:39:54","date_gmt":"2018-11-20T13:39:54","guid":{"rendered":"http:\/\/arantv.az\/?p=24241"},"modified":"2018-11-20T16:39:54","modified_gmt":"2018-11-20T13:39:54","slug":"belarusun-dagliq-qarabag-m%c9%99s%c9%99l%c9%99sinin-h%c9%99llind%c9%99-%c9%99razi-butovluyu-prinsipin%c9%99-sadiq-qalmasi-status-kvonu-saxlamaq-ist%c9%99y%c9%99nl%c9%99r%c9%99-q%c9%99ti-cavab-oldu","status":"publish","type":"post","link":"https:\/\/arantv.az\/?p=24241","title":{"rendered":"&#8220;Belarusun Da\u011fl\u0131q Qaraba\u011f m\u0259s\u0259l\u0259sinin h\u0259llind\u0259 \u0259razi b\u00fct\u00f6vl\u00fcy\u00fc prinsipin\u0259 sadiq qalmas\u0131 status-kvonu saxlamaq ist\u0259y\u0259nl\u0259r\u0259 q\u0259ti cavab oldu&#8221;"},"content":{"rendered":"<blockquote><p><em><strong>Prezident \u0130lham \u018fliyevin Minsk\u0259 s\u0259f\u0259ri il\u0259 25 illik dinamik inki\u015faf tarixi olan Az\u0259rbaycan-Belarus m\u00fcnasib\u0259tl\u0259rind\u0259 yeni d\u00f6vr\u00fcn \u0259sas\u0131 qoyuldu.<\/strong><\/em><\/p><\/blockquote>\n<p><strong>ARANTV.AZ\u00a0<\/strong> x\u0259b\u0259r verir ki, bunu\u00a0 trend-\u0259 a\u00e7\u0131qlamas\u0131nda &#8220;Bak\u0131 x\u0259b\u0259r&#8221; q\u0259zetinin ba\u015f redaktoru, ekspert Ayd\u0131n Quliyev deyib.<\/p>\n<p>Onun s\u00f6zl\u0259rin\u0259 g\u00f6r\u0259, Az\u0259rbaycan Prezidenti \u0130lham \u018fliyevin Minskd\u0259 Belarus Prezidenti Aleksandr Luka\u015fenko il\u0259 g\u00f6r\u00fc\u015f\u00fcn\u00fcn maraql\u0131 v\u0259 \u00e7oxvektorlu olaca\u011f\u0131 \u0259vv\u0259ld\u0259n b\u0259lli idi:<\/p>\n<p>&#8220;T\u0259kc\u0259 bu fakt\u0131 n\u0259z\u0259r\u0259 alaq ki, beyn\u0259lxalq m\u00fcnasib\u0259tl\u0259r tarixind\u0259 iki \u00f6lk\u0259 liderinin y\u00fcks\u0259k g\u00f6r\u00fc\u015fd\u0259n qabaq s\u0259firl\u0259rl\u0259 \u0259lahidd\u0259 g\u00f6r\u00fc\u015fm\u0259si \u00e7ox nadir hallarda rast g\u0259lin\u0259n praktikad\u0131r. \u00d6nc\u0259d\u0259n bu g\u00f6r\u00fc\u015f\u00fcn n\u0259tic\u0259l\u0259rini m\u00fcxt\u0259lif motivl\u0259rl\u0259 izl\u0259y\u0259n v\u0259 h\u0259tta bu g\u00f6r\u00fc\u015f\u00fcn \u0259leyhin\u0259 i\u015fl\u0259y\u0259n q\u00fcvv\u0259l\u0259r d\u0259 var idi. Lakin liderl\u0259rin tam anla\u015f\u0131ql\u0131 \u015f\u0259xsi m\u00fcnasib\u0259tl\u0259ri say\u0259sind\u0259 g\u00f6r\u00fc\u015f bar\u0259d\u0259 b\u00fct\u00fcn m\u0259qbul proqnozlar \u00f6z\u00fcn\u00fc do\u011frultdu v\u0259 iki \u00f6lk\u0259nin m\u00fcnasib\u0259ti d\u0259rinl\u0259\u015fm\u0259 v\u0259 geni\u015fl\u0259nm\u0259 istiqam\u0259tind\u0259 yeni m\u0259rh\u0259l\u0259y\u0259 \u00e7\u0131xd\u0131. 25 illik m\u00fcnasib\u0259tl\u0259rin onsuz da m\u00f6hk\u0259m \u0259sas\u0131 v\u0259 n\u0259z\u0259r\u0259\u00e7arpan \u0259h\u0259miyy\u0259tli n\u0259tic\u0259l\u0259ri var idi. Lakin Az\u0259rbaycan Prezidentinin s\u0259f\u0259ri h\u0259m ortada olan indiy\u0259 q\u0259d\u0259rki n\u0259tic\u0259l\u0259ri \u00fcmumil\u0259\u015fdirm\u0259k, h\u0259m d\u0259 real v\u0259 yeni istiqam\u0259tl\u0259ri ortaya \u00e7\u0131xarmaq n\u00f6qteyi-n\u0259z\u0259rind\u0259n \u0259h\u0259miyy\u0259tlidir. Bu kontekstd\u0259 Az\u0259rbaycan-Belarus m\u00fcnasib\u0259tl\u0259rinin yax\u0131n perspektiv \u00fc\u00e7\u00fcn be\u015f \u0259sas istiqam\u0259t \u00fczr\u0259 b\u00f6y\u00fck n\u0259tic\u0259l\u0259r hasil ed\u0259c\u0259yin\u0259 \u015f\u00fcbh\u0259 yoxdur. Bunlar iqtisadi-ticar\u0259t, qar\u015f\u0131l\u0131ql\u0131 investisiyalar, h\u0259rbi-texniki \u0259m\u0259kda\u015fl\u0131q, beyn\u0259lxalq t\u0259\u015fkilatlarda davaml\u0131 birg\u0259 f\u0259aliyy\u0259t v\u0259 \u00fc\u00e7\u00fcnc\u00fc \u00f6lk\u0259l\u0259rin bazarlar\u0131n\u0131n xalqlar\u0131n rifah\u0131 namin\u0259 birg\u0259 m\u0259nims\u0259nilm\u0259si istiqam\u0259tl\u0259ridir&#8221;.<\/p>\n<p>A.Quliyev qeyd edib ki, \u00e7ox nadir hallarda iki \u00f6lk\u0259 liderinin m\u00fcnasib\u0259tl\u0259ri Az\u0259rbaycanla Belarusun timsal\u0131nda oldu\u011fu kimi arada he\u00e7 bir qapal\u0131 m\u00f6vzunun qalmad\u0131\u011f\u0131 h\u0259dd\u0259 q\u0259d\u0259r d\u0259rinl\u0259\u015f\u0259 bilir:<\/p>\n<p>&#8220;Bu, \u00f6lk\u0259l\u0259rimizin liderl\u0259ri aras\u0131nda h\u0259qiq\u0259t\u0259n s\u0259mimi v\u0259 anla\u015f\u0131ql\u0131 m\u00fcnasib\u0259tl\u0259rin say\u0259sind\u0259 \u0259ld\u0259 olunmu\u015f n\u0259tic\u0259dir. H\u0259r iki d\u00f6vl\u0259t ba\u015f\u00e7\u0131s\u0131 m\u00fcxt\u0259lif ifad\u0259 formalar\u0131nda t\u0259sad\u00fcf\u0259n dem\u0259dil\u0259r ki, h\u0259tta \u0259n m\u00fcr\u0259kk\u0259b m\u0259s\u0259l\u0259l\u0259ri konstruktiv \u0259saslarla m\u00fczakir\u0259 ed\u0259 bilirl\u0259r. Az\u0259rbaycan v\u0259 Belarus b\u00f6y\u00fck iqtisadi potensiala v\u0259 geosiyasi \u00fcst\u00fcnl\u00fckl\u0259r\u0259 malik \u00f6lk\u0259l\u0259rdir. Ancaq dinamik inki\u015fafda olan m\u00fcnasib\u0259tl\u0259r t\u0259kc\u0259 bu amil\u0259 yox, h\u0259m d\u0259 \u015f\u0259xs\u0259n \u0130lham \u018fliyevl\u0259 Aleksandr Luka\u015fenkonun s\u0259mimi dostluq v\u0259 anla\u015f\u0131ql\u0131 m\u00fcnasib\u0259tl\u0259rin\u0259 s\u00f6yk\u0259nir. Bu m\u0259nada Az\u0259rbaycan-Belarus m\u00fcnasib\u0259tl\u0259rinin daha da inki\u015faf ed\u0259c\u0259yin\u0259 \u015f\u00fcbh\u0259 edilm\u0259m\u0259lidir. Prezident \u0130lham \u018fliyevin Aleksandr Luka\u015fenko il\u0259 \u0259sas\u0259n g\u0259l\u0259c\u0259y\u0259 y\u00f6n\u0259lik layih\u0259l\u0259r \u00fczr\u0259 m\u00fczakir\u0259l\u0259r aparmas\u0131 yax\u0131n g\u0259l\u0259c\u0259kd\u0259 m\u00fch\u00fcm yenilikl\u0259rin olaca\u011f\u0131ndan x\u0259b\u0259r verir&#8221;.<\/p>\n<p>Ekspertin fikrinc\u0259, q\u0259bul edilmi\u015f birg\u0259 memorandumun d\u0259rin t\u0259hlili g\u00f6st\u0259rir ki, iki \u00f6lk\u0259 yeni-yeni m\u00fcqavil\u0259l\u0259r imzalamaq \u0259r\u0259f\u0259sind\u0259dir: &#8220;X\u00fcsusil\u0259 h\u0259rbi-texniki \u0259m\u0259kda\u015fl\u0131q bar\u0259d\u0259 yeni m\u00fcqavil\u0259nin imzalanmas\u0131 indi daha reald\u0131r. Bunu \u00e7oxdand\u0131r Belarusun Az\u0259rbaycana silah satmas\u0131 \u0259traf\u0131nda hay-k\u00fcy salmaq ist\u0259y\u0259n t\u0259cav\u00fczkar Erm\u0259nistana \u00e7ox tutarl\u0131 cavab z\u0259rb\u0259si saymaq olar. Da\u011fl\u0131q Qaraba\u011f m\u0259s\u0259l\u0259sinin h\u0259llind\u0259 Belarusun \u0259razi b\u00fct\u00f6vl\u00fcy\u00fc v\u0259 suverenlik prinsipin\u0259 bir daha sadiqlik n\u00fcmayi\u015f etdirm\u0259si Qaraba\u011fda status-kvonu saxlamaq ist\u0259y\u0259nl\u0259r\u0259 q\u0259ti cavab mesaj\u0131 oldu. Kollektiv T\u0259hl\u00fck\u0259sizlik M\u00fcqavil\u0259si T\u0259\u015fkilat\u0131n\u0131n sammitind\u0259ki prinsipial davran\u0131\u015flar\u0131n ard\u0131nca c\u0259nab Luka\u015fenkonun Az\u0259rbaycanla strateji t\u0259r\u0259fda\u015fl\u0131\u011f\u0131 daha da d\u0259rinl\u0259\u015fdirm\u0259k kursu n\u00fcmayi\u015f etdirm\u0259si \u00e7ox \u0259h\u0259miyy\u0259tli m\u00f6vqedir v\u0259 Az\u0259rbaycan diplomatiyas\u0131n\u0131n strateji m\u00fctt\u0259fiql\u0259r \u00e7evr\u0259sini m\u00fc\u0259yy\u0259nl\u0259\u015fdirm\u0259kd\u0259 d\u0259qiq se\u00e7iml\u0259rl\u0259 h\u0259r\u0259k\u0259t etdiyini ortaya qoyur&#8221;.<\/p>\n<p>A.Quliyev vur\u011fulay\u0131b ki, Az\u0259rbaycan regionda u\u011furlu f\u0259aliyy\u0259t g\u00f6st\u0259r\u0259n bir ne\u00e7\u0259 \u00fc\u00e7t\u0259r\u0259fli \u0259m\u0259kda\u015fl\u0131q format\u0131n\u0131n m\u00fc\u0259llifidir: &#8220;Hesab etm\u0259k olar ki, Az\u0259rbaycanla Belarusun imkanlar\u0131 hesab\u0131na yeni bir \u00fc\u00e7t\u0259r\u0259fli \u0259m\u0259kda\u015fl\u0131q format\u0131 yarana bil\u0259r. Az\u0259rbaycan v\u0259 Belarus prezidentl\u0259rinin qarda\u015f T\u00fcrkiy\u0259d\u0259 traktorlar\u0131n y\u0131\u011f\u0131lmas\u0131 il\u0259 ba\u011fl\u0131 fikirl\u0259ri daha b\u00f6y\u00fck layih\u0259l\u0259rin ilkin \u0259lam\u0259ti v\u0259 Az\u0259rbaycan-Belarus-T\u00fcrkiy\u0259 \u00fc\u00e7t\u0259r\u0259fli format\u0131n\u0131n konturlar\u0131 kimi g\u00f6r\u00fcn\u00fcr. Beyn\u0259lxalq n\u0259qliyyat d\u0259hlizl\u0259rinin yarad\u0131lmas\u0131nda Az\u0259rbaycan Prezidentinin n\u0259 q\u0259d\u0259r d\u0259qiq hesablarla h\u0259r\u0259k\u0259t etdiyini Belarusun \u015eimal-C\u0259nub d\u0259hlizin\u0259 qo\u015fulmas\u0131 n\u00f6vb\u0259ti d\u0259f\u0259 t\u0259sdiql\u0259di. H\u0259r iki \u00f6lk\u0259d\u0259 milyardlarla dollarl\u0131q yeni qar\u015f\u0131l\u0131ql\u0131 investisiyalara \u015f\u0259raitin a\u00e7\u0131lmas\u0131 b\u00f6y\u00fck perspektivl\u0259rd\u0259n x\u0259b\u0259r verir&#8221;.<\/p>\n","protected":false},"excerpt":{"rendered":"<p>Prezident \u0130lham \u018fliyevin Minsk\u0259 s\u0259f\u0259ri il\u0259 25 illik dinamik inki\u015faf tarixi olan Az\u0259rbaycan-Belarus m\u00fcnasib\u0259tl\u0259rind\u0259 yeni d\u00f6vr\u00fcn \u0259sas\u0131 qoyuldu. ARANTV.AZ\u00a0 x\u0259b\u0259r verir ki, bunu\u00a0 trend-\u0259 a\u00e7\u0131qlamas\u0131nda &#8220;Bak\u0131 x\u0259b\u0259r&#8221; q\u0259zetinin ba\u015f redaktoru, ekspert Ayd\u0131n Quliyev deyib. Onun s\u00f6zl\u0259rin\u0259 g\u00f6r\u0259, Az\u0259rbaycan Prezidenti \u0130lham \u018fliyevin Minskd\u0259 Belarus Prezidenti Aleksandr Luka\u015fenko il\u0259 g\u00f6r\u00fc\u015f\u00fcn\u00fcn maraql\u0131 v\u0259 \u00e7oxvektorlu olaca\u011f\u0131 \u0259vv\u0259ld\u0259n b\u0259lli idi: &#8220;T\u0259kc\u0259 bu fakt\u0131 n\u0259z\u0259r\u0259 alaq ki, beyn\u0259lxalq m\u00fcnasib\u0259tl\u0259r tarixind\u0259 iki \u00f6lk\u0259 liderinin y\u00fcks\u0259k g\u00f6r\u00fc\u015fd\u0259n qabaq s\u0259firl\u0259rl\u0259 \u0259lahidd\u0259 g\u00f6r\u00fc\u015fm\u0259si \u00e7ox nadir hallarda rast g\u0259lin\u0259n praktikad\u0131r. \u00d6nc\u0259d\u0259n bu g\u00f6r\u00fc\u015f\u00fcn n\u0259tic\u0259l\u0259rini m\u00fcxt\u0259lif motivl\u0259rl\u0259 izl\u0259y\u0259n v\u0259 h\u0259tta bu g\u00f6r\u00fc\u015f\u00fcn&hellip;<\/p>\n","protected":false},"author":2,"featured_media":24242,"comment_status":"closed","ping_status":"closed","sticky":false,"template":"","format":"standard","meta":{"om_disable_all_campaigns":false,"_monsterinsights_skip_tracking":false,"_monsterinsights_sitenote_active":false,"_monsterinsights_sitenote_note":"","_monsterinsights_sitenote_category":0},"categories":[4],"tags":[],"aioseo_notices":[],"gutentor_comment":0,"rttpg_featured_image_url":{"full":["https:\/\/arantv.az\/wp-content\/uploads\/2018\/11\/691788.jpg",800,600,false],"landscape":["https:\/\/arantv.az\/wp-content\/uploads\/2018\/11\/691788.jpg",800,600,false],"portraits":["https:\/\/arantv.az\/wp-content\/uploads\/2018\/11\/691788.jpg",800,600,false],"thumbnail":["https:\/\/arantv.az\/wp-content\/uploads\/2018\/11\/691788-150x150.jpg",150,150,true],"medium":["https:\/\/arantv.az\/wp-content\/uploads\/2018\/11\/691788-300x225.jpg",300,225,true],"large":["https:\/\/arantv.az\/wp-content\/uploads\/2018\/11\/691788.jpg",640,480,false],"1536x1536":["https:\/\/arantv.az\/wp-content\/uploads\/2018\/11\/691788.jpg",800,600,false],"2048x2048":["https:\/\/arantv.az\/wp-content\/uploads\/2018\/11\/691788.jpg",800,600,false],"post-thumbnail":["https:\/\/arantv.az\/wp-content\/uploads\/2018\/11\/691788-240x172.jpg",240,172,true],"advps-thumb-one":["https:\/\/arantv.az\/wp-content\/uploads\/2018\/11\/691788.jpg",800,600,false]},"rttpg_author":{"display_name":"V\u00fcsal Rafiqo\u011flu","author_link":"https:\/\/arantv.az\/?author=2"},"rttpg_comment":0,"rttpg_category":"<a href=\"https:\/\/arantv.az\/?cat=4\" rel=\"category\">Siyas\u0259t<\/a>","rttpg_excerpt":"Prezident \u0130lham \u018fliyevin Minsk\u0259 s\u0259f\u0259ri il\u0259 25 illik dinamik inki\u015faf tarixi olan Az\u0259rbaycan-Belarus m\u00fcnasib\u0259tl\u0259rind\u0259 yeni d\u00f6vr\u00fcn \u0259sas\u0131 qoyuldu. ARANTV.AZ\u00a0 x\u0259b\u0259r verir ki, bunu\u00a0 trend-\u0259 a\u00e7\u0131qlamas\u0131nda &#8220;Bak\u0131 x\u0259b\u0259r&#8221; q\u0259zetinin ba\u015f redaktoru, ekspert Ayd\u0131n Quliyev deyib. Onun s\u00f6zl\u0259rin\u0259 g\u00f6r\u0259, Az\u0259rbaycan Prezidenti \u0130lham \u018fliyevin Minskd\u0259 Belarus Prezidenti Aleksandr Luka\u015fenko il\u0259 g\u00f6r\u00fc\u015f\u00fcn\u00fcn maraql\u0131 v\u0259 \u00e7oxvektorlu olaca\u011f\u0131 \u0259vv\u0259ld\u0259n b\u0259lli idi:&hellip;","_links":{"self":[{"href":"https:\/\/arantv.az\/index.php?rest_route=\/wp\/v2\/posts\/24241"}],"collection":[{"href":"https:\/\/arantv.az\/index.php?rest_route=\/wp\/v2\/posts"}],"about":[{"href":"https:\/\/arantv.az\/index.php?rest_route=\/wp\/v2\/types\/post"}],"author":[{"embeddable":true,"href":"https:\/\/arantv.az\/index.php?rest_route=\/wp\/v2\/users\/2"}],"replies":[{"embeddable":true,"href":"https:\/\/arantv.az\/index.php?rest_route=%2Fwp%2Fv2%2Fcomments&post=24241"}],"version-history":[{"count":0,"href":"https:\/\/arantv.az\/index.php?rest_route=\/wp\/v2\/posts\/24241\/revisions"}],"wp:featuredmedia":[{"embeddable":true,"href":"https:\/\/arantv.az\/index.php?rest_route=\/wp\/v2\/media\/24242"}],"wp:attachment":[{"href":"https:\/\/arantv.az\/index.php?rest_route=%2Fwp%2Fv2%2Fmedia&parent=24241"}],"wp:term":[{"taxonomy":"category","embeddable":true,"href":"https:\/\/arantv.az\/index.php?rest_route=%2Fwp%2Fv2%2Fcategories&post=24241"},{"taxonomy":"post_tag","embeddable":true,"href":"https:\/\/arantv.az\/index.php?rest_route=%2Fwp%2Fv2%2Ftags&post=24241"}],"curies":[{"name":"wp","href":"https:\/\/api.w.org\/{rel}","templated":true}]}}