{"id":24250,"date":"2018-11-20T16:44:23","date_gmt":"2018-11-20T13:44:23","guid":{"rendered":"http:\/\/arantv.az\/?p=24250"},"modified":"2018-11-20T16:44:23","modified_gmt":"2018-11-20T13:44:23","slug":"deputat-az%c9%99rbaycan-prezidentinin-belarusa-s%c9%99f%c9%99ri-gost%c9%99rdi-ki-qarsiliqli-munasib%c9%99tl%c9%99rin-boyuk-perspektivl%c9%99ri-var","status":"publish","type":"post","link":"https:\/\/arantv.az\/?p=24250","title":{"rendered":"Deputat: &#8220;Az\u0259rbaycan Prezidentinin Belarusa s\u0259f\u0259ri g\u00f6st\u0259rdi ki, qar\u015f\u0131l\u0131ql\u0131 m\u00fcnasib\u0259tl\u0259rin b\u00f6y\u00fck perspektivl\u0259ri var&#8221;"},"content":{"rendered":"<blockquote><p><em><strong>Prezident \u0130lham \u018fliyevin Belarusa son s\u0259f\u0259ri g\u00f6st\u0259rdi ki, qar\u015f\u0131l\u0131ql\u0131 m\u00fcnasib\u0259tl\u0259rin b\u00f6y\u00fck potensial\u0131 v\u0259 perspektivl\u0259ri m\u00f6vcuddur.<\/strong><\/em><\/p><\/blockquote>\n<p><strong>ARANTV.AZ<\/strong> x\u0259b\u0259r verir ki, bunu\u00a0<a href=\"https:\/\/az.trend.az\/\" target=\"_blank\" rel=\"noopener\">Trend<\/a>-\u0259 Milli M\u0259clisin deputat\u0131 Musa Qas\u0131ml\u0131 deyib.<\/p>\n<p>O, Az\u0259rbaycan v\u0259 Belarus aras\u0131nda \u0259n\u0259n\u0259vi olaraq yax\u015f\u0131 m\u00fcnasib\u0259tl\u0259r formala\u015fd\u0131\u011f\u0131n\u0131 s\u00f6yl\u0259yib. Deputat\u0131n s\u00f6zl\u0259rin\u0259 g\u00f6r\u0259, h\u0259min m\u00fcnasib\u0259tl\u0259rin d\u0259rin t\u0259m\u0259ll\u0259ri var:<\/p>\n<p>&#8220;Bu m\u00fcnasib\u0259tl\u0259r qar\u015f\u0131l\u0131ql\u0131 maraqlar\u0131n t\u0259min olunmas\u0131na s\u00f6yk\u0259nir. H\u0259min \u0259sasda iki \u00f6lk\u0259 aras\u0131nda siyasi, h\u0259rbi, t\u0259hl\u00fck\u0259sizlik, iqtisadi, m\u0259d\u0259ni h\u00fcmanitar sah\u0259l\u0259rd\u0259 \u0259m\u0259kda\u015fl\u0131q qurulub v\u0259 inki\u015faf edib&#8221;.<\/p>\n<p>M.Qas\u0131ml\u0131 \u0259lav\u0259 edib ki, \u00f6lk\u0259l\u0259r aras\u0131ndak\u0131 m\u00fcnasib\u0259tl\u0259rin h\u00fcquq-m\u00fcqavil\u0259 bazas\u0131 da formala\u015f\u0131b:<\/p>\n<p>&#8220;Az\u0259rbaycan v\u0259 Belarus aras\u0131nda m\u00fcnasib\u0259tl\u0259r\u0259 c\u0259nab Prezidentimiz \u0130lham \u018fliyevin v\u0259 Belarus Respublikas\u0131n\u0131n Prezidenti Aleksandr Luka\u015fenkonun \u015f\u0259xsi m\u00fcnasib\u0259tl\u0259rinin d\u0259 b\u00f6y\u00fck t\u0259siri var. C\u0259nab Prezidentimizin bu s\u0259f\u0259ri g\u00f6st\u0259rdi ki, qar\u015f\u0131l\u0131ql\u0131 m\u00fcnasib\u0259tl\u0259rin b\u00f6y\u00fck potensial\u0131 v\u0259 perspektivl\u0259ri m\u00f6vcuddur&#8221;.<\/p>\n<p>Qeyd ed\u0259k ki, Az\u0259rbaycan Respublikas\u0131n\u0131n Prezidenti \u0130lham \u018fliyev noyabr\u0131n 18-19-da Belarusda r\u0259smi s\u0259f\u0259rd\u0259 olub.<\/p>\n","protected":false},"excerpt":{"rendered":"<p>Prezident \u0130lham \u018fliyevin Belarusa son s\u0259f\u0259ri g\u00f6st\u0259rdi ki, qar\u015f\u0131l\u0131ql\u0131 m\u00fcnasib\u0259tl\u0259rin b\u00f6y\u00fck potensial\u0131 v\u0259 perspektivl\u0259ri m\u00f6vcuddur. ARANTV.AZ x\u0259b\u0259r verir ki, bunu\u00a0Trend-\u0259 Milli M\u0259clisin deputat\u0131 Musa Qas\u0131ml\u0131 deyib. O, Az\u0259rbaycan v\u0259 Belarus aras\u0131nda \u0259n\u0259n\u0259vi olaraq yax\u015f\u0131 m\u00fcnasib\u0259tl\u0259r formala\u015fd\u0131\u011f\u0131n\u0131 s\u00f6yl\u0259yib. Deputat\u0131n s\u00f6zl\u0259rin\u0259 g\u00f6r\u0259, h\u0259min m\u00fcnasib\u0259tl\u0259rin d\u0259rin t\u0259m\u0259ll\u0259ri var: &#8220;Bu m\u00fcnasib\u0259tl\u0259r qar\u015f\u0131l\u0131ql\u0131 maraqlar\u0131n t\u0259min olunmas\u0131na s\u00f6yk\u0259nir. H\u0259min \u0259sasda iki \u00f6lk\u0259 aras\u0131nda siyasi, h\u0259rbi, t\u0259hl\u00fck\u0259sizlik, iqtisadi, m\u0259d\u0259ni h\u00fcmanitar sah\u0259l\u0259rd\u0259 \u0259m\u0259kda\u015fl\u0131q qurulub v\u0259 inki\u015faf edib&#8221;. M.Qas\u0131ml\u0131 \u0259lav\u0259 edib ki, \u00f6lk\u0259l\u0259r aras\u0131ndak\u0131 m\u00fcnasib\u0259tl\u0259rin h\u00fcquq-m\u00fcqavil\u0259 bazas\u0131 da formala\u015f\u0131b: &#8220;Az\u0259rbaycan v\u0259 Belarus aras\u0131nda m\u00fcnasib\u0259tl\u0259r\u0259 c\u0259nab Prezidentimiz \u0130lham \u018fliyevin v\u0259&hellip;<\/p>\n","protected":false},"author":2,"featured_media":24251,"comment_status":"closed","ping_status":"closed","sticky":false,"template":"","format":"standard","meta":{"om_disable_all_campaigns":false,"_monsterinsights_skip_tracking":false,"_monsterinsights_sitenote_active":false,"_monsterinsights_sitenote_note":"","_monsterinsights_sitenote_category":0},"categories":[4],"tags":[],"aioseo_notices":[],"gutentor_comment":0,"rttpg_featured_image_url":{"full":["https:\/\/arantv.az\/wp-content\/uploads\/2018\/11\/705544.jpg",800,600,false],"landscape":["https:\/\/arantv.az\/wp-content\/uploads\/2018\/11\/705544.jpg",800,600,false],"portraits":["https:\/\/arantv.az\/wp-content\/uploads\/2018\/11\/705544.jpg",800,600,false],"thumbnail":["https:\/\/arantv.az\/wp-content\/uploads\/2018\/11\/705544-150x150.jpg",150,150,true],"medium":["https:\/\/arantv.az\/wp-content\/uploads\/2018\/11\/705544-300x225.jpg",300,225,true],"large":["https:\/\/arantv.az\/wp-content\/uploads\/2018\/11\/705544.jpg",640,480,false],"1536x1536":["https:\/\/arantv.az\/wp-content\/uploads\/2018\/11\/705544.jpg",800,600,false],"2048x2048":["https:\/\/arantv.az\/wp-content\/uploads\/2018\/11\/705544.jpg",800,600,false],"post-thumbnail":["https:\/\/arantv.az\/wp-content\/uploads\/2018\/11\/705544-240x172.jpg",240,172,true],"advps-thumb-one":["https:\/\/arantv.az\/wp-content\/uploads\/2018\/11\/705544.jpg",800,600,false]},"rttpg_author":{"display_name":"V\u00fcsal Rafiqo\u011flu","author_link":"https:\/\/arantv.az\/?author=2"},"rttpg_comment":0,"rttpg_category":"<a href=\"https:\/\/arantv.az\/?cat=4\" rel=\"category\">Siyas\u0259t<\/a>","rttpg_excerpt":"Prezident \u0130lham \u018fliyevin Belarusa son s\u0259f\u0259ri g\u00f6st\u0259rdi ki, qar\u015f\u0131l\u0131ql\u0131 m\u00fcnasib\u0259tl\u0259rin b\u00f6y\u00fck potensial\u0131 v\u0259 perspektivl\u0259ri m\u00f6vcuddur. ARANTV.AZ x\u0259b\u0259r verir ki, bunu\u00a0Trend-\u0259 Milli M\u0259clisin deputat\u0131 Musa Qas\u0131ml\u0131 deyib. O, Az\u0259rbaycan v\u0259 Belarus aras\u0131nda \u0259n\u0259n\u0259vi olaraq yax\u015f\u0131 m\u00fcnasib\u0259tl\u0259r formala\u015fd\u0131\u011f\u0131n\u0131 s\u00f6yl\u0259yib. Deputat\u0131n s\u00f6zl\u0259rin\u0259 g\u00f6r\u0259, h\u0259min m\u00fcnasib\u0259tl\u0259rin d\u0259rin t\u0259m\u0259ll\u0259ri var: &#8220;Bu m\u00fcnasib\u0259tl\u0259r qar\u015f\u0131l\u0131ql\u0131 maraqlar\u0131n t\u0259min olunmas\u0131na s\u00f6yk\u0259nir. H\u0259min \u0259sasda iki&hellip;","_links":{"self":[{"href":"https:\/\/arantv.az\/index.php?rest_route=\/wp\/v2\/posts\/24250"}],"collection":[{"href":"https:\/\/arantv.az\/index.php?rest_route=\/wp\/v2\/posts"}],"about":[{"href":"https:\/\/arantv.az\/index.php?rest_route=\/wp\/v2\/types\/post"}],"author":[{"embeddable":true,"href":"https:\/\/arantv.az\/index.php?rest_route=\/wp\/v2\/users\/2"}],"replies":[{"embeddable":true,"href":"https:\/\/arantv.az\/index.php?rest_route=%2Fwp%2Fv2%2Fcomments&post=24250"}],"version-history":[{"count":0,"href":"https:\/\/arantv.az\/index.php?rest_route=\/wp\/v2\/posts\/24250\/revisions"}],"wp:featuredmedia":[{"embeddable":true,"href":"https:\/\/arantv.az\/index.php?rest_route=\/wp\/v2\/media\/24251"}],"wp:attachment":[{"href":"https:\/\/arantv.az\/index.php?rest_route=%2Fwp%2Fv2%2Fmedia&parent=24250"}],"wp:term":[{"taxonomy":"category","embeddable":true,"href":"https:\/\/arantv.az\/index.php?rest_route=%2Fwp%2Fv2%2Fcategories&post=24250"},{"taxonomy":"post_tag","embeddable":true,"href":"https:\/\/arantv.az\/index.php?rest_route=%2Fwp%2Fv2%2Ftags&post=24250"}],"curies":[{"name":"wp","href":"https:\/\/api.w.org\/{rel}","templated":true}]}}