{"id":24257,"date":"2018-11-21T07:59:26","date_gmt":"2018-11-21T04:59:26","guid":{"rendered":"http:\/\/arantv.az\/?p=24257"},"modified":"2018-11-21T07:59:26","modified_gmt":"2018-11-21T04:59:26","slug":"leyla-%c9%99liyeva-moskvada-yeddi-goz%c9%99l-s%c9%99rgisinin-acilisinda-foto","status":"publish","type":"post","link":"https:\/\/arantv.az\/?p=24257","title":{"rendered":"Leyla \u018fliyeva Moskvada \u201cYeddi g\u00f6z\u0259l\u201d s\u0259rgisinin a\u00e7\u0131l\u0131\u015f\u0131nda &#8211; FOTO"},"content":{"rendered":"<p>Noyabr\u0131n 20-d\u0259 Moskvadak\u0131 \u00dcmumrusiya Xalq v\u0259 Dekorativ-T\u0259tbiqi S\u0259n\u0259ti Muzeyind\u0259 \u201cYeddi g\u00f6z\u0259l\u201d s\u0259rgisi a\u00e7\u0131l\u0131b.<\/p>\n<p><strong>ARANTV.AZ<\/strong>\u00a0x\u0259b\u0259r verir ki, Heyd\u0259r \u018fliyev Fondunun vitse-prezidenti\u00a0<strong>Leyla \u018fliyeva<\/strong>\u00a0s\u0259rginin a\u00e7\u0131l\u0131\u015f m\u0259rasimind\u0259 i\u015ftirak edib.<\/p>\n<p>S\u0259rgi Heyd\u0259r \u018fliyev Fondu, Az\u0259rbaycan Respublikas\u0131 M\u0259d\u0259niyy\u0259t Nazirliyi v\u0259 Az\u0259rbaycan Xal\u00e7a Muzeyinin t\u0259\u015fkilat\u00e7\u0131l\u0131\u011f\u0131, \u00f6lk\u0259mizin Rusiyadak\u0131 s\u0259firliyinin d\u0259st\u0259yi il\u0259 ke\u00e7irilir.<\/p>\n<div id=\"AdributorNativeVideo0\" class=\"AdributorNativeVideo\"><\/div>\n<p>S\u0259rginin a\u00e7\u0131l\u0131\u015f m\u0259rasimind\u0259 \u00e7\u0131x\u0131\u015f ed\u0259n Heyd\u0259r \u018fliyev Fondunun vitse-prezidenti Leyla \u018fliyeva deyib:<\/p>\n<p>\u201cBu g\u00fcn biz \u201cYeddi g\u00f6z\u0259l\u201d s\u0259rgisinin a\u00e7\u0131l\u0131\u015f\u0131n\u0131 edirik. S\u0259rginin konsepsiyas\u0131 XII \u0259sr dahi Az\u0259rbaycan \u015fairi Nizami G\u0259nc\u0259vinin poemas\u0131 v\u0259 d\u00fcnya \u015f\u00f6hr\u0259tli b\u0259st\u0259kar Qara Qarayevin baleti \u0259sas\u0131nda qurulub.<\/p>\n<p>Bu g\u00fcn siz miniat\u00fcrl\u0259ri, xal\u00e7alar\u0131 v\u0259 zin\u0259t \u0259\u015fyalar\u0131n\u0131 g\u00f6r\u0259 bil\u0259c\u0259ksiniz. Ekspozisiya, h\u0259m\u00e7inin Az\u0259rbaycan klassik musiqisi, klassik r\u0259qsl\u0259r v\u0259 m\u00fcasir inc\u0259s\u0259n\u0259t elementl\u0259ri il\u0259 z\u0259nginl\u0259\u015fdirilib.<\/p>\n<p>S\u0259rgiy\u0259 g\u0259l\u0259n tama\u015fa\u00e7\u0131lar yeddi g\u00f6z\u0259l v\u0259 B\u0259hram \u015fah \u0259fsan\u0259sinin sehrin\u0259 dalacaqlar. \u201cYeddi g\u00f6z\u0259l\u201d poemas\u0131 \u015e\u0259rq poeziyas\u0131n\u0131n \u0259n yax\u015f\u0131 n\u00fcmun\u0259l\u0259rind\u0259n biridir. Poeman\u0131n d\u0259rinliyi, f\u0259ls\u0259fi al\u0259mi xal\u00e7alar, kitab miniat\u00fcrl\u0259ri proyeksiyalar\u0131, dekorativ t\u0259tbiqi s\u0259n\u0259t n\u00fcmun\u0259l\u0259ri v\u0259 instalyasiyalar vasit\u0259sil\u0259 t\u0259qdim olunur. \u201cYeddi g\u00f6z\u0259l\u201d baletin\u0259 h\u0259sr olunmu\u015f v\u0259 bu g\u00fcn tama\u015fa\u00e7\u0131lara t\u0259qdim olunan arxiv materiallar\u0131 \u00e7ox qiym\u0259tli tarixi aray\u0131\u015flard\u0131r.<\/p>\n<p>Bu g\u00fcn siz q\u0259dim afi\u015falar, baletin proqramlar\u0131, foto\u015f\u0259kill\u0259r vasit\u0259sil\u0259 informasiya \u0259ld\u0259 ed\u0259 bil\u0259rsiniz. \u201cYeddi g\u00f6z\u0259l\u201d s\u0259rgisinin a\u00e7\u0131l\u0131\u015f\u0131 olduqca \u0259h\u0259miyy\u0259tlidir. \u00c7\u00fcnki dahi Nizaminin \u0259s\u0259rl\u0259ri Az\u0259rbaycan \u0259d\u0259biyyat\u0131n\u0131n b\u00f6y\u00fck bir d\u00f6vr\u00fcn\u00fc \u0259hat\u0259 edir.<\/p>\n<p>\u018fziz dostlar, m\u00fcdd\u0259tsiz yarad\u0131c\u0131l\u0131q g\u00f6yl\u0259rin biz\u0259 g\u00f6nd\u0259rdiyi nem\u0259tdir. O, insana daha da yax\u015f\u0131 olmaqda, \u00f6z q\u0259lbinin d\u0259rinlikl\u0259rin\u0259 varmaqda v\u0259 \u0259n ali q\u00fcvv\u0259 olan sevgini \u00f6z\u00fc \u00fc\u00e7\u00fcn a\u00e7maqda k\u00f6m\u0259k edir.<\/p>\n<p>M\u0259n bu imkan\u0131 yaratd\u0131\u011f\u0131na g\u00f6r\u0259 Yelena Titovaya t\u0259\u015f\u0259kk\u00fcr\u00fcm\u00fc bildirm\u0259k ist\u0259yir\u0259m. S\u0259rgi \u00fcz\u0259rind\u0259 i\u015fl\u0259y\u0259n h\u0259r k\u0259s\u0259 t\u0259\u015f\u0259kk\u00fcr edir\u0259m. Bu g\u00fcn biziml\u0259 oldu\u011funuz \u00fc\u00e7\u00fcn ham\u0131n\u0131za minn\u0259tdaram\u201d.<\/p>\n<p>\u00dcmumrusiya Xalq v\u0259 Dekorativ-T\u0259tbiqi S\u0259n\u0259ti Muzeyinin direktoru\u00a0<strong>Yelena Titova<\/strong>\u00a0\u00e7\u0131x\u0131\u015f ed\u0259r\u0259k bildirib ki, muzeyin Az\u0259rbaycandan olan h\u0259mkarlar\u0131 il\u0259 \u00e7ox yax\u015f\u0131 \u0259laq\u0259l\u0259ri var.<\/p>\n<p>Heyd\u0259r \u018fliyev Fondu v\u0259 Az\u0259rbaycan Xal\u00e7a Muzeyi il\u0259 x\u00fcsusil\u0259 s\u0259mimi m\u00fcnasib\u0259tl\u0259rinin oldu\u011funu diqq\u0259t\u0259 \u00e7atd\u0131ran Y.Titova deyib:<\/p>\n<p>\u201c\u201cYeddi g\u00f6z\u0259l\u201d \u015f\u0259rqsaya\u011f\u0131 z\u0259rif, d\u0259rin f\u0259ls\u0259fi m\u0259naya v\u0259 valehedici dizayna malik s\u0259rgidir. S\u0259rgid\u0259 m\u00fcasir texnologiyalar, z\u0259ngin tarix, r\u0259ssamlar\u0131n ustal\u0131\u011f\u0131 \u0259ksini tap\u0131b.<\/p>\n<p>S\u0259rgi salonlar\u0131n\u0131n \u0259ks\u0259riyy\u0259ti Qara Qarayevin yarad\u0131c\u0131l\u0131\u011f\u0131na h\u0259sr olunub. Onun \u201cYeddi g\u00f6z\u0259l\u201d baleti nadir \u0259s\u0259rdir. Lakin s\u0259rgi t\u0259kc\u0259 balet haqq\u0131nda deyil, onun konsepsiyas\u0131 daha geni\u015fdir. Ekspozisiya b\u00f6y\u00fck Az\u0259rbaycan eposu &#8211; XII \u0259sr dahi Az\u0259rbaycan \u015fairi v\u0259 filosofu Nizami G\u0259nc\u0259vinin poemas\u0131na \u0259saslan\u0131r\u201d.<\/p>\n<p>Y. Titova s\u0259rginin t\u0259\u015fkilin\u0259 g\u00f6r\u0259 Heyd\u0259r \u018fliyev Fonduna, Az\u0259rbaycan Xal\u00e7a Muzeyinin \u0259m\u0259kda\u015flar\u0131na v\u0259 bu i\u015fd\u0259 \u0259m\u0259yi olan h\u0259r k\u0259s\u0259 t\u0259\u015f\u0259kk\u00fcr\u00fcn\u00fc bildirib.<\/p>\n<p>Son aylarda Moskvada Az\u0259rbaycana h\u0259sr olunmu\u015f bir ne\u00e7\u0259 \u0259h\u0259miyy\u0259tli t\u0259dbirin ke\u00e7irildiyini xat\u0131rladan Az\u0259rbaycan\u0131n Rusiyadak\u0131 s\u0259firi Polad B\u00fclb\u00fclo\u011flu bildirib: \u201cBu yax\u0131nlarda &#8211; oktyabr ay\u0131n\u0131n ortalar\u0131nda Moskva meriyas\u0131 il\u0259 \u00fczb\u0259\u00fcz m\u0259rk\u0259zi meydanda \u201cAz\u0259rbaycan\u0131n pay\u0131q sovqatlar\u0131\u201d s\u0259rgisi a\u00e7\u0131lm\u0131\u015fd\u0131. Be\u015f g\u00fcn \u0259rzind\u0259 s\u0259rgini 70 mind\u0259n \u00e7ox adam ziyar\u0259t etdi.<\/p>\n<p>D\u00fcn\u0259n Moskva D\u00f6vl\u0259t Beyn\u0259lxalq M\u00fcnasib\u0259tl\u0259r \u0130nstitutunda (MDBM\u0130) b\u00f6y\u00fck Az\u0259rbaycan m\u00fct\u0259f\u0259kkiri \u0130mad\u0259ddin N\u0259siminin b\u00fcst\u00fcn\u00fcn a\u00e7\u0131l\u0131\u015f\u0131, Moskva D\u00f6vl\u0259t Universitetind\u0259 \u201cN\u0259siminin m\u0259n\u0259vi irsi orta \u0259srl\u0259r \u015e\u0259rqinin tarixi-m\u0259d\u0259ni kontekstind\u0259\u201d m\u00f6vzusunda beyn\u0259lxalq elmi-praktiki konfrans ke\u00e7irilib. Bu g\u00fcn bu g\u00f6z\u0259l muzeyd\u0259, \u00f6z\u00fc \u00f6zl\u00fcy\u00fcnd\u0259 muzey olan bu nadir binada \u201cYeddi g\u00f6z\u0259l\u201d s\u0259rgisi a\u00e7\u0131l\u0131r\u201d.<\/p>\n<p>T\u0259dbirl\u0259rin t\u0259\u015fkilin\u0259 g\u00f6r\u0259 Heyd\u0259r \u018fliyev Fonduna t\u0259\u015f\u0259kk\u00fcr\u00fcn\u00fc ifad\u0259 ed\u0259n diplomat deyib: \u201cB\u00fct\u00fcn bu t\u0259dbirl\u0259r Heyd\u0259r \u018fliyev Fondunun d\u0259st\u0259yi say\u0259sind\u0259 \u0259rs\u0259y\u0259 g\u0259lib. M\u0259n, h\u0259m\u00e7inin bu t\u0259dbirl\u0259rin t\u0259\u015fkilind\u0259 f\u0259al i\u015ftirak\u0131na v\u0259 yard\u0131m\u0131na g\u00f6r\u0259 Leyla xan\u0131ma minn\u0259tdarl\u0131\u011f\u0131m\u0131 bildirm\u0259k ist\u0259yir\u0259m. N\u0259siminin xatir\u0259 abid\u0259sin\u0259 g\u00f6r\u0259 x\u00fcsusi t\u0259\u015f\u0259kk\u00fcr edir\u0259m.<br \/>\nBu abid\u0259 Moskva D\u00f6vl\u0259t Beyn\u0259lxalq M\u00fcnasib\u0259tl\u0259r \u0130nstitutu (MDBM\u0130) kimi bir universitetd\u0259 qoyulub. Universitet\u0259 g\u0259l\u0259n h\u0259r yeni n\u0259sil N\u0259simi haqq\u0131nda daha \u00e7ox m\u0259lumat \u0259ld\u0259 ed\u0259c\u0259k. Bug\u00fcnk\u00fc t\u0259dbir\u0259 g\u0259ldikd\u0259 is\u0259 s\u0259rgi iki xalq\u0131n v\u0259 \u00f6lk\u0259nin h\u0259yat\u0131nda \u0259lam\u0259tdar hadis\u0259dir. M\u0259n sizin ham\u0131n\u0131za xo\u015f ovqat arzu edir\u0259m ki, bu s\u0259rgi xatir\u0259l\u0259rinizd\u0259 qals\u0131n\u201d.<\/p>\n<p>Qeyd ed\u0259k ki, s\u0259rginin ekspozisiyas\u0131n\u0131n konsepsiyas\u0131 XII \u0259sr dahi Az\u0259rbaycan \u015fairi Nizami G\u0259nc\u0259vinin \u201cYeddi g\u00f6z\u0259l\u201d poemas\u0131 v\u0259 Az\u0259rbaycan\u0131n d\u00fcnya \u015f\u00f6hr\u0259tli b\u0259st\u0259kar\u0131 Qara Qarayevin eyniadl\u0131 baleti \u0259sas\u0131nda qurulub. Layih\u0259d\u0259 Az\u0259rbaycan m\u0259d\u0259niyy\u0259ti xal\u00e7a, z\u0259rg\u0259rlik v\u0259 miniat\u00fcr s\u0259n\u0259ti, m\u00fcasir inc\u0259s\u0259n\u0259t, klassik musiqi v\u0259 r\u0259qsin sintezind\u0259 t\u0259qdim olunur.<\/p>\n<p>Ekspozisiya Heyd\u0259r \u018fliyev Fondu, Az\u0259rbaycan Xal\u00e7a Muzeyi v\u0259 Az\u0259rbaycan Musiqi M\u0259d\u0259niyy\u0259ti D\u00f6vl\u0259t Muzeyinin eksponatlar\u0131ndan ibar\u0259tdir. S\u0259rgi m\u0259kan\u0131 ziyar\u0259t\u00e7ini B\u0259hram \u015fah v\u0259 yeddi g\u00f6z\u0259l haqq\u0131nda \u0259fsan\u0259y\u0259 apar\u0131r. Az\u0259rbaycan m\u0259d\u0259niyy\u0259tind\u0259 m\u00fch\u00fcm rol oynayan bu \u0259d\u0259bi \u0259s\u0259rin f\u0259ls\u0259fi al\u0259mi xal\u00e7a, kitab miniat\u00fcrl\u0259ri proyeksiyas\u0131, dekorativ-t\u0259tbiqi s\u0259n\u0259t \u0259\u015fyalar\u0131 v\u0259 instalyasiyalar vasit\u0259sil\u0259 canland\u0131r\u0131l\u0131r.<\/p>\n<p>S\u0259rgi m\u0259kan\u0131 ziyar\u0259t\u00e7ini B\u0259hram \u015fah v\u0259 yeddi g\u00f6z\u0259l haqq\u0131nda \u0259fsan\u0259y\u0259 aparacaq. Az\u0259rbaycan m\u0259d\u0259niyy\u0259tind\u0259 m\u00fch\u00fcm rol oynayan bu \u0259d\u0259bi \u0259s\u0259rin f\u0259ls\u0259fi al\u0259mi xal\u00e7a, kitab miniat\u00fcrl\u0259ri proyeksiyas\u0131, dekorativ-t\u0259tbiqi s\u0259n\u0259t \u0259\u015fyalar\u0131 v\u0259 instalyasiyalar vasit\u0259sil\u0259 canland\u0131r\u0131lacaq.<\/p>\n<p>S\u0259rgid\u0259 n\u00fcmayi\u015f olunan \u201cMiniat\u00fcr\u201d instalyasiyas\u0131n\u0131 Az\u0259rbaycan r\u0259ssam\u0131 R\u0259\u015fad \u018fl\u0259kb\u0259rov XVI \u0259sr\u0259 aid \u201cKitab oxuyan g\u0259nc\u201d T\u0259briz miniat\u00fcr\u00fc \u0259sas\u0131nda yarad\u0131b. Kompozisiyan\u0131n ideyas\u0131 h\u0259r bir ziyar\u0259t\u00e7ini q\u0259dim na\u011f\u0131l v\u0259 \u0259fsan\u0259l\u0259r al\u0259min\u0259 aparan ill\u00fcziya portal\u0131n\u0131n yarad\u0131lmas\u0131 \u00fcz\u0259rind\u0259 qurulub.<\/p>\n<p>Burada tama\u015fa\u00e7\u0131lar\u0131n g\u00f6z\u00fc \u00f6n\u00fcnd\u0259 Nizaminin poemas\u0131 canlan\u0131r. \u201cKitab oxuyan g\u0259nc\u201d miniat\u00fcr\u00fcn\u00fc I \u015eah T\u0259hmasib d\u00f6vr\u00fcnd\u0259 s\u0259f\u0259vi r\u0259ngkarl\u0131\u011f\u0131n\u0131n zirv\u0259si say\u0131lan Sultan M\u0259h\u0259mm\u0259din yaratd\u0131\u011f\u0131 bildirilir v\u0259 bu \u0259s\u0259r Parisd\u0259 V.Veverin kolleksiyas\u0131nda qorunur.<\/p>\n<p>Qara Qarayevin Nizami G\u0259nc\u0259vinin poemas\u0131 \u0259sas\u0131nda yazd\u0131\u011f\u0131 \u201cYeddi g\u00f6z\u0259l\u201d baletind\u0259n s\u0259hn\u0259l\u0259r, h\u0259m\u00e7inin h\u0259min tama\u015faya aid arxiv materiallar\u0131 da s\u0259rginin ekspozisiyas\u0131na daxildir. Ziyar\u0259t\u00e7i burada \u00f6z\u00fcn\u00fc balet m\u0259kan\u0131nda g\u00f6r\u00fcr: onu Nizami q\u0259hr\u0259manlar\u0131n\u0131 canland\u0131ran balerinalar \u0259hat\u0259 edir.<\/p>\n<p>S\u0259rgi 2019-cu il fevral\u0131n 3-d\u0259k davam ed\u0259c\u0259k.<\/p>\n<p>Qeyd ed\u0259k ki, Heyd\u0259r \u018fliyev Fondu dahi Az\u0259rbaycan \u015fairi Nizami G\u0259nc\u0259vinin yarad\u0131c\u0131l\u0131\u011f\u0131n\u0131n ya\u015fad\u0131lmas\u0131 v\u0259 d\u00fcnyada tan\u0131d\u0131lmas\u0131 istiqam\u0259tind\u0259 bu g\u00fcn\u0259d\u0259k bir s\u0131ra layih\u0259l\u0259r h\u0259yata ke\u00e7irib.<\/p>\n<p>Bunlar\u0131n s\u0131ras\u0131nda G\u0259nc\u0259d\u0259 Nizami G\u0259nc\u0259vi Muzeyinin yarad\u0131lmas\u0131n\u0131, Fransa v\u0259 onun regionlar\u0131nda \u015fair\u0259 h\u0259sr olunan s\u0259rgi v\u0259 konfranslar\u0131n t\u0259\u015fkilini, Romada Nizami G\u0259nc\u0259vinin abid\u0259sinin ucald\u0131lmas\u0131n\u0131, Sankt-Peterburqda Nizami G\u0259nc\u0259vi ba\u011f\u0131n\u0131n yarad\u0131lmas\u0131n\u0131, Nizami G\u0259nc\u0259vinin \u201cX\u0259ms\u0259\u201dsinin yeni formatda \u2013 \u201cSirl\u0259r x\u0259zin\u0259si\u201d, \u201cXosrov v\u0259 \u015eirin\u201d, \u201cLeyli v\u0259 M\u0259cnun\u201d, \u201cYeddi g\u00f6z\u0259l\u201d v\u0259 \u201c\u0130sk\u0259nd\u0259rnam\u0259\u201d poemalar\u0131n\u0131n Az\u0259rbaycan dilind\u0259 ilk d\u0259f\u0259 bir kitab \u015f\u0259klind\u0259 n\u0259\u015fr olunmas\u0131n\u0131 v\u0259 dig\u0259r layih\u0259l\u0259ri qeyd etm\u0259k olar.<\/p>\n<div class=\"gallery\">\n<div class=\"gallery-i\"><img src=\"https:\/\/assets.oxu.az\/uploads\/W1siZiIsIjIwMTgvMTEvMjEvMDgvNDMvNDQvNjI0MWE3OWQtNDMzYS00MzU4LWFjZjctOWIzODc1NmM4MmNkLzEuanBnIl0sWyJwIiwiZW5jb2RlIiwianBnIiwiLXF1YWxpdHkgODAiXSxbInAiLCJ0aHVtYiIsIjU5MHg1OTBcdTAwM2UiXV0?sha=7e6b7db9d17f6309\" \/><\/p>\n<div class=\"gallery-i-caption\"><\/div>\n<\/div>\n<div class=\"gallery-i\"><img src=\"https:\/\/assets.oxu.az\/uploads\/W1siZiIsIjIwMTgvMTEvMjEvMDgvNDMvNDYvY2RkMWZkZDYtMzQ3YS00ZjU2LWJjODMtMDA1ZDNkODZjNjQ1LzIuanBnIl0sWyJwIiwiZW5jb2RlIiwianBnIiwiLXF1YWxpdHkgODAiXSxbInAiLCJ0aHVtYiIsIjU5MHg1OTBcdTAwM2UiXV0?sha=0e54c81090224e02\" \/><\/p>\n<div class=\"gallery-i-caption\"><\/div>\n<\/div>\n<div class=\"gallery-i\"><img src=\"https:\/\/assets.oxu.az\/uploads\/W1siZiIsIjIwMTgvMTEvMjEvMDgvNDMvNDcvNzcxNzcwMjktNzY5Yi00YmI1LTg5MWQtYjE0NmIwZmYxOWNmLzMuanBnIl0sWyJwIiwiZW5jb2RlIiwianBnIiwiLXF1YWxpdHkgODAiXSxbInAiLCJ0aHVtYiIsIjU5MHg1OTBcdTAwM2UiXV0?sha=b55088972bce3a8e\" \/><\/p>\n<div class=\"gallery-i-caption\"><\/div>\n<\/div>\n<div class=\"gallery-i\"><img src=\"https:\/\/assets.oxu.az\/uploads\/W1siZiIsIjIwMTgvMTEvMjEvMDgvNDMvNDgvYzBkYzBiYjctNWQ2ZC00YWQ3LWJlYTctYjBhOTRkYTBmNzdlLzQuanBnIl0sWyJwIiwiZW5jb2RlIiwianBnIiwiLXF1YWxpdHkgODAiXSxbInAiLCJ0aHVtYiIsIjU5MHg1OTBcdTAwM2UiXV0?sha=7b8a513c4c1d281e\" \/><\/p>\n<div class=\"gallery-i-caption\"><\/div>\n<\/div>\n<div class=\"gallery-i\"><img src=\"https:\/\/assets.oxu.az\/uploads\/W1siZiIsIjIwMTgvMTEvMjEvMDgvNDMvNDkvYjc3YmYwNGEtNDZmOS00NzAxLTlkZTctZWNjZmY2NjhjYjBjLzUuanBnIl0sWyJwIiwiZW5jb2RlIiwianBnIiwiLXF1YWxpdHkgODAiXSxbInAiLCJ0aHVtYiIsIjU5MHg1OTBcdTAwM2UiXV0?sha=55c5828fe4f4ecfc\" \/><\/p>\n<div class=\"gallery-i-caption\"><\/div>\n<\/div>\n<div class=\"gallery-i\"><img src=\"https:\/\/assets.oxu.az\/uploads\/W1siZiIsIjIwMTgvMTEvMjEvMDgvNDMvNDkvZDAxNDMzN2MtMzlmYy00ZmE2LWI2NjUtNWVhZmMwMTM5OTFjLzYuanBnIl0sWyJwIiwiZW5jb2RlIiwianBnIiwiLXF1YWxpdHkgODAiXSxbInAiLCJ0aHVtYiIsIjU5MHg1OTBcdTAwM2UiXV0?sha=0e9fb66d80f1843f\" \/><\/p>\n<div class=\"gallery-i-caption\"><\/div>\n<\/div>\n<div class=\"gallery-i\"><img src=\"https:\/\/assets.oxu.az\/uploads\/W1siZiIsIjIwMTgvMTEvMjEvMDgvNDMvNTAvNGJiYjVlOWYtODI5OC00ZjlhLTgyODAtMjY4NzQzNzc0N2M2LzcuanBnIl0sWyJwIiwiZW5jb2RlIiwianBnIiwiLXF1YWxpdHkgODAiXSxbInAiLCJ0aHVtYiIsIjU5MHg1OTBcdTAwM2UiXV0?sha=fe8c392ff680b30e\" \/><\/p>\n<div class=\"gallery-i-caption\"><\/div>\n<\/div>\n<div class=\"gallery-i\"><img src=\"https:\/\/assets.oxu.az\/uploads\/W1siZiIsIjIwMTgvMTEvMjEvMDgvNDMvNTEvZDk3OGQ2N2EtMjlkMi00OGJhLWJmNmQtNDU0ODE5ZTYxY2VhLzguanBnIl0sWyJwIiwiZW5jb2RlIiwianBnIiwiLXF1YWxpdHkgODAiXSxbInAiLCJ0aHVtYiIsIjU5MHg1OTBcdTAwM2UiXV0?sha=db1418636dc4cdb7\" \/><\/p>\n<div class=\"gallery-i-caption\"><\/div>\n<\/div>\n<div class=\"gallery-i\"><img src=\"https:\/\/assets.oxu.az\/uploads\/W1siZiIsIjIwMTgvMTEvMjEvMDgvNDMvNTIvYmFmZDEyMmUtMmQwNC00ZjM3LWJhOGItYzgwMzBkMzQ0ZjQwLzkuanBnIl0sWyJwIiwiZW5jb2RlIiwianBnIiwiLXF1YWxpdHkgODAiXSxbInAiLCJ0aHVtYiIsIjU5MHg1OTBcdTAwM2UiXV0?sha=3e8165f7cc5dc7b5\" \/><\/p>\n<div class=\"gallery-i-caption\"><\/div>\n<\/div>\n<div class=\"gallery-i\"><img src=\"https:\/\/assets.oxu.az\/uploads\/W1siZiIsIjIwMTgvMTEvMjEvMDgvNDMvNTMvMWJlZmZhZWItMzk3OC00NDliLWE4NGUtZmIzODU3ZWJmM2M4LzEwLmpwZyJdLFsicCIsImVuY29kZSIsImpwZyIsIi1xdWFsaXR5IDgwIl0sWyJwIiwidGh1bWIiLCI1OTB4NTkwXHUwMDNlIl1d?sha=745ef98d343b885b\" \/><\/p>\n<div class=\"gallery-i-caption\"><\/div>\n<\/div>\n<div class=\"gallery-i\"><img src=\"https:\/\/assets.oxu.az\/uploads\/W1siZiIsIjIwMTgvMTEvMjEvMDgvNDMvNTQvNWYxNjgxMDYtODk4ZC00NDljLTliNWItM2ZmM2JhYzBmODVhLzExLmpwZyJdLFsicCIsImVuY29kZSIsImpwZyIsIi1xdWFsaXR5IDgwIl0sWyJwIiwidGh1bWIiLCI1OTB4NTkwXHUwMDNlIl1d?sha=eea43729013f832c\" \/><\/p>\n<div class=\"gallery-i-caption\"><\/div>\n<\/div>\n<div class=\"gallery-i\"><img src=\"https:\/\/assets.oxu.az\/uploads\/W1siZiIsIjIwMTgvMTEvMjEvMDgvNDMvNTUvZjZhN2U5MDgtNzQxNC00ZWNiLWFkYTAtNjQ2MGE0NDA3ZjVmLzEyLmpwZyJdLFsicCIsImVuY29kZSIsImpwZyIsIi1xdWFsaXR5IDgwIl0sWyJwIiwidGh1bWIiLCI1OTB4NTkwXHUwMDNlIl1d?sha=d464f195da5f7325\" \/><\/p>\n<div class=\"gallery-i-caption\"><\/div>\n<\/div>\n<div class=\"gallery-i\"><img src=\"https:\/\/assets.oxu.az\/uploads\/W1siZiIsIjIwMTgvMTEvMjEvMDgvNDMvNTYvZTQ3NWQ3YTMtZjQ4Zi00ZjEwLTk5NWItNzI5ZjFjY2IzZDJlLzEzLmpwZyJdLFsicCIsImVuY29kZSIsImpwZyIsIi1xdWFsaXR5IDgwIl0sWyJwIiwidGh1bWIiLCI1OTB4NTkwXHUwMDNlIl1d?sha=11cfd8c9443fa77a\" \/><\/p>\n<div class=\"gallery-i-caption\"><\/div>\n<\/div>\n<div class=\"gallery-i\"><img src=\"https:\/\/assets.oxu.az\/uploads\/W1siZiIsIjIwMTgvMTEvMjEvMDgvNDMvNTcvYjkyODVlZmUtNDRjZC00ZThmLWEyNWEtNmFhNTBkZGE4Mjc5LzE0LmpwZyJdLFsicCIsImVuY29kZSIsImpwZyIsIi1xdWFsaXR5IDgwIl0sWyJwIiwidGh1bWIiLCI1OTB4NTkwXHUwMDNlIl1d?sha=4a774fe1dd0ae565\" \/><\/p>\n<div class=\"gallery-i-caption\"><\/div>\n<\/div>\n<div class=\"gallery-i\"><img src=\"https:\/\/assets.oxu.az\/uploads\/W1siZiIsIjIwMTgvMTEvMjEvMDgvNDQvMjIvY2Q1MmNhOWEtNzk1MC00ZjM1LWEyMDItMmE0ZTNhNWUxZjY5LzE1LmpwZyJdLFsicCIsImVuY29kZSIsImpwZyIsIi1xdWFsaXR5IDgwIl0sWyJwIiwidGh1bWIiLCI1OTB4NTkwXHUwMDNlIl1d?sha=0a2a77c8f94fd700\" \/><\/p>\n<div class=\"gallery-i-caption\"><\/div>\n<\/div>\n<div class=\"gallery-i\"><img src=\"https:\/\/assets.oxu.az\/uploads\/W1siZiIsIjIwMTgvMTEvMjEvMDgvNDQvMjMvOWJiNjc3ZjQtYmIyNy00YWE4LTlmMDgtMDIwMGUwNzI1OGI4LzE2LmpwZyJdLFsicCIsImVuY29kZSIsImpwZyIsIi1xdWFsaXR5IDgwIl0sWyJwIiwidGh1bWIiLCI1OTB4NTkwXHUwMDNlIl1d?sha=bf0ff22bb7f9a215\" \/><\/p>\n<div class=\"gallery-i-caption\"><\/div>\n<\/div>\n<div class=\"gallery-i\"><img src=\"https:\/\/assets.oxu.az\/uploads\/W1siZiIsIjIwMTgvMTEvMjEvMDgvNDQvMjQvY2RiZDMzZTEtMWQyMC00MGI0LWIwNTMtZDQ2MGRjYTBjZDA1LzE3LmpwZyJdLFsicCIsImVuY29kZSIsImpwZyIsIi1xdWFsaXR5IDgwIl0sWyJwIiwidGh1bWIiLCI1OTB4NTkwXHUwMDNlIl1d?sha=71d57fa29010b3fe\" \/><\/p>\n<div class=\"gallery-i-caption\"><\/div>\n<\/div>\n<div class=\"gallery-i\"><img src=\"https:\/\/assets.oxu.az\/uploads\/W1siZiIsIjIwMTgvMTEvMjEvMDgvNDQvMjUvYjViNmViMTMtZTEyOS00MDVlLTk0MTAtZjQ5ODE5ZWVjZDY0LzE4LmpwZyJdLFsicCIsImVuY29kZSIsImpwZyIsIi1xdWFsaXR5IDgwIl0sWyJwIiwidGh1bWIiLCI1OTB4NTkwXHUwMDNlIl1d?sha=45eae665a911c0b9\" \/><\/p>\n<div class=\"gallery-i-caption\"><\/div>\n<\/div>\n<div class=\"gallery-i\"><img src=\"https:\/\/assets.oxu.az\/uploads\/W1siZiIsIjIwMTgvMTEvMjEvMDgvNDQvMjYvYmZiYmZhMTMtMzk2Ni00YTM5LTgwNjktY2ZhNmNlM2UyZTFjLzE5LmpwZyJdLFsicCIsImVuY29kZSIsImpwZyIsIi1xdWFsaXR5IDgwIl0sWyJwIiwidGh1bWIiLCI1OTB4NTkwXHUwMDNlIl1d?sha=47967189bd26eea7\" \/><\/p>\n<div class=\"gallery-i-caption\"><\/div>\n<\/div>\n<div class=\"gallery-i\"><img src=\"https:\/\/assets.oxu.az\/uploads\/W1siZiIsIjIwMTgvMTEvMjEvMDgvNDQvMjcvMTU4ZTY1ODctMzE3Ni00NGY2LThiOWItOWFkNDNjMDk3MmVjLzIwLmpwZyJdLFsicCIsImVuY29kZSIsImpwZyIsIi1xdWFsaXR5IDgwIl0sWyJwIiwidGh1bWIiLCI1OTB4NTkwXHUwMDNlIl1d?sha=f77406833658d58c\" \/><\/p>\n<div class=\"gallery-i-caption\"><\/div>\n<\/div>\n<div class=\"gallery-i\"><img src=\"https:\/\/assets.oxu.az\/uploads\/W1siZiIsIjIwMTgvMTEvMjEvMDgvNDQvMjgvOWJkYWNiOTAtYTYzYS00YmQ1LTgxMzctMTE3NThjYjM2Nzk0LzIxLmpwZyJdLFsicCIsImVuY29kZSIsImpwZyIsIi1xdWFsaXR5IDgwIl0sWyJwIiwidGh1bWIiLCI1OTB4NTkwXHUwMDNlIl1d?sha=dfac87acebe16f0f\" \/><\/p>\n<div class=\"gallery-i-caption\"><\/div>\n<\/div>\n<div class=\"gallery-i\"><img src=\"https:\/\/assets.oxu.az\/uploads\/W1siZiIsIjIwMTgvMTEvMjEvMDgvNDQvMjkvNmE5YjZiNzUtYzMxMy00MmFiLWI2MzgtYmRhNzk4N2U4ZmI5LzIyLmpwZyJdLFsicCIsImVuY29kZSIsImpwZyIsIi1xdWFsaXR5IDgwIl0sWyJwIiwidGh1bWIiLCI1OTB4NTkwXHUwMDNlIl1d?sha=906bc4f4a846b153\" \/><\/p>\n<div class=\"gallery-i-caption\"><\/div>\n<\/div>\n<div class=\"gallery-i\"><img src=\"https:\/\/assets.oxu.az\/uploads\/W1siZiIsIjIwMTgvMTEvMjEvMDgvNDQvMjkvMmIzODVhMDktMjBiOC00ZGQ0LWE3YWQtMmQyMDUyODAwZjQ1LzIzLmpwZyJdLFsicCIsImVuY29kZSIsImpwZyIsIi1xdWFsaXR5IDgwIl0sWyJwIiwidGh1bWIiLCI1OTB4NTkwXHUwMDNlIl1d?sha=5d22baf84ba79f2f\" \/><\/p>\n<div class=\"gallery-i-caption\"><\/div>\n<\/div>\n<\/div>\n<p><b>oxu.az<\/b><\/p>\n","protected":false},"excerpt":{"rendered":"<p>Noyabr\u0131n 20-d\u0259 Moskvadak\u0131 \u00dcmumrusiya Xalq v\u0259 Dekorativ-T\u0259tbiqi S\u0259n\u0259ti Muzeyind\u0259 \u201cYeddi g\u00f6z\u0259l\u201d s\u0259rgisi a\u00e7\u0131l\u0131b. ARANTV.AZ\u00a0x\u0259b\u0259r verir ki, Heyd\u0259r \u018fliyev Fondunun vitse-prezidenti\u00a0Leyla \u018fliyeva\u00a0s\u0259rginin a\u00e7\u0131l\u0131\u015f m\u0259rasimind\u0259 i\u015ftirak edib. S\u0259rgi Heyd\u0259r \u018fliyev Fondu, Az\u0259rbaycan Respublikas\u0131 M\u0259d\u0259niyy\u0259t Nazirliyi v\u0259 Az\u0259rbaycan Xal\u00e7a Muzeyinin t\u0259\u015fkilat\u00e7\u0131l\u0131\u011f\u0131, \u00f6lk\u0259mizin Rusiyadak\u0131 s\u0259firliyinin d\u0259st\u0259yi il\u0259 ke\u00e7irilir. S\u0259rginin a\u00e7\u0131l\u0131\u015f m\u0259rasimind\u0259 \u00e7\u0131x\u0131\u015f ed\u0259n Heyd\u0259r \u018fliyev Fondunun vitse-prezidenti Leyla \u018fliyeva deyib: \u201cBu g\u00fcn biz \u201cYeddi g\u00f6z\u0259l\u201d s\u0259rgisinin a\u00e7\u0131l\u0131\u015f\u0131n\u0131 edirik. S\u0259rginin konsepsiyas\u0131 XII \u0259sr dahi Az\u0259rbaycan \u015fairi Nizami G\u0259nc\u0259vinin poemas\u0131 v\u0259 d\u00fcnya \u015f\u00f6hr\u0259tli b\u0259st\u0259kar Qara Qarayevin baleti \u0259sas\u0131nda qurulub. Bu g\u00fcn siz miniat\u00fcrl\u0259ri, xal\u00e7alar\u0131 v\u0259 zin\u0259t&hellip;<\/p>\n","protected":false},"author":2,"featured_media":24258,"comment_status":"closed","ping_status":"closed","sticky":false,"template":"","format":"standard","meta":{"om_disable_all_campaigns":false,"_monsterinsights_skip_tracking":false,"_monsterinsights_sitenote_active":false,"_monsterinsights_sitenote_note":"","_monsterinsights_sitenote_category":0},"categories":[19],"tags":[],"aioseo_notices":[],"gutentor_comment":0,"rttpg_featured_image_url":{"full":["https:\/\/arantv.az\/wp-content\/uploads\/2018\/11\/2-2.jpg",620,414,false],"landscape":["https:\/\/arantv.az\/wp-content\/uploads\/2018\/11\/2-2.jpg",620,414,false],"portraits":["https:\/\/arantv.az\/wp-content\/uploads\/2018\/11\/2-2.jpg",620,414,false],"thumbnail":["https:\/\/arantv.az\/wp-content\/uploads\/2018\/11\/2-2-150x150.jpg",150,150,true],"medium":["https:\/\/arantv.az\/wp-content\/uploads\/2018\/11\/2-2-300x200.jpg",300,200,true],"large":["https:\/\/arantv.az\/wp-content\/uploads\/2018\/11\/2-2.jpg",620,414,false],"1536x1536":["https:\/\/arantv.az\/wp-content\/uploads\/2018\/11\/2-2.jpg",620,414,false],"2048x2048":["https:\/\/arantv.az\/wp-content\/uploads\/2018\/11\/2-2.jpg",620,414,false],"post-thumbnail":["https:\/\/arantv.az\/wp-content\/uploads\/2018\/11\/2-2-240x172.jpg",240,172,true],"advps-thumb-one":["https:\/\/arantv.az\/wp-content\/uploads\/2018\/11\/2-2.jpg",620,414,false]},"rttpg_author":{"display_name":"V\u00fcsal Rafiqo\u011flu","author_link":"https:\/\/arantv.az\/?author=2"},"rttpg_comment":0,"rttpg_category":"<a href=\"https:\/\/arantv.az\/?cat=19\" rel=\"category\">G\u00fcnd\u0259m<\/a>","rttpg_excerpt":"Noyabr\u0131n 20-d\u0259 Moskvadak\u0131 \u00dcmumrusiya Xalq v\u0259 Dekorativ-T\u0259tbiqi S\u0259n\u0259ti Muzeyind\u0259 \u201cYeddi g\u00f6z\u0259l\u201d s\u0259rgisi a\u00e7\u0131l\u0131b. ARANTV.AZ\u00a0x\u0259b\u0259r verir ki, Heyd\u0259r \u018fliyev Fondunun vitse-prezidenti\u00a0Leyla \u018fliyeva\u00a0s\u0259rginin a\u00e7\u0131l\u0131\u015f m\u0259rasimind\u0259 i\u015ftirak edib. S\u0259rgi Heyd\u0259r \u018fliyev Fondu, Az\u0259rbaycan Respublikas\u0131 M\u0259d\u0259niyy\u0259t Nazirliyi v\u0259 Az\u0259rbaycan Xal\u00e7a Muzeyinin t\u0259\u015fkilat\u00e7\u0131l\u0131\u011f\u0131, \u00f6lk\u0259mizin Rusiyadak\u0131 s\u0259firliyinin d\u0259st\u0259yi il\u0259 ke\u00e7irilir. S\u0259rginin a\u00e7\u0131l\u0131\u015f m\u0259rasimind\u0259 \u00e7\u0131x\u0131\u015f ed\u0259n Heyd\u0259r \u018fliyev Fondunun vitse-prezidenti Leyla \u018fliyeva&hellip;","_links":{"self":[{"href":"https:\/\/arantv.az\/index.php?rest_route=\/wp\/v2\/posts\/24257"}],"collection":[{"href":"https:\/\/arantv.az\/index.php?rest_route=\/wp\/v2\/posts"}],"about":[{"href":"https:\/\/arantv.az\/index.php?rest_route=\/wp\/v2\/types\/post"}],"author":[{"embeddable":true,"href":"https:\/\/arantv.az\/index.php?rest_route=\/wp\/v2\/users\/2"}],"replies":[{"embeddable":true,"href":"https:\/\/arantv.az\/index.php?rest_route=%2Fwp%2Fv2%2Fcomments&post=24257"}],"version-history":[{"count":0,"href":"https:\/\/arantv.az\/index.php?rest_route=\/wp\/v2\/posts\/24257\/revisions"}],"wp:featuredmedia":[{"embeddable":true,"href":"https:\/\/arantv.az\/index.php?rest_route=\/wp\/v2\/media\/24258"}],"wp:attachment":[{"href":"https:\/\/arantv.az\/index.php?rest_route=%2Fwp%2Fv2%2Fmedia&parent=24257"}],"wp:term":[{"taxonomy":"category","embeddable":true,"href":"https:\/\/arantv.az\/index.php?rest_route=%2Fwp%2Fv2%2Fcategories&post=24257"},{"taxonomy":"post_tag","embeddable":true,"href":"https:\/\/arantv.az\/index.php?rest_route=%2Fwp%2Fv2%2Ftags&post=24257"}],"curies":[{"name":"wp","href":"https:\/\/api.w.org\/{rel}","templated":true}]}}