{"id":24273,"date":"2018-11-21T08:06:59","date_gmt":"2018-11-21T05:06:59","guid":{"rendered":"http:\/\/arantv.az\/?p=24273"},"modified":"2018-11-21T08:06:59","modified_gmt":"2018-11-21T05:06:59","slug":"m%c9%99kt%c9%99blil%c9%99rin-payiz-t%c9%99tili-basa-catdi","status":"publish","type":"post","link":"https:\/\/arantv.az\/?p=24273","title":{"rendered":"M\u0259kt\u0259blil\u0259rin pay\u0131z t\u0259tili ba\u015fa \u00e7atd\u0131"},"content":{"rendered":"<p><strong>Az\u0259rbaycan\u0131n \u00fcmumi t\u0259hsil m\u00fc\u0259ssis\u0259l\u0259rind\u0259 t\u0259hsil alan \u015fagirdl\u0259r\u0259 veril\u0259n pay\u0131z t\u0259tili ba\u015fa \u00e7at\u0131b.<\/strong><\/p>\n<p><b>ARANTV.AZ\u00a0<\/b>x\u0259b\u0259r verir ki, t\u0259til noyabr\u0131n 16-dan 21-d\u0259k davam edib.<\/p>\n<p>T\u0259dris ilinin 5 g\u00fcnl\u00fck q\u0131\u015f t\u0259tili g\u0259l\u0259n ilin yanvar\u0131n 27-d\u0259n 31-d\u0259k olacaq.<\/p>\n<p>Qeyd ed\u0259k ki, \u00fcmumi t\u0259hsil m\u00fc\u0259ssis\u0259l\u0259rind\u0259 d\u0259rsl\u0259r sentyabr\u0131n 15-d\u0259 ba\u015flay\u0131b v\u0259 iyunun 14-d\u0259 ba\u015fa \u00e7atacaq. T\u0259dris ilinin birinci yar\u0131mili 15 sentyabr &#8211; 26 yanvar, ikinci yar\u0131mili 1 fevral &#8211; 14 iyunu \u0259hat\u0259 edir.publika.az<\/p>\n","protected":false},"excerpt":{"rendered":"<p>Az\u0259rbaycan\u0131n \u00fcmumi t\u0259hsil m\u00fc\u0259ssis\u0259l\u0259rind\u0259 t\u0259hsil alan \u015fagirdl\u0259r\u0259 veril\u0259n pay\u0131z t\u0259tili ba\u015fa \u00e7at\u0131b. ARANTV.AZ\u00a0x\u0259b\u0259r verir ki, t\u0259til noyabr\u0131n 16-dan 21-d\u0259k davam edib. T\u0259dris ilinin 5 g\u00fcnl\u00fck q\u0131\u015f t\u0259tili g\u0259l\u0259n ilin yanvar\u0131n 27-d\u0259n 31-d\u0259k olacaq. Qeyd ed\u0259k ki, \u00fcmumi t\u0259hsil m\u00fc\u0259ssis\u0259l\u0259rind\u0259 d\u0259rsl\u0259r sentyabr\u0131n 15-d\u0259 ba\u015flay\u0131b v\u0259 iyunun 14-d\u0259 ba\u015fa \u00e7atacaq. T\u0259dris ilinin birinci yar\u0131mili 15 sentyabr &#8211; 26 yanvar, ikinci yar\u0131mili 1 fevral &#8211; 14 iyunu \u0259hat\u0259 edir.publika.az<\/p>\n","protected":false},"author":2,"featured_media":24274,"comment_status":"closed","ping_status":"closed","sticky":false,"template":"","format":"standard","meta":{"om_disable_all_campaigns":false,"_monsterinsights_skip_tracking":false,"_monsterinsights_sitenote_active":false,"_monsterinsights_sitenote_note":"","_monsterinsights_sitenote_category":0},"categories":[1],"tags":[],"aioseo_notices":[],"gutentor_comment":0,"rttpg_featured_image_url":{"full":["https:\/\/arantv.az\/wp-content\/uploads\/2018\/11\/87afcf1c-ef24-40f3-927b-2b1700c994c3.jpg",800,450,false],"landscape":["https:\/\/arantv.az\/wp-content\/uploads\/2018\/11\/87afcf1c-ef24-40f3-927b-2b1700c994c3.jpg",800,450,false],"portraits":["https:\/\/arantv.az\/wp-content\/uploads\/2018\/11\/87afcf1c-ef24-40f3-927b-2b1700c994c3.jpg",800,450,false],"thumbnail":["https:\/\/arantv.az\/wp-content\/uploads\/2018\/11\/87afcf1c-ef24-40f3-927b-2b1700c994c3-150x150.jpg",150,150,true],"medium":["https:\/\/arantv.az\/wp-content\/uploads\/2018\/11\/87afcf1c-ef24-40f3-927b-2b1700c994c3-300x169.jpg",300,169,true],"large":["https:\/\/arantv.az\/wp-content\/uploads\/2018\/11\/87afcf1c-ef24-40f3-927b-2b1700c994c3.jpg",640,360,false],"1536x1536":["https:\/\/arantv.az\/wp-content\/uploads\/2018\/11\/87afcf1c-ef24-40f3-927b-2b1700c994c3.jpg",800,450,false],"2048x2048":["https:\/\/arantv.az\/wp-content\/uploads\/2018\/11\/87afcf1c-ef24-40f3-927b-2b1700c994c3.jpg",800,450,false],"post-thumbnail":["https:\/\/arantv.az\/wp-content\/uploads\/2018\/11\/87afcf1c-ef24-40f3-927b-2b1700c994c3-240x172.jpg",240,172,true],"advps-thumb-one":["https:\/\/arantv.az\/wp-content\/uploads\/2018\/11\/87afcf1c-ef24-40f3-927b-2b1700c994c3.jpg",800,450,false]},"rttpg_author":{"display_name":"V\u00fcsal Rafiqo\u011flu","author_link":"https:\/\/arantv.az\/?author=2"},"rttpg_comment":0,"rttpg_category":"<a href=\"https:\/\/arantv.az\/?cat=1\" rel=\"category\">C\u0259miyy\u0259t<\/a>","rttpg_excerpt":"Az\u0259rbaycan\u0131n \u00fcmumi t\u0259hsil m\u00fc\u0259ssis\u0259l\u0259rind\u0259 t\u0259hsil alan \u015fagirdl\u0259r\u0259 veril\u0259n pay\u0131z t\u0259tili ba\u015fa \u00e7at\u0131b. ARANTV.AZ\u00a0x\u0259b\u0259r verir ki, t\u0259til noyabr\u0131n 16-dan 21-d\u0259k davam edib. T\u0259dris ilinin 5 g\u00fcnl\u00fck q\u0131\u015f t\u0259tili g\u0259l\u0259n ilin yanvar\u0131n 27-d\u0259n 31-d\u0259k olacaq. Qeyd ed\u0259k ki, \u00fcmumi t\u0259hsil m\u00fc\u0259ssis\u0259l\u0259rind\u0259 d\u0259rsl\u0259r sentyabr\u0131n 15-d\u0259 ba\u015flay\u0131b v\u0259 iyunun 14-d\u0259 ba\u015fa \u00e7atacaq. T\u0259dris ilinin birinci yar\u0131mili 15 sentyabr &#8211;&hellip;","_links":{"self":[{"href":"https:\/\/arantv.az\/index.php?rest_route=\/wp\/v2\/posts\/24273"}],"collection":[{"href":"https:\/\/arantv.az\/index.php?rest_route=\/wp\/v2\/posts"}],"about":[{"href":"https:\/\/arantv.az\/index.php?rest_route=\/wp\/v2\/types\/post"}],"author":[{"embeddable":true,"href":"https:\/\/arantv.az\/index.php?rest_route=\/wp\/v2\/users\/2"}],"replies":[{"embeddable":true,"href":"https:\/\/arantv.az\/index.php?rest_route=%2Fwp%2Fv2%2Fcomments&post=24273"}],"version-history":[{"count":0,"href":"https:\/\/arantv.az\/index.php?rest_route=\/wp\/v2\/posts\/24273\/revisions"}],"wp:featuredmedia":[{"embeddable":true,"href":"https:\/\/arantv.az\/index.php?rest_route=\/wp\/v2\/media\/24274"}],"wp:attachment":[{"href":"https:\/\/arantv.az\/index.php?rest_route=%2Fwp%2Fv2%2Fmedia&parent=24273"}],"wp:term":[{"taxonomy":"category","embeddable":true,"href":"https:\/\/arantv.az\/index.php?rest_route=%2Fwp%2Fv2%2Fcategories&post=24273"},{"taxonomy":"post_tag","embeddable":true,"href":"https:\/\/arantv.az\/index.php?rest_route=%2Fwp%2Fv2%2Ftags&post=24273"}],"curies":[{"name":"wp","href":"https:\/\/api.w.org\/{rel}","templated":true}]}}