{"id":24282,"date":"2018-11-21T09:03:05","date_gmt":"2018-11-21T06:03:05","guid":{"rendered":"http:\/\/arantv.az\/?p=24282"},"modified":"2018-11-21T09:03:05","modified_gmt":"2018-11-21T06:03:05","slug":"g%c9%99nc-r%c9%99ssam-gunay-m%c9%99mm%c9%99dliy%c9%99-d%c9%99st%c9%99k-olacaq","status":"publish","type":"post","link":"https:\/\/arantv.az\/?p=24282","title":{"rendered":"G\u0259nc r\u0259ssam G\u00fcnay M\u0259mm\u0259dliy\u0259 d\u0259st\u0259k olacaq."},"content":{"rendered":"<p>\u018fm\u0259k v\u0259 \u018fhalinin Sosial M\u00fcdafi\u0259si Nazirliyi yan\u0131nda \u0130ctimai \u015euran\u0131n \u00fczv\u00fc Zaur Quliyev G\u00fcnayla g\u00f6r\u00fc\u015f\u0259rk\u0259n bel\u0259 deyib.<\/p>\n<p>&nbsp;<\/p>\n<p><strong>ARANTV.AZ<\/strong> x\u0259b\u0259r verir ki, sa\u011flaml\u0131\u011f\u0131 m\u0259hdud g\u0259nc\u00a0 r\u0259ssam G\u00fcnay M\u0259mm\u0259dli haqq\u0131nda Sputnik Az\u0259rbaycanda ged\u0259n yaz\u0131dan sonra \u018fm\u0259k v\u0259 \u018fhalinin Sosial M\u00fcdafi\u0259si Nazirliyi yan\u0131nda \u0130ctimai \u015furan\u0131n \u00fczv\u00fc Zaur Quliyev ail\u0259y\u0259 ba\u015f \u00e7\u0259k\u0259r\u0259k istedad sahibinin \u00f6z\u00fc il\u0259 g\u00f6r\u00fc\u015f\u00fcb. G\u0259nc q\u0131z\u0131n valideyinl\u0259ri, atas\u0131\u00a0 \u0130smay\u0131l M\u0259mm\u0259dov, anas\u0131 \u015e\u00fckuf\u0259 M\u0259mm\u0259dova G\u00fcnaya g\u00f6r\u0259 ke\u00e7dikl\u0259ri \u00e7\u0259tin g\u00fcnl\u0259rd\u0259n dan\u0131\u015f\u0131blar.\u201d G\u00fcnay\u0131n g\u0259l\u0259c\u0259yi h\u0259mi\u015f\u0259 bizi narahat edib. Balacal\u0131\u011f\u0131nda Ming\u0259\u00e7evir\u0259 Loqoped Kamil m\u00fc\u0259llimin yan\u0131na apard\u0131q. 7 \u2013 il G\u00fcnaya g\u00f6r\u0259 Ming\u0259\u00e7evird\u0259 qald\u0131m. Yolda\u015f\u0131m, u\u015faqlar burda, biz is\u0259 orda olurduq. \u00c7ox ir\u0259lil\u0259yi\u015f oldu. Sonra B\u0259rd\u0259d\u0259ki \u0130nkluziv tipli m\u0259kt\u0259bd\u0259 t\u0259hsilini davam el\u0259di. B\u00f6y\u00fck q\u0131z\u0131m Pedeqoji Universtitetin \u0130ngilis dili m\u00fc\u0259llim\u0259liyin\u0259 q\u0259bul olmu\u015fdu. Ona bildirdim ki, s\u0259ni oxutma\u011fa imkan\u0131m\u0131z yoxdur. Haz\u0131rda G\u00fcnay\u0131n yax\u015f\u0131 olmas\u0131 \u00fc\u00e7\u00fcn \u00e7al\u0131\u015f\u0131r\u0131q.Q\u0131z\u0131m he\u00e7 n\u0259 dem\u0259di.Amma m\u0259nim \u00fcr\u0259yimd\u0259 bir xal qald\u0131. Sonralar o q\u0131z\u0131mda univ\u00fcerstite q\u0259bul oldu v\u0259 bitirdi.Bu g\u00fcn d\u0259 \u0259sas qay\u0131m\u0131z G\u00fcnayd\u0131. \u00c7al\u0131\u015f\u0131r\u0131q h\u0259r zaman ona d\u0259st\u0259k olaq\u201d.- deyir \u015e\u00fckuf\u0259 M\u0259mm\u0259dova .<\/p>\n<p>\u0130smay\u0131l m\u00fc\u0259llim G\u00fcnay\u0131n e\u015fitm\u0259sini yax\u015f\u0131la\u015fd\u0131rmaq \u00fc\u00e7\u00fcn y\u00fcks\u0259k keyfiyy\u0259t\u0259 malik\u00a0 cihazla t\u0259min olunmas\u0131na ehtiyyac\u0131 oldu\u011funu bildirir. \u201cHaz\u0131rda istifad\u0259 el\u0259diyi e\u015fitm\u0259 cihaz\u0131 z\u0259if parametrlidir. Nazirliy\u0259 m\u00fcraci\u0259t el\u0259s\u0259k d\u0259 ala bilm\u0259dik.\u00c7ox istiy\u0259rdi ki, bu cihaz\u0131n \u0259ld\u0259 olunmas\u0131nda Biz\u0259 k\u00f6m\u0259klik g\u00f6st\u0259rilsin.\u201d<\/p>\n<p>Ail\u0259nin sosial durumu , G\u00fcnay\u0131n y\u00fcks\u0259k yarad\u0131c\u0131l\u0131q qabiliyy\u0259ti il\u0259 tan\u0131\u015f olan \u0130ctimai \u015eura \u00fczv\u00fc Zaur Quliyev h\u0259m e\u015fitm\u0259 cihaz\u0131n\u0131n \u0259ld\u0259 olunmas\u0131nda bacard\u0131\u011f\u0131 q\u0259d\u0259r yard\u0131m g\u00f6st\u0259r\u0259c\u0259yin\u0259, h\u0259m d\u0259 \u018fm\u0259k v\u0259 \u018fhalinin Sosial M\u00fcdafi\u0259si Nazirliyinin\u00a0 \u018flilliyi olan \u015f\u0259xsl\u0259rin v\u0259 sa\u011flaml\u0131q imkanlar\u0131 m\u0259hdud u\u015faqlar\u0131n X \u00dcmumrespublika yarad\u0131c\u0131l\u0131q s\u0259rgi-m\u00fcsabiq\u0259sind\u0259 g\u0259nc r\u0259ssam\u0131n i\u015ftirakina d\u0259st\u0259k olaca\u011f\u0131n\u0131 bildirib.<\/p>\n<p>Sonda G\u00fcnay\u0131n \u0259l i\u015fl\u0259rin\u0259 baxan Zaur Quliyev heyr\u0259tini gizl\u0259tm\u0259yib.Onu \u0259sl istedad adland\u0131r\u0131b.<\/p>\n<p><img loading=\"lazy\" class=\"alignnone size-medium wp-image-24283\" src=\"https:\/\/arantv.az\/wp-content\/uploads\/2018\/11\/46491931_194186624797439_6795549748821491712_n-300x200.jpg\" alt=\"\" width=\"300\" height=\"200\" \/><\/p>\n<p><img loading=\"lazy\" class=\"alignnone size-medium wp-image-24284\" src=\"https:\/\/arantv.az\/wp-content\/uploads\/2018\/11\/46700045_803299313173983_873534440347795456_n-300x200.jpg\" alt=\"\" width=\"300\" height=\"200\" \/><\/p>\n","protected":false},"excerpt":{"rendered":"<p>\u018fm\u0259k v\u0259 \u018fhalinin Sosial M\u00fcdafi\u0259si Nazirliyi yan\u0131nda \u0130ctimai \u015euran\u0131n \u00fczv\u00fc Zaur Quliyev G\u00fcnayla g\u00f6r\u00fc\u015f\u0259rk\u0259n bel\u0259 deyib. &nbsp; ARANTV.AZ x\u0259b\u0259r verir ki, sa\u011flaml\u0131\u011f\u0131 m\u0259hdud g\u0259nc\u00a0 r\u0259ssam G\u00fcnay M\u0259mm\u0259dli haqq\u0131nda Sputnik Az\u0259rbaycanda ged\u0259n yaz\u0131dan sonra \u018fm\u0259k v\u0259 \u018fhalinin Sosial M\u00fcdafi\u0259si Nazirliyi yan\u0131nda \u0130ctimai \u015furan\u0131n \u00fczv\u00fc Zaur Quliyev ail\u0259y\u0259 ba\u015f \u00e7\u0259k\u0259r\u0259k istedad sahibinin \u00f6z\u00fc il\u0259 g\u00f6r\u00fc\u015f\u00fcb. G\u0259nc q\u0131z\u0131n valideyinl\u0259ri, atas\u0131\u00a0 \u0130smay\u0131l M\u0259mm\u0259dov, anas\u0131 \u015e\u00fckuf\u0259 M\u0259mm\u0259dova G\u00fcnaya g\u00f6r\u0259 ke\u00e7dikl\u0259ri \u00e7\u0259tin g\u00fcnl\u0259rd\u0259n dan\u0131\u015f\u0131blar.\u201d G\u00fcnay\u0131n g\u0259l\u0259c\u0259yi h\u0259mi\u015f\u0259 bizi narahat edib. Balacal\u0131\u011f\u0131nda Ming\u0259\u00e7evir\u0259 Loqoped Kamil m\u00fc\u0259llimin yan\u0131na apard\u0131q. 7 \u2013 il G\u00fcnaya g\u00f6r\u0259 Ming\u0259\u00e7evird\u0259 qald\u0131m. Yolda\u015f\u0131m, u\u015faqlar&hellip;<\/p>\n","protected":false},"author":2,"featured_media":24284,"comment_status":"closed","ping_status":"closed","sticky":false,"template":"","format":"standard","meta":{"om_disable_all_campaigns":false,"_monsterinsights_skip_tracking":false,"_monsterinsights_sitenote_active":false,"_monsterinsights_sitenote_note":"","_monsterinsights_sitenote_category":0},"categories":[1,2],"tags":[],"aioseo_notices":[],"gutentor_comment":0,"rttpg_featured_image_url":{"full":["https:\/\/arantv.az\/wp-content\/uploads\/2018\/11\/46700045_803299313173983_873534440347795456_n.jpg",2048,1365,false],"landscape":["https:\/\/arantv.az\/wp-content\/uploads\/2018\/11\/46700045_803299313173983_873534440347795456_n.jpg",2048,1365,false],"portraits":["https:\/\/arantv.az\/wp-content\/uploads\/2018\/11\/46700045_803299313173983_873534440347795456_n.jpg",2048,1365,false],"thumbnail":["https:\/\/arantv.az\/wp-content\/uploads\/2018\/11\/46700045_803299313173983_873534440347795456_n-150x150.jpg",150,150,true],"medium":["https:\/\/arantv.az\/wp-content\/uploads\/2018\/11\/46700045_803299313173983_873534440347795456_n-300x200.jpg",300,200,true],"large":["https:\/\/arantv.az\/wp-content\/uploads\/2018\/11\/46700045_803299313173983_873534440347795456_n-1024x683.jpg",640,427,true],"1536x1536":["https:\/\/arantv.az\/wp-content\/uploads\/2018\/11\/46700045_803299313173983_873534440347795456_n.jpg",1536,1024,false],"2048x2048":["https:\/\/arantv.az\/wp-content\/uploads\/2018\/11\/46700045_803299313173983_873534440347795456_n.jpg",2048,1365,false],"post-thumbnail":["https:\/\/arantv.az\/wp-content\/uploads\/2018\/11\/46700045_803299313173983_873534440347795456_n-240x172.jpg",240,172,true],"advps-thumb-one":["https:\/\/arantv.az\/wp-content\/uploads\/2018\/11\/46700045_803299313173983_873534440347795456_n-1200x620.jpg",1200,620,true]},"rttpg_author":{"display_name":"V\u00fcsal Rafiqo\u011flu","author_link":"https:\/\/arantv.az\/?author=2"},"rttpg_comment":0,"rttpg_category":"<a href=\"https:\/\/arantv.az\/?cat=1\" rel=\"category\">C\u0259miyy\u0259t<\/a> <a href=\"https:\/\/arantv.az\/?cat=2\" rel=\"category\">Region X\u0259b\u0259rl\u0259ri<\/a>","rttpg_excerpt":"\u018fm\u0259k v\u0259 \u018fhalinin Sosial M\u00fcdafi\u0259si Nazirliyi yan\u0131nda \u0130ctimai \u015euran\u0131n \u00fczv\u00fc Zaur Quliyev G\u00fcnayla g\u00f6r\u00fc\u015f\u0259rk\u0259n bel\u0259 deyib. &nbsp; ARANTV.AZ x\u0259b\u0259r verir ki, sa\u011flaml\u0131\u011f\u0131 m\u0259hdud g\u0259nc\u00a0 r\u0259ssam G\u00fcnay M\u0259mm\u0259dli haqq\u0131nda Sputnik Az\u0259rbaycanda ged\u0259n yaz\u0131dan sonra \u018fm\u0259k v\u0259 \u018fhalinin Sosial M\u00fcdafi\u0259si Nazirliyi yan\u0131nda \u0130ctimai \u015furan\u0131n \u00fczv\u00fc Zaur Quliyev ail\u0259y\u0259 ba\u015f \u00e7\u0259k\u0259r\u0259k istedad sahibinin \u00f6z\u00fc il\u0259 g\u00f6r\u00fc\u015f\u00fcb. G\u0259nc q\u0131z\u0131n&hellip;","_links":{"self":[{"href":"https:\/\/arantv.az\/index.php?rest_route=\/wp\/v2\/posts\/24282"}],"collection":[{"href":"https:\/\/arantv.az\/index.php?rest_route=\/wp\/v2\/posts"}],"about":[{"href":"https:\/\/arantv.az\/index.php?rest_route=\/wp\/v2\/types\/post"}],"author":[{"embeddable":true,"href":"https:\/\/arantv.az\/index.php?rest_route=\/wp\/v2\/users\/2"}],"replies":[{"embeddable":true,"href":"https:\/\/arantv.az\/index.php?rest_route=%2Fwp%2Fv2%2Fcomments&post=24282"}],"version-history":[{"count":0,"href":"https:\/\/arantv.az\/index.php?rest_route=\/wp\/v2\/posts\/24282\/revisions"}],"wp:featuredmedia":[{"embeddable":true,"href":"https:\/\/arantv.az\/index.php?rest_route=\/wp\/v2\/media\/24284"}],"wp:attachment":[{"href":"https:\/\/arantv.az\/index.php?rest_route=%2Fwp%2Fv2%2Fmedia&parent=24282"}],"wp:term":[{"taxonomy":"category","embeddable":true,"href":"https:\/\/arantv.az\/index.php?rest_route=%2Fwp%2Fv2%2Fcategories&post=24282"},{"taxonomy":"post_tag","embeddable":true,"href":"https:\/\/arantv.az\/index.php?rest_route=%2Fwp%2Fv2%2Ftags&post=24282"}],"curies":[{"name":"wp","href":"https:\/\/api.w.org\/{rel}","templated":true}]}}