{"id":24297,"date":"2018-11-21T09:40:51","date_gmt":"2018-11-21T06:40:51","guid":{"rendered":"http:\/\/arantv.az\/?p=24297"},"modified":"2018-11-21T09:40:51","modified_gmt":"2018-11-21T06:40:51","slug":"qara-qarayev-az%c9%99rbaycan-himni-bu-q%c9%99d%c9%99r-fit%c9%99-basilmamisdi","status":"publish","type":"post","link":"https:\/\/arantv.az\/?p=24297","title":{"rendered":"Qara Qarayev: Az\u0259rbaycan himni bu q\u0259d\u0259r fit\u0259 bas\u0131lmam\u0131\u015fd\u0131"},"content":{"rendered":"<p>Az\u0259rbaycan milli komandas\u0131n\u0131n futbol\u00e7usu\u00a0<strong>Qara Qarayev<\/strong>\u00a0Mill\u0259tl\u0259r Liqas\u0131n\u0131n VI turunda s\u0259f\u0259rd\u0259 Kosovoya 0:4 hesab\u0131 il\u0259 m\u0259\u011flub olduqlar\u0131 oyundan sonra mat\u00e7 haqq\u0131nda fikirl\u0259rini b\u00f6l\u00fc\u015f\u00fcb.<\/p>\n<p><strong>ARANTV.AZ<\/strong>\u00a0x\u0259b\u0259r verir ki, m\u0259tbuat konfrans\u0131nda m\u0259\u011flubiyy\u0259tl\u0259 yana\u015f\u0131, kosovolu azarke\u015fl\u0259rin himnimizi fit\u0259 basmas\u0131 m\u00fczakir\u0259 m\u00f6vzusu olub.<\/p>\n<div id=\"AdributorNativeVideo0\" class=\"AdributorNativeVideo\"><\/div>\n<p>\u201cHe\u00e7 bir stadionunda Az\u0259rbaycan himni bu q\u0259d\u0259r fit\u0259 bas\u0131lmam\u0131\u015fd\u0131. Bu yax\u015f\u0131 hal deyil. Bak\u0131ya g\u0259l\u0259nd\u0259 xalq\u0131m\u0131z onlar\u0131 normal qar\u015f\u0131lay\u0131b. Siyasi m\u0259s\u0259l\u0259l\u0259rd\u0259n as\u0131l\u0131 olmayaraq, kosovolular\u0131 yax\u015f\u0131 qar\u015f\u0131lad\u0131q. Etdikl\u0259ri h\u0259r\u0259k\u0259t \u00f6z adlar\u0131na problem olar. D\u00f6vl\u0259tini sev\u0259n adam ba\u015fqa himnl\u0259ri fit\u0259 basmaz. Bu hal futbol\u00e7ular\u0131m\u0131z q\u0131c\u0131qland\u0131rd\u0131\u201d,- dey\u0259 o bildirib.<\/p>\n<p>oxu.az<\/p>\n","protected":false},"excerpt":{"rendered":"<p>Az\u0259rbaycan milli komandas\u0131n\u0131n futbol\u00e7usu\u00a0Qara Qarayev\u00a0Mill\u0259tl\u0259r Liqas\u0131n\u0131n VI turunda s\u0259f\u0259rd\u0259 Kosovoya 0:4 hesab\u0131 il\u0259 m\u0259\u011flub olduqlar\u0131 oyundan sonra mat\u00e7 haqq\u0131nda fikirl\u0259rini b\u00f6l\u00fc\u015f\u00fcb. ARANTV.AZ\u00a0x\u0259b\u0259r verir ki, m\u0259tbuat konfrans\u0131nda m\u0259\u011flubiyy\u0259tl\u0259 yana\u015f\u0131, kosovolu azarke\u015fl\u0259rin himnimizi fit\u0259 basmas\u0131 m\u00fczakir\u0259 m\u00f6vzusu olub. \u201cHe\u00e7 bir stadionunda Az\u0259rbaycan himni bu q\u0259d\u0259r fit\u0259 bas\u0131lmam\u0131\u015fd\u0131. Bu yax\u015f\u0131 hal deyil. Bak\u0131ya g\u0259l\u0259nd\u0259 xalq\u0131m\u0131z onlar\u0131 normal qar\u015f\u0131lay\u0131b. Siyasi m\u0259s\u0259l\u0259l\u0259rd\u0259n as\u0131l\u0131 olmayaraq, kosovolular\u0131 yax\u015f\u0131 qar\u015f\u0131lad\u0131q. Etdikl\u0259ri h\u0259r\u0259k\u0259t \u00f6z adlar\u0131na problem olar. D\u00f6vl\u0259tini sev\u0259n adam ba\u015fqa himnl\u0259ri fit\u0259 basmaz. Bu hal futbol\u00e7ular\u0131m\u0131z q\u0131c\u0131qland\u0131rd\u0131\u201d,- dey\u0259 o bildirib. oxu.az<\/p>\n","protected":false},"author":2,"featured_media":24298,"comment_status":"closed","ping_status":"closed","sticky":false,"template":"","format":"standard","meta":{"om_disable_all_campaigns":false,"_monsterinsights_skip_tracking":false,"_monsterinsights_sitenote_active":false,"_monsterinsights_sitenote_note":"","_monsterinsights_sitenote_category":0},"categories":[6],"tags":[],"aioseo_notices":[],"gutentor_comment":0,"rttpg_featured_image_url":{"full":["https:\/\/arantv.az\/wp-content\/uploads\/2018\/11\/40904765_542182012886920_6250015325144743936_n.jpg",620,414,false],"landscape":["https:\/\/arantv.az\/wp-content\/uploads\/2018\/11\/40904765_542182012886920_6250015325144743936_n.jpg",620,414,false],"portraits":["https:\/\/arantv.az\/wp-content\/uploads\/2018\/11\/40904765_542182012886920_6250015325144743936_n.jpg",620,414,false],"thumbnail":["https:\/\/arantv.az\/wp-content\/uploads\/2018\/11\/40904765_542182012886920_6250015325144743936_n-150x150.jpg",150,150,true],"medium":["https:\/\/arantv.az\/wp-content\/uploads\/2018\/11\/40904765_542182012886920_6250015325144743936_n-300x200.jpg",300,200,true],"large":["https:\/\/arantv.az\/wp-content\/uploads\/2018\/11\/40904765_542182012886920_6250015325144743936_n.jpg",620,414,false],"1536x1536":["https:\/\/arantv.az\/wp-content\/uploads\/2018\/11\/40904765_542182012886920_6250015325144743936_n.jpg",620,414,false],"2048x2048":["https:\/\/arantv.az\/wp-content\/uploads\/2018\/11\/40904765_542182012886920_6250015325144743936_n.jpg",620,414,false],"post-thumbnail":["https:\/\/arantv.az\/wp-content\/uploads\/2018\/11\/40904765_542182012886920_6250015325144743936_n-240x172.jpg",240,172,true],"advps-thumb-one":["https:\/\/arantv.az\/wp-content\/uploads\/2018\/11\/40904765_542182012886920_6250015325144743936_n.jpg",620,414,false]},"rttpg_author":{"display_name":"V\u00fcsal Rafiqo\u011flu","author_link":"https:\/\/arantv.az\/?author=2"},"rttpg_comment":0,"rttpg_category":"<a href=\"https:\/\/arantv.az\/?cat=6\" rel=\"category\">\u0130dman<\/a>","rttpg_excerpt":"Az\u0259rbaycan milli komandas\u0131n\u0131n futbol\u00e7usu\u00a0Qara Qarayev\u00a0Mill\u0259tl\u0259r Liqas\u0131n\u0131n VI turunda s\u0259f\u0259rd\u0259 Kosovoya 0:4 hesab\u0131 il\u0259 m\u0259\u011flub olduqlar\u0131 oyundan sonra mat\u00e7 haqq\u0131nda fikirl\u0259rini b\u00f6l\u00fc\u015f\u00fcb. ARANTV.AZ\u00a0x\u0259b\u0259r verir ki, m\u0259tbuat konfrans\u0131nda m\u0259\u011flubiyy\u0259tl\u0259 yana\u015f\u0131, kosovolu azarke\u015fl\u0259rin himnimizi fit\u0259 basmas\u0131 m\u00fczakir\u0259 m\u00f6vzusu olub. \u201cHe\u00e7 bir stadionunda Az\u0259rbaycan himni bu q\u0259d\u0259r fit\u0259 bas\u0131lmam\u0131\u015fd\u0131. Bu yax\u015f\u0131 hal deyil. Bak\u0131ya g\u0259l\u0259nd\u0259 xalq\u0131m\u0131z onlar\u0131 normal qar\u015f\u0131lay\u0131b.&hellip;","_links":{"self":[{"href":"https:\/\/arantv.az\/index.php?rest_route=\/wp\/v2\/posts\/24297"}],"collection":[{"href":"https:\/\/arantv.az\/index.php?rest_route=\/wp\/v2\/posts"}],"about":[{"href":"https:\/\/arantv.az\/index.php?rest_route=\/wp\/v2\/types\/post"}],"author":[{"embeddable":true,"href":"https:\/\/arantv.az\/index.php?rest_route=\/wp\/v2\/users\/2"}],"replies":[{"embeddable":true,"href":"https:\/\/arantv.az\/index.php?rest_route=%2Fwp%2Fv2%2Fcomments&post=24297"}],"version-history":[{"count":0,"href":"https:\/\/arantv.az\/index.php?rest_route=\/wp\/v2\/posts\/24297\/revisions"}],"wp:featuredmedia":[{"embeddable":true,"href":"https:\/\/arantv.az\/index.php?rest_route=\/wp\/v2\/media\/24298"}],"wp:attachment":[{"href":"https:\/\/arantv.az\/index.php?rest_route=%2Fwp%2Fv2%2Fmedia&parent=24297"}],"wp:term":[{"taxonomy":"category","embeddable":true,"href":"https:\/\/arantv.az\/index.php?rest_route=%2Fwp%2Fv2%2Fcategories&post=24297"},{"taxonomy":"post_tag","embeddable":true,"href":"https:\/\/arantv.az\/index.php?rest_route=%2Fwp%2Fv2%2Ftags&post=24297"}],"curies":[{"name":"wp","href":"https:\/\/api.w.org\/{rel}","templated":true}]}}