{"id":24303,"date":"2018-11-21T09:43:27","date_gmt":"2018-11-21T06:43:27","guid":{"rendered":"http:\/\/arantv.az\/?p=24303"},"modified":"2018-11-21T09:43:27","modified_gmt":"2018-11-21T06:43:27","slug":"moskva-aeroportunda-t%c9%99yyar%c9%99-erm%c9%99nini-vurdu-video","status":"publish","type":"post","link":"https:\/\/arantv.az\/?p=24303","title":{"rendered":"Moskva aeroportunda t\u0259yyar\u0259 erm\u0259nini vurdu &#8211; V\u0130DEO"},"content":{"rendered":"<p>Rusiyan\u0131n h\u00fcquq-m\u00fchafiz\u0259 orqanlar\u0131\u00a0Moskvan\u0131n \u201c\u015eeremetovo\u201d aeroportunda t\u0259yyar\u0259nin vurdu\u011fu ki\u015finin \u015f\u0259xsiyy\u0259tini m\u00fc\u0259yy\u0259nl\u0259\u015fdirib.<\/p>\n<p><b>ARANTV.AZ <\/b>oxu.az-a istinad\u0259n x\u0259b\u0259r verir ki, \u00f6l\u0259n \u015f\u0259xs Madridd\u0259n v\u0259t\u0259nin\u0259 deportasiya edil\u0259n v\u0259 Moskva aeroportundan Yerevana getm\u0259li olan 25 ya\u015fl\u0131 Erm\u0259nistan v\u0259t\u0259nda\u015f\u0131d\u0131r.<\/p>\n<p>Qeyd edilib ki, ki\u015fi Madridd\u0259n Moskvaya u\u00e7an t\u0259yyar\u0259nin g\u00f6y\u0259rt\u0259sind\u0259 insident t\u00f6r\u0259tdikd\u0259n sonra reysi t\u0259rk edib, bundan sonra onun taleyi nam\u0259lum qal\u0131b.<\/p>\n<div id=\"AdributorNativeVideo0\" class=\"AdributorNativeVideo\"><\/div>\n<p>Aeroport n\u00fcmay\u0259nd\u0259si ki\u015finin c\u0259s\u0259dinin eni\u015f zola\u011f\u0131nda a\u015fkarland\u0131\u011f\u0131n\u0131 t\u0259sdiql\u0259yib.<\/p>\n<p>Faktla ba\u011fl\u0131 ara\u015fd\u0131rma apar\u0131l\u0131r.<\/p>\n<div><iframe loading=\"lazy\" src=\"https:\/\/player.baku.tv\/embed\/5121\" width=\"560\" height=\"315\" frameborder=\"0\" allowfullscreen=\"allowfullscreen\" data-mce-fragment=\"1\"><\/iframe><\/div>\n<p>&nbsp;<\/p>\n","protected":false},"excerpt":{"rendered":"<p>Rusiyan\u0131n h\u00fcquq-m\u00fchafiz\u0259 orqanlar\u0131\u00a0Moskvan\u0131n \u201c\u015eeremetovo\u201d aeroportunda t\u0259yyar\u0259nin vurdu\u011fu ki\u015finin \u015f\u0259xsiyy\u0259tini m\u00fc\u0259yy\u0259nl\u0259\u015fdirib. ARANTV.AZ oxu.az-a istinad\u0259n x\u0259b\u0259r verir ki, \u00f6l\u0259n \u015f\u0259xs Madridd\u0259n v\u0259t\u0259nin\u0259 deportasiya edil\u0259n v\u0259 Moskva aeroportundan Yerevana getm\u0259li olan 25 ya\u015fl\u0131 Erm\u0259nistan v\u0259t\u0259nda\u015f\u0131d\u0131r. Qeyd edilib ki, ki\u015fi Madridd\u0259n Moskvaya u\u00e7an t\u0259yyar\u0259nin g\u00f6y\u0259rt\u0259sind\u0259 insident t\u00f6r\u0259tdikd\u0259n sonra reysi t\u0259rk edib, bundan sonra onun taleyi nam\u0259lum qal\u0131b. Aeroport n\u00fcmay\u0259nd\u0259si ki\u015finin c\u0259s\u0259dinin eni\u015f zola\u011f\u0131nda a\u015fkarland\u0131\u011f\u0131n\u0131 t\u0259sdiql\u0259yib. Faktla ba\u011fl\u0131 ara\u015fd\u0131rma apar\u0131l\u0131r. &nbsp;<\/p>\n","protected":false},"author":2,"featured_media":24304,"comment_status":"closed","ping_status":"closed","sticky":false,"template":"","format":"standard","meta":{"om_disable_all_campaigns":false,"_monsterinsights_skip_tracking":false,"_monsterinsights_sitenote_active":false,"_monsterinsights_sitenote_note":"","_monsterinsights_sitenote_category":0},"categories":[7],"tags":[],"aioseo_notices":[],"gutentor_comment":0,"rttpg_featured_image_url":{"full":["https:\/\/arantv.az\/wp-content\/uploads\/2018\/11\/teyya.jpg",620,384,false],"landscape":["https:\/\/arantv.az\/wp-content\/uploads\/2018\/11\/teyya.jpg",620,384,false],"portraits":["https:\/\/arantv.az\/wp-content\/uploads\/2018\/11\/teyya.jpg",620,384,false],"thumbnail":["https:\/\/arantv.az\/wp-content\/uploads\/2018\/11\/teyya-150x150.jpg",150,150,true],"medium":["https:\/\/arantv.az\/wp-content\/uploads\/2018\/11\/teyya-300x186.jpg",300,186,true],"large":["https:\/\/arantv.az\/wp-content\/uploads\/2018\/11\/teyya.jpg",620,384,false],"1536x1536":["https:\/\/arantv.az\/wp-content\/uploads\/2018\/11\/teyya.jpg",620,384,false],"2048x2048":["https:\/\/arantv.az\/wp-content\/uploads\/2018\/11\/teyya.jpg",620,384,false],"post-thumbnail":["https:\/\/arantv.az\/wp-content\/uploads\/2018\/11\/teyya-240x172.jpg",240,172,true],"advps-thumb-one":["https:\/\/arantv.az\/wp-content\/uploads\/2018\/11\/teyya.jpg",620,384,false]},"rttpg_author":{"display_name":"V\u00fcsal Rafiqo\u011flu","author_link":"https:\/\/arantv.az\/?author=2"},"rttpg_comment":0,"rttpg_category":"<a href=\"https:\/\/arantv.az\/?cat=7\" rel=\"category\">D\u00fcnya<\/a>","rttpg_excerpt":"Rusiyan\u0131n h\u00fcquq-m\u00fchafiz\u0259 orqanlar\u0131\u00a0Moskvan\u0131n \u201c\u015eeremetovo\u201d aeroportunda t\u0259yyar\u0259nin vurdu\u011fu ki\u015finin \u015f\u0259xsiyy\u0259tini m\u00fc\u0259yy\u0259nl\u0259\u015fdirib. ARANTV.AZ oxu.az-a istinad\u0259n x\u0259b\u0259r verir ki, \u00f6l\u0259n \u015f\u0259xs Madridd\u0259n v\u0259t\u0259nin\u0259 deportasiya edil\u0259n v\u0259 Moskva aeroportundan Yerevana getm\u0259li olan 25 ya\u015fl\u0131 Erm\u0259nistan v\u0259t\u0259nda\u015f\u0131d\u0131r. Qeyd edilib ki, ki\u015fi Madridd\u0259n Moskvaya u\u00e7an t\u0259yyar\u0259nin g\u00f6y\u0259rt\u0259sind\u0259 insident t\u00f6r\u0259tdikd\u0259n sonra reysi t\u0259rk edib, bundan sonra onun taleyi nam\u0259lum qal\u0131b. Aeroport n\u00fcmay\u0259nd\u0259si&hellip;","_links":{"self":[{"href":"https:\/\/arantv.az\/index.php?rest_route=\/wp\/v2\/posts\/24303"}],"collection":[{"href":"https:\/\/arantv.az\/index.php?rest_route=\/wp\/v2\/posts"}],"about":[{"href":"https:\/\/arantv.az\/index.php?rest_route=\/wp\/v2\/types\/post"}],"author":[{"embeddable":true,"href":"https:\/\/arantv.az\/index.php?rest_route=\/wp\/v2\/users\/2"}],"replies":[{"embeddable":true,"href":"https:\/\/arantv.az\/index.php?rest_route=%2Fwp%2Fv2%2Fcomments&post=24303"}],"version-history":[{"count":0,"href":"https:\/\/arantv.az\/index.php?rest_route=\/wp\/v2\/posts\/24303\/revisions"}],"wp:featuredmedia":[{"embeddable":true,"href":"https:\/\/arantv.az\/index.php?rest_route=\/wp\/v2\/media\/24304"}],"wp:attachment":[{"href":"https:\/\/arantv.az\/index.php?rest_route=%2Fwp%2Fv2%2Fmedia&parent=24303"}],"wp:term":[{"taxonomy":"category","embeddable":true,"href":"https:\/\/arantv.az\/index.php?rest_route=%2Fwp%2Fv2%2Fcategories&post=24303"},{"taxonomy":"post_tag","embeddable":true,"href":"https:\/\/arantv.az\/index.php?rest_route=%2Fwp%2Fv2%2Ftags&post=24303"}],"curies":[{"name":"wp","href":"https:\/\/api.w.org\/{rel}","templated":true}]}}