{"id":24309,"date":"2018-11-21T09:46:38","date_gmt":"2018-11-21T06:46:38","guid":{"rendered":"http:\/\/arantv.az\/?p=24309"},"modified":"2018-11-21T09:46:38","modified_gmt":"2018-11-21T06:46:38","slug":"vasinqtonda-abs-az%c9%99rbaycan-gurcustan-uct%c9%99r%c9%99fli-%c9%99m%c9%99kdasligi-il%c9%99-bagli-muzakir%c9%99l%c9%99r-kecirilib","status":"publish","type":"post","link":"https:\/\/arantv.az\/?p=24309","title":{"rendered":"Va\u015finqtonda AB\u015e-Az\u0259rbaycan-G\u00fcrc\u00fcstan \u00fc\u00e7t\u0259r\u0259fli \u0259m\u0259kda\u015fl\u0131\u011f\u0131 il\u0259 ba\u011fl\u0131 m\u00fczakir\u0259l\u0259r ke\u00e7irilib"},"content":{"rendered":"<p><strong>ARANTV.AZ<\/strong> x\u0259b\u0259r verir ki, Va\u015finqtonda AB\u015e-Az\u0259rbaycan-G\u00fcrc\u00fcstan \u00fc\u00e7t\u0259r\u0259fli \u0259m\u0259kda\u015fl\u0131\u011f\u0131 il\u0259 ba\u011fl\u0131 m\u00fczakir\u0259l\u0259r ke\u00e7irilib. T\u0259dbird\u0259 enerji v\u0259 n\u0259qliyyat sah\u0259l\u0259rind\u0259 h\u0259yata ke\u00e7iril\u0259n layih\u0259l\u0259r\u0259 AB\u015e t\u0259r\u0259find\u0259n b\u00f6y\u00fck maraq g\u00f6st\u0259rildiyi vur\u011fulan\u0131b.<\/p>\n<p>Daniel Morqan ad\u0131na Milli T\u0259hl\u00fck\u0259sizlik \u0130nstitutunda \u201cAB\u015e-Az\u0259rbaycan-G\u00fcrc\u00fcstan: \u00dc\u00e7t\u0259r\u0259fli \u0259m\u0259kda\u015fl\u0131\u011f\u0131n qlobal v\u0259 regional perspektivl\u0259ri\u201d m\u00f6vzusunda t\u0259dbir ke\u00e7irilib. \u201cC\u0259nubi Qafqaz yol ayr\u0131c\u0131nda: Regional sabitlik \u00fc\u00e7\u00fcn \u00e7a\u011f\u0131r\u0131\u015flar\u201d adl\u0131 paneld\u0259 \u00e7\u0131x\u0131\u015f ed\u0259n Az\u0259rbaycan\u0131n AB\u015e-dak\u0131 s\u0259firi Elin S\u00fcleymanov G\u00fcrc\u00fcstan v\u0259 T\u00fcrkiy\u0259 il\u0259 \u00fc\u00e7t\u0259r\u0259fli strateji \u0259m\u0259kda\u015fl\u0131q \u0259laq\u0259l\u0259rinin quruldu\u011funu, davaml\u0131 olaraq Xarici \u0130\u015fl\u0259r v\u0259 M\u00fcdafi\u0259 nazirl\u0259ri s\u0259viyy\u0259sind\u0259 g\u00f6r\u00fc\u015fl\u0259rin ke\u00e7irildiyini qeyd edib. \u00dcmummilli lider Heyd\u0259r \u018fliyevin G\u00fcrc\u00fcstan v\u0259 T\u00fcrkiy\u0259 Prezidentl\u0259ri il\u0259 qurdu\u011fu \u015f\u0259xsi dostluq m\u00fcnasib\u0259tl\u0259rinin \u00fc\u00e7 d\u00f6vl\u0259t aras\u0131nda \u0259laq\u0259l\u0259rin daha da inki\u015faf\u0131na g\u0259tirib \u00e7\u0131xard\u0131\u011f\u0131n\u0131 bildirib. G\u00fcrc\u00fcstan\u0131n AB\u015e-dak\u0131 s\u0259firi David Bakradze regiondak\u0131 sabitliyin qorunmas\u0131 m\u0259qs\u0259dil\u0259 h\u0259r iki \u00f6lk\u0259nin eyni m\u00f6vqed\u0259n \u00e7\u0131x\u0131\u015f etdiyini diqq\u0259t\u0259 \u00e7atd\u0131r\u0131b. G\u00fcrc\u00fcstan\u0131n Az\u0259rbaycanla enerji v\u0259 n\u0259qliyyat sah\u0259l\u0259rind\u0259 d\u0259 yax\u0131ndan \u0259m\u0259kda\u015fl\u0131q etdiyini qeyd ed\u0259n s\u0259fir bu sah\u0259l\u0259rd\u0259 h\u0259yata ke\u00e7iril\u0259n layih\u0259l\u0259r\u0259 AB\u015e t\u0259r\u0259find\u0259n d\u0259 b\u00f6y\u00fck maraq g\u00f6st\u0259rildiyini vur\u011fulay\u0131b. \u201cAz\u0259rbaycan-G\u00fcrc\u00fcstan: Avropa v\u0259 Asiya aras\u0131nda enerji v\u0259 ticar\u0259t \u00fc\u00e7\u00fcn strateji k\u00f6rp\u00fc\u201d adl\u0131 ikinci paneld\u0259 \u00e7\u0131x\u0131\u015f ed\u0259nl\u0259r Az\u0259rbaycan v\u0259 G\u00fcrc\u00fcstan\u0131n i\u015ftirak\u0131 il\u0259 h\u0259yata ke\u00e7iril\u0259n Bak\u0131-Tbilisi-Ceyhan neft k\u0259m\u0259ri, C\u0259nub Qaz D\u0259hlizi, Bak\u0131-Tbilisi-Qars d\u0259mir yolu layih\u0259l\u0259ri v\u0259 Trans-X\u0259z\u0259r Beyn\u0259lxalq N\u0259qliyyat Mar\u015frutu il\u0259 ba\u011fl\u0131 t\u0259dbir i\u015ftirak\u00e7\u0131lar\u0131na \u0259trafl\u0131 m\u0259lumat veribl\u0259r.<\/p>\n","protected":false},"excerpt":{"rendered":"<p>ARANTV.AZ x\u0259b\u0259r verir ki, Va\u015finqtonda AB\u015e-Az\u0259rbaycan-G\u00fcrc\u00fcstan \u00fc\u00e7t\u0259r\u0259fli \u0259m\u0259kda\u015fl\u0131\u011f\u0131 il\u0259 ba\u011fl\u0131 m\u00fczakir\u0259l\u0259r ke\u00e7irilib. T\u0259dbird\u0259 enerji v\u0259 n\u0259qliyyat sah\u0259l\u0259rind\u0259 h\u0259yata ke\u00e7iril\u0259n layih\u0259l\u0259r\u0259 AB\u015e t\u0259r\u0259find\u0259n b\u00f6y\u00fck maraq g\u00f6st\u0259rildiyi vur\u011fulan\u0131b. Daniel Morqan ad\u0131na Milli T\u0259hl\u00fck\u0259sizlik \u0130nstitutunda \u201cAB\u015e-Az\u0259rbaycan-G\u00fcrc\u00fcstan: \u00dc\u00e7t\u0259r\u0259fli \u0259m\u0259kda\u015fl\u0131\u011f\u0131n qlobal v\u0259 regional perspektivl\u0259ri\u201d m\u00f6vzusunda t\u0259dbir ke\u00e7irilib. \u201cC\u0259nubi Qafqaz yol ayr\u0131c\u0131nda: Regional sabitlik \u00fc\u00e7\u00fcn \u00e7a\u011f\u0131r\u0131\u015flar\u201d adl\u0131 paneld\u0259 \u00e7\u0131x\u0131\u015f ed\u0259n Az\u0259rbaycan\u0131n AB\u015e-dak\u0131 s\u0259firi Elin S\u00fcleymanov G\u00fcrc\u00fcstan v\u0259 T\u00fcrkiy\u0259 il\u0259 \u00fc\u00e7t\u0259r\u0259fli strateji \u0259m\u0259kda\u015fl\u0131q \u0259laq\u0259l\u0259rinin quruldu\u011funu, davaml\u0131 olaraq Xarici \u0130\u015fl\u0259r v\u0259 M\u00fcdafi\u0259 nazirl\u0259ri s\u0259viyy\u0259sind\u0259 g\u00f6r\u00fc\u015fl\u0259rin ke\u00e7irildiyini qeyd edib. \u00dcmummilli lider Heyd\u0259r \u018fliyevin G\u00fcrc\u00fcstan v\u0259 T\u00fcrkiy\u0259 Prezidentl\u0259ri il\u0259 qurdu\u011fu&hellip;<\/p>\n","protected":false},"author":2,"featured_media":24310,"comment_status":"closed","ping_status":"closed","sticky":false,"template":"","format":"standard","meta":{"om_disable_all_campaigns":false,"_monsterinsights_skip_tracking":false,"_monsterinsights_sitenote_active":false,"_monsterinsights_sitenote_note":"","_monsterinsights_sitenote_category":0},"categories":[4],"tags":[],"aioseo_notices":[],"gutentor_comment":0,"rttpg_featured_image_url":{"full":["https:\/\/arantv.az\/wp-content\/uploads\/2018\/11\/tf0f4n92ou33d6abufm4nr41c2aag.jpg",1000,666,false],"landscape":["https:\/\/arantv.az\/wp-content\/uploads\/2018\/11\/tf0f4n92ou33d6abufm4nr41c2aag.jpg",1000,666,false],"portraits":["https:\/\/arantv.az\/wp-content\/uploads\/2018\/11\/tf0f4n92ou33d6abufm4nr41c2aag.jpg",1000,666,false],"thumbnail":["https:\/\/arantv.az\/wp-content\/uploads\/2018\/11\/tf0f4n92ou33d6abufm4nr41c2aag-150x150.jpg",150,150,true],"medium":["https:\/\/arantv.az\/wp-content\/uploads\/2018\/11\/tf0f4n92ou33d6abufm4nr41c2aag-300x200.jpg",300,200,true],"large":["https:\/\/arantv.az\/wp-content\/uploads\/2018\/11\/tf0f4n92ou33d6abufm4nr41c2aag.jpg",640,426,false],"1536x1536":["https:\/\/arantv.az\/wp-content\/uploads\/2018\/11\/tf0f4n92ou33d6abufm4nr41c2aag.jpg",1000,666,false],"2048x2048":["https:\/\/arantv.az\/wp-content\/uploads\/2018\/11\/tf0f4n92ou33d6abufm4nr41c2aag.jpg",1000,666,false],"post-thumbnail":["https:\/\/arantv.az\/wp-content\/uploads\/2018\/11\/tf0f4n92ou33d6abufm4nr41c2aag-240x172.jpg",240,172,true],"advps-thumb-one":["https:\/\/arantv.az\/wp-content\/uploads\/2018\/11\/tf0f4n92ou33d6abufm4nr41c2aag-1000x620.jpg",1000,620,true]},"rttpg_author":{"display_name":"V\u00fcsal Rafiqo\u011flu","author_link":"https:\/\/arantv.az\/?author=2"},"rttpg_comment":0,"rttpg_category":"<a href=\"https:\/\/arantv.az\/?cat=4\" rel=\"category\">Siyas\u0259t<\/a>","rttpg_excerpt":"ARANTV.AZ x\u0259b\u0259r verir ki, Va\u015finqtonda AB\u015e-Az\u0259rbaycan-G\u00fcrc\u00fcstan \u00fc\u00e7t\u0259r\u0259fli \u0259m\u0259kda\u015fl\u0131\u011f\u0131 il\u0259 ba\u011fl\u0131 m\u00fczakir\u0259l\u0259r ke\u00e7irilib. T\u0259dbird\u0259 enerji v\u0259 n\u0259qliyyat sah\u0259l\u0259rind\u0259 h\u0259yata ke\u00e7iril\u0259n layih\u0259l\u0259r\u0259 AB\u015e t\u0259r\u0259find\u0259n b\u00f6y\u00fck maraq g\u00f6st\u0259rildiyi vur\u011fulan\u0131b. Daniel Morqan ad\u0131na Milli T\u0259hl\u00fck\u0259sizlik \u0130nstitutunda \u201cAB\u015e-Az\u0259rbaycan-G\u00fcrc\u00fcstan: \u00dc\u00e7t\u0259r\u0259fli \u0259m\u0259kda\u015fl\u0131\u011f\u0131n qlobal v\u0259 regional perspektivl\u0259ri\u201d m\u00f6vzusunda t\u0259dbir ke\u00e7irilib. \u201cC\u0259nubi Qafqaz yol ayr\u0131c\u0131nda: Regional sabitlik \u00fc\u00e7\u00fcn \u00e7a\u011f\u0131r\u0131\u015flar\u201d adl\u0131 paneld\u0259 \u00e7\u0131x\u0131\u015f ed\u0259n Az\u0259rbaycan\u0131n&hellip;","_links":{"self":[{"href":"https:\/\/arantv.az\/index.php?rest_route=\/wp\/v2\/posts\/24309"}],"collection":[{"href":"https:\/\/arantv.az\/index.php?rest_route=\/wp\/v2\/posts"}],"about":[{"href":"https:\/\/arantv.az\/index.php?rest_route=\/wp\/v2\/types\/post"}],"author":[{"embeddable":true,"href":"https:\/\/arantv.az\/index.php?rest_route=\/wp\/v2\/users\/2"}],"replies":[{"embeddable":true,"href":"https:\/\/arantv.az\/index.php?rest_route=%2Fwp%2Fv2%2Fcomments&post=24309"}],"version-history":[{"count":0,"href":"https:\/\/arantv.az\/index.php?rest_route=\/wp\/v2\/posts\/24309\/revisions"}],"wp:featuredmedia":[{"embeddable":true,"href":"https:\/\/arantv.az\/index.php?rest_route=\/wp\/v2\/media\/24310"}],"wp:attachment":[{"href":"https:\/\/arantv.az\/index.php?rest_route=%2Fwp%2Fv2%2Fmedia&parent=24309"}],"wp:term":[{"taxonomy":"category","embeddable":true,"href":"https:\/\/arantv.az\/index.php?rest_route=%2Fwp%2Fv2%2Fcategories&post=24309"},{"taxonomy":"post_tag","embeddable":true,"href":"https:\/\/arantv.az\/index.php?rest_route=%2Fwp%2Fv2%2Ftags&post=24309"}],"curies":[{"name":"wp","href":"https:\/\/api.w.org\/{rel}","templated":true}]}}