{"id":24312,"date":"2018-11-21T09:47:26","date_gmt":"2018-11-21T06:47:26","guid":{"rendered":"http:\/\/arantv.az\/?p=24312"},"modified":"2018-11-21T09:47:26","modified_gmt":"2018-11-21T06:47:26","slug":"polsa-portali-prezident-ilham-%c9%99liyevin-belarusa-r%c9%99smi-s%c9%99f%c9%99rind%c9%99n-yazib","status":"publish","type":"post","link":"https:\/\/arantv.az\/?p=24312","title":{"rendered":"Pol\u015fa portal\u0131 Prezident \u0130lham \u018fliyevin Belarusa r\u0259smi s\u0259f\u0259rind\u0259n yaz\u0131b"},"content":{"rendered":"<p><strong>ARANTV.AZ<\/strong> x\u0259b\u0259r verir ki, Prezident \u0130lham \u018fliyevin Belarus Respublikas\u0131na r\u0259smi s\u0259f\u0259ri Pol\u015fa m\u0259tbuat\u0131nda da i\u015f\u0131qland\u0131r\u0131l\u0131b. Bu \u00f6lk\u0259nin apar\u0131c\u0131 iqtisadi \u201cwpn.pl\u201d portal\u0131nda yerl\u0259\u015fdiril\u0259n\u00a0 yaz\u0131da Az\u0259rbaycan v\u0259 Belarus prezidentl\u0259rinin g\u00f6r\u00fc\u015fl\u0259rind\u0259, m\u0259tbuata b\u0259yanatlar\u0131nda iki \u00f6lk\u0259 aras\u0131nda iqtisadi, siyasi, ticari \u0259laq\u0259l\u0259rin inki\u015faf\u0131 il\u0259 ba\u011fl\u0131 s\u00f6yl\u0259nil\u0259n fikirl\u0259rin, imzalanan s\u0259n\u0259dl\u0259rin \u0259h\u0259miyy\u0259tind\u0259n s\u00f6hb\u0259t a\u00e7\u0131l\u0131r. Qeyd olunur ki, Prezident \u0130lham \u018fliyev v\u0259 Prezident Aleksandr Luka\u015fenko dost v\u0259 qarda\u015f \u00f6lk\u0259l\u0259r olan Az\u0259rbaycan il\u0259 Belarus aras\u0131nda \u0259laq\u0259l\u0259rin b\u00fct\u00fcn istiqam\u0259tl\u0259rd\u0259 inki\u015faf\u0131ndan m\u0259mnunluqlar\u0131n\u0131 ifad\u0259 edibl\u0259r.<\/p>\n","protected":false},"excerpt":{"rendered":"<p>ARANTV.AZ x\u0259b\u0259r verir ki, Prezident \u0130lham \u018fliyevin Belarus Respublikas\u0131na r\u0259smi s\u0259f\u0259ri Pol\u015fa m\u0259tbuat\u0131nda da i\u015f\u0131qland\u0131r\u0131l\u0131b. Bu \u00f6lk\u0259nin apar\u0131c\u0131 iqtisadi \u201cwpn.pl\u201d portal\u0131nda yerl\u0259\u015fdiril\u0259n\u00a0 yaz\u0131da Az\u0259rbaycan v\u0259 Belarus prezidentl\u0259rinin g\u00f6r\u00fc\u015fl\u0259rind\u0259, m\u0259tbuata b\u0259yanatlar\u0131nda iki \u00f6lk\u0259 aras\u0131nda iqtisadi, siyasi, ticari \u0259laq\u0259l\u0259rin inki\u015faf\u0131 il\u0259 ba\u011fl\u0131 s\u00f6yl\u0259nil\u0259n fikirl\u0259rin, imzalanan s\u0259n\u0259dl\u0259rin \u0259h\u0259miyy\u0259tind\u0259n s\u00f6hb\u0259t a\u00e7\u0131l\u0131r. Qeyd olunur ki, Prezident \u0130lham \u018fliyev v\u0259 Prezident Aleksandr Luka\u015fenko dost v\u0259 qarda\u015f \u00f6lk\u0259l\u0259r olan Az\u0259rbaycan il\u0259 Belarus aras\u0131nda \u0259laq\u0259l\u0259rin b\u00fct\u00fcn istiqam\u0259tl\u0259rd\u0259 inki\u015faf\u0131ndan m\u0259mnunluqlar\u0131n\u0131 ifad\u0259 edibl\u0259r.<\/p>\n","protected":false},"author":2,"featured_media":24313,"comment_status":"closed","ping_status":"closed","sticky":false,"template":"","format":"standard","meta":{"om_disable_all_campaigns":false,"_monsterinsights_skip_tracking":false,"_monsterinsights_sitenote_active":false,"_monsterinsights_sitenote_note":"","_monsterinsights_sitenote_category":0},"categories":[4],"tags":[],"aioseo_notices":[],"gutentor_comment":0,"rttpg_featured_image_url":{"full":["https:\/\/arantv.az\/wp-content\/uploads\/2018\/11\/tf0f4n92ou33d6abufm4nr41c2pol.jpg",643,669,false],"landscape":["https:\/\/arantv.az\/wp-content\/uploads\/2018\/11\/tf0f4n92ou33d6abufm4nr41c2pol.jpg",643,669,false],"portraits":["https:\/\/arantv.az\/wp-content\/uploads\/2018\/11\/tf0f4n92ou33d6abufm4nr41c2pol.jpg",643,669,false],"thumbnail":["https:\/\/arantv.az\/wp-content\/uploads\/2018\/11\/tf0f4n92ou33d6abufm4nr41c2pol-150x150.jpg",150,150,true],"medium":["https:\/\/arantv.az\/wp-content\/uploads\/2018\/11\/tf0f4n92ou33d6abufm4nr41c2pol-288x300.jpg",288,300,true],"large":["https:\/\/arantv.az\/wp-content\/uploads\/2018\/11\/tf0f4n92ou33d6abufm4nr41c2pol.jpg",640,666,false],"1536x1536":["https:\/\/arantv.az\/wp-content\/uploads\/2018\/11\/tf0f4n92ou33d6abufm4nr41c2pol.jpg",643,669,false],"2048x2048":["https:\/\/arantv.az\/wp-content\/uploads\/2018\/11\/tf0f4n92ou33d6abufm4nr41c2pol.jpg",643,669,false],"post-thumbnail":["https:\/\/arantv.az\/wp-content\/uploads\/2018\/11\/tf0f4n92ou33d6abufm4nr41c2pol-240x172.jpg",240,172,true],"advps-thumb-one":["https:\/\/arantv.az\/wp-content\/uploads\/2018\/11\/tf0f4n92ou33d6abufm4nr41c2pol-643x620.jpg",643,620,true]},"rttpg_author":{"display_name":"V\u00fcsal Rafiqo\u011flu","author_link":"https:\/\/arantv.az\/?author=2"},"rttpg_comment":0,"rttpg_category":"<a href=\"https:\/\/arantv.az\/?cat=4\" rel=\"category\">Siyas\u0259t<\/a>","rttpg_excerpt":"ARANTV.AZ x\u0259b\u0259r verir ki, Prezident \u0130lham \u018fliyevin Belarus Respublikas\u0131na r\u0259smi s\u0259f\u0259ri Pol\u015fa m\u0259tbuat\u0131nda da i\u015f\u0131qland\u0131r\u0131l\u0131b. Bu \u00f6lk\u0259nin apar\u0131c\u0131 iqtisadi \u201cwpn.pl\u201d portal\u0131nda yerl\u0259\u015fdiril\u0259n\u00a0 yaz\u0131da Az\u0259rbaycan v\u0259 Belarus prezidentl\u0259rinin g\u00f6r\u00fc\u015fl\u0259rind\u0259, m\u0259tbuata b\u0259yanatlar\u0131nda iki \u00f6lk\u0259 aras\u0131nda iqtisadi, siyasi, ticari \u0259laq\u0259l\u0259rin inki\u015faf\u0131 il\u0259 ba\u011fl\u0131 s\u00f6yl\u0259nil\u0259n fikirl\u0259rin, imzalanan s\u0259n\u0259dl\u0259rin \u0259h\u0259miyy\u0259tind\u0259n s\u00f6hb\u0259t a\u00e7\u0131l\u0131r. Qeyd olunur ki, Prezident \u0130lham \u018fliyev v\u0259 Prezident&hellip;","_links":{"self":[{"href":"https:\/\/arantv.az\/index.php?rest_route=\/wp\/v2\/posts\/24312"}],"collection":[{"href":"https:\/\/arantv.az\/index.php?rest_route=\/wp\/v2\/posts"}],"about":[{"href":"https:\/\/arantv.az\/index.php?rest_route=\/wp\/v2\/types\/post"}],"author":[{"embeddable":true,"href":"https:\/\/arantv.az\/index.php?rest_route=\/wp\/v2\/users\/2"}],"replies":[{"embeddable":true,"href":"https:\/\/arantv.az\/index.php?rest_route=%2Fwp%2Fv2%2Fcomments&post=24312"}],"version-history":[{"count":0,"href":"https:\/\/arantv.az\/index.php?rest_route=\/wp\/v2\/posts\/24312\/revisions"}],"wp:featuredmedia":[{"embeddable":true,"href":"https:\/\/arantv.az\/index.php?rest_route=\/wp\/v2\/media\/24313"}],"wp:attachment":[{"href":"https:\/\/arantv.az\/index.php?rest_route=%2Fwp%2Fv2%2Fmedia&parent=24312"}],"wp:term":[{"taxonomy":"category","embeddable":true,"href":"https:\/\/arantv.az\/index.php?rest_route=%2Fwp%2Fv2%2Fcategories&post=24312"},{"taxonomy":"post_tag","embeddable":true,"href":"https:\/\/arantv.az\/index.php?rest_route=%2Fwp%2Fv2%2Ftags&post=24312"}],"curies":[{"name":"wp","href":"https:\/\/api.w.org\/{rel}","templated":true}]}}