{"id":24315,"date":"2018-11-21T09:48:17","date_gmt":"2018-11-21T06:48:17","guid":{"rendered":"http:\/\/arantv.az\/?p=24315"},"modified":"2018-11-21T09:48:17","modified_gmt":"2018-11-21T06:48:17","slug":"izmird%c9%99-turkdilli-olk%c9%99l%c9%99rin-parlament-assambleyasinin-sura-iclasi-kecirilib","status":"publish","type":"post","link":"https:\/\/arantv.az\/?p=24315","title":{"rendered":"\u0130zmird\u0259 T\u00fcrkdilli \u00d6lk\u0259l\u0259rin Parlament Assambleyas\u0131n\u0131n \u015eura iclas\u0131 ke\u00e7irilib"},"content":{"rendered":"<p><strong>ARANTV.AZ<\/strong> x\u0259b\u0259r verir ki, T\u00fcrkiy\u0259nin \u0130zmir \u015f\u0259h\u0259rind\u0259 T\u00fcrkdilli \u00d6lk\u0259l\u0259rin Parlament Assambleyas\u0131n\u0131n (T\u00dcRKPA) 8-ci \u015eura iclas\u0131 ke\u00e7irilib.<\/p>\n<p>\u0130clasda Az\u0259rbaycan\u0131 Milli M\u0259clisin s\u0259dri Oqtay \u018fs\u0259dovun r\u0259hb\u0259rliyi il\u0259 parlament n\u00fcmay\u0259nd\u0259 hey\u0259ti t\u0259msil edib. N\u00fcmay\u0259nd\u0259 hey\u0259tinin t\u0259rkibin\u0259 Milli M\u0259clisin s\u0259hiyy\u0259 komit\u0259sinin s\u0259dri \u018fhliman \u018fmiraslanov, deputatlardan Hikm\u0259t M\u0259mm\u0259dov, Nizami C\u0259f\u0259rov, \u0130lham \u018fliyev, Sevinc H\u00fcseynova, S\u0259daq\u0259t V\u0259liyeva, A\u011falar V\u0259liyev, parlament Aparat\u0131n\u0131n r\u0259hb\u0259ri S\u0259fa Mirz\u0259yev v\u0259 dig\u0259r r\u0259smi \u015f\u0259xsl\u0259r daxildir.<\/p>\n<p>\u015eura iclas\u0131na T\u00dcRKPA-n\u0131n ba\u015f katibi v\u0259 t\u0259\u015fkilata dig\u0259r \u00fczv \u00f6lk\u0259l\u0259rin &#8211; T\u00fcrkiy\u0259, Qazax\u0131stan v\u0259 Q\u0131r\u011f\u0131z\u0131stan parlamentl\u0259rinin n\u00fcmay\u0259nd\u0259 hey\u0259tl\u0259ri qat\u0131l\u0131b.<\/p>\n<p>\u0130clasdak\u0131 \u00e7\u0131x\u0131\u015f\u0131nda \u00f6t\u0259n on il \u0259rzind\u0259 T\u00dcRKPA-n\u0131n ciddi siyasi \u00e7\u0259kiy\u0259 malik olan beyn\u0259lxalq t\u0259\u015fkilat kimi formala\u015fd\u0131\u011f\u0131n\u0131 diqq\u0259t\u0259 \u00e7atd\u0131ran Milli M\u0259clisin s\u0259dri Oqtay \u018fs\u0259dov qeyd edib ki, t\u00fcrkdilli \u00f6lk\u0259l\u0259rin ortaq parlament m\u0259clisinin f\u0259aliyy\u0259ti d\u00f6vl\u0259tl\u0259rimiz v\u0259 xalqlar\u0131m\u0131z aras\u0131nda dostluq v\u0259 qarda\u015fl\u0131q m\u00fcnasib\u0259tl\u0259rinin d\u0259rinl\u0259\u015fm\u0259sin\u0259 k\u00f6m\u0259k g\u00f6st\u0259rm\u0259y\u0259 y\u00f6n\u0259lib. Siyasi, iqtisadi, m\u0259d\u0259ni v\u0259 dig\u0259r \u0259laq\u0259l\u0259rimizin h\u0259m ikit\u0259r\u0259fli, h\u0259m d\u0259 \u00e7oxt\u0259r\u0259fli m\u00fcst\u0259vid\u0259 inki\u015faf\u0131na T\u00dcRKPA-n\u0131n verdiyi t\u00f6hf\u0259nin ild\u0259n-il\u0259 artmas\u0131 t\u0259\u015fkilat\u0131n f\u0259aliyy\u0259tinin s\u0259m\u0259r\u0259li \u015f\u0259kild\u0259 quruldu\u011funu s\u00fcbut edir. T\u0259\u015fkilat\u0131m\u0131z d\u00fcnyan\u0131n 152 \u00f6lk\u0259sinin \u00fczv oldu\u011fu Parlamentl\u0259raras\u0131 \u0130ttifaqda, \u0130slam \u018fm\u0259kda\u015fl\u0131q T\u0259\u015fkilat\u0131n\u0131n Parlament \u0130ttifaq\u0131nda, Qara D\u0259niz \u0130qtisadi \u018fm\u0259kda\u015fl\u0131q T\u0259\u015fkilat\u0131n\u0131n Parlament M\u0259clisind\u0259, Asiyada Qar\u015f\u0131l\u0131ql\u0131 F\u0259aliyy\u0259t v\u0259 Etimad T\u0259dbirl\u0259ri \u00fczr\u0259 M\u00fc\u015favir\u0259d\u0259, Asiya Parlament Assambleyas\u0131nda m\u00fc\u015fahid\u0259\u00e7i statusu al\u0131b, AT\u018fT-in Parlament Assambleyas\u0131n\u0131n f\u0259aliyy\u0259tind\u0259 x\u00fcsusi qonaq kimi i\u015ftirak etm\u0259si bar\u0259d\u0259 raz\u0131l\u0131q \u0259ld\u0259 edilib. Co\u011frafi-siyasi c\u0259h\u0259td\u0259n \u00e7ox \u00f6n\u0259mli b\u00f6lg\u0259l\u0259ri \u0259hat\u0259 ed\u0259n T\u00fcrkdilli \u00d6lk\u0259l\u0259rin Parlament Assambleyas\u0131n\u0131n yarad\u0131lmas\u0131 t\u00fcrk d\u00fcnyas\u0131n\u0131n beyn\u0259lxalq al\u0259md\u0259 artan n\u00fcfuzundan x\u0259b\u0259r verir. \u00dczv \u00f6lk\u0259l\u0259rin parlamentl\u0259ri bu t\u0259\u015fkilat \u00e7\u0259r\u00e7iv\u0259sind\u0259 s\u0131x \u0259m\u0259kda\u015fl\u0131q ed\u0259r\u0259k bir s\u0131ra u\u011furlara imza at\u0131blar. Az\u0259rbaycan parlamenti bu u\u011furlara sevinir v\u0259 t\u0259\u015fkilata \u0259n y\u00fcks\u0259k s\u0259viyy\u0259d\u0259 d\u0259st\u0259k verir. T\u00dcRKPA-n\u0131n Beyn\u0259lxalq Katibliyinin Bak\u0131 \u015f\u0259h\u0259rind\u0259 s\u0259m\u0259r\u0259li f\u0259aliyy\u0259ti \u00fc\u00e7\u00fcn h\u0259r c\u00fcr \u015f\u0259rait yarad\u0131l\u0131b.<\/p>\n<p>T\u00fcrkiy\u0259 B\u00f6y\u00fck Mill\u0259t M\u0259clisinin s\u0259dri Bin\u0259li Y\u0131ld\u0131r\u0131m, Qazax\u0131stan Parlament M\u0259clisinin s\u0259dri Nurlan Niqmatulin v\u0259 Q\u0131r\u011f\u0131z\u0131stan Joqorku Kene\u015finin s\u0259dri Dastanbek Cumabekov T\u00dcRKPA-n\u0131n on illik \u015f\u0259r\u0259fli inki\u015faf yolundan, \u0259m\u0259kda\u015fl\u0131\u011f\u0131n daha da d\u0259rinl\u0259\u015fdirilm\u0259si istiqam\u0259tind\u0259 g\u00f6r\u00fcl\u0259n i\u015fl\u0259rd\u0259n, qar\u015f\u0131da duran v\u0259zif\u0259l\u0259rd\u0259n dan\u0131\u015f\u0131blar.<\/p>\n<p>Sonra ba\u015f katib Alt\u0131nbek Mamayusupovun t\u0259\u015fkilat\u0131n 2018-ci ild\u0259ki f\u0259aliyy\u0259tin\u0259 dair hesabat m\u0259ruz\u0259si dinl\u0259nilib.<\/p>\n<p>Assambleya \u015euras\u0131n\u0131n 8-ci iclas\u0131nda t\u0259\u015fkilata s\u0259drlik Q\u0131r\u011f\u0131z\u0131standan T\u00fcrkiy\u0259y\u0259 ke\u00e7ib.<\/p>\n<p><strong>X\u00a0 X\u00a0 X<\/strong><\/p>\n<p>Daha sonra T\u00fcrkdilli \u00d6lk\u0259l\u0259rin Parlament Assambleyas\u0131n\u0131n yaranmas\u0131n\u0131n 10 illik yubileyi il\u0259 \u0259laq\u0259dar \u201cT\u00dcRKPA-n\u0131n ilk 10 ili v\u0259 parlamentl\u0259raras\u0131 \u0259m\u0259kda\u015fl\u0131\u011f\u0131n g\u0259l\u0259c\u0259yi: \u0259m\u0259kda\u015fl\u0131\u011fa dair yeni yana\u015fmalar\u201d m\u00f6vzusunda \u00fc\u00e7 paneld\u0259n ibar\u0259t konfrans ke\u00e7irilib.<\/p>\n<p>Konfransda r\u0259smi \u015f\u0259xsl\u0259r, deputatlar, tan\u0131nm\u0131\u015f elm v\u0259 m\u0259d\u0259niyy\u0259t xadiml\u0259ri, t\u00fcrkoloq aliml\u0259r, beyn\u0259lxalq t\u0259\u015fkilatlar\u0131n r\u0259hb\u0259r \u015f\u0259xsl\u0259ri i\u015ftirak edibl\u0259r.<\/p>\n<p>\u018fvv\u0259lc\u0259 T\u00dcRKPA-n\u0131n yaranmas\u0131 v\u0259 inki\u015faf yolunu \u0259ks etdir\u0259n film n\u00fcmayi\u015f olunub. Filmd\u0259 T\u00dcRKPA-n\u0131n Bak\u0131 \u015f\u0259h\u0259rind\u0259 yerl\u0259\u015f\u0259n M\u0259rk\u0259zi Q\u0259rargah\u0131n\u0131n t\u0259m\u0259linin qoyulmas\u0131, binan\u0131n a\u00e7\u0131l\u0131\u015f\u0131, o c\u00fcml\u0259d\u0259n qurumun \u00f6lk\u0259mizd\u0259 ke\u00e7irdiyi t\u0259dbirl\u0259rd\u0259n, paytaxt\u0131m\u0131z\u0131n tarixi v\u0259 m\u00fcasir m\u0259nz\u0259r\u0259li yerl\u0259rind\u0259n kadrlar \u0259ks olunub.<\/p>\n<p>Konfrans\u0131n a\u00e7\u0131l\u0131\u015f\u0131nda Az\u0259rbaycan Milli M\u0259clisinin s\u0259dri Oqtay \u018fs\u0259dovun, T\u00fcrkiy\u0259 B\u00f6y\u00fck Mill\u0259t M\u0259clisinin s\u0259dri Bin\u0259li Y\u0131ld\u0131r\u0131m\u0131n, Qazax\u0131stan Parlament M\u0259clisinin s\u0259dri Nurlan Niqmatulinin, Q\u0131r\u011f\u0131z\u0131stan Joqorku Kene\u015finin s\u0259dri Dastanbek Cumabekovun v\u0259 Macar\u0131stan Milli Assambleyas\u0131n\u0131n s\u0259dri Laszlo K\u00f6verinin \u00e7\u0131x\u0131\u015flar\u0131 dinl\u0259nilib.<\/p>\n<p>\u00c7\u0131x\u0131\u015f\u0131nda t\u00fcrkdilli \u00f6lk\u0259l\u0259rin ortaq parlament m\u0259clisinin yaranmas\u0131n\u0131n tarixi z\u0259rur\u0259td\u0259n ir\u0259li g\u0259ldiyini s\u00f6yl\u0259y\u0259n Milli M\u0259clisin s\u0259dri Oqtay \u018fs\u0259dov bildirib ki, \u0259srl\u0259rboyu t\u00fcrk d\u00fcnyas\u0131n\u0131n m\u00fct\u0259f\u0259kkir insanlar\u0131n\u0131 d\u00fc\u015f\u00fcnd\u00fcr\u0259n t\u00fcrk birliyi ideyas\u0131n\u0131n h\u0259yata ke\u00e7m\u0259si \u00fc\u00e7\u00fcn real \u015f\u0259rait yaln\u0131z XX \u0259srin sonlar\u0131nda formala\u015f\u0131b. Sovetl\u0259r Birliyinin da\u011f\u0131lmas\u0131, d\u00fcnyan\u0131n siyasi x\u0259rit\u0259sin\u0259 T\u00fcrkiy\u0259 C\u00fcmhuriyy\u0259ti il\u0259 yana\u015f\u0131, be\u015f yeni t\u00fcrkdilli d\u00f6vl\u0259tin \u0259lav\u0259 olunmas\u0131 xalqlar\u0131m\u0131z\u0131n tarixi taleyinin \u00f6z m\u0259cras\u0131na qay\u0131tmas\u0131na t\u0259kan verib. T\u00fcrkdilli \u00f6lk\u0259l\u0259rin d\u00f6vl\u0259t ba\u015f\u00e7\u0131lar\u0131n\u0131n zirv\u0259 g\u00f6r\u00fc\u015fl\u0259rinin ke\u00e7irilm\u0259y\u0259 ba\u015flan\u0131lmas\u0131, T\u00fcrkdilli D\u00f6vl\u0259tl\u0259rin \u018fm\u0259kda\u015fl\u0131q \u015euras\u0131n\u0131n yarad\u0131lmas\u0131, T\u00fcrkdilli \u00d6lk\u0259l\u0259rin Parlament Assambleyas\u0131n\u0131n, el\u0259c\u0259 d\u0259 T\u00dcRKSOY-un, Beyn\u0259lxalq T\u00fcrk M\u0259d\u0259niyy\u0259ti v\u0259 \u0130rsi Fondunun, Beyn\u0259lxalq T\u00fcrk Akademiyas\u0131n\u0131n v\u0259 dig\u0259r t\u0259\u015fkilatlar\u0131n qurulmas\u0131 g\u00f6st\u0259rdi ki, dost v\u0259 qarda\u015f xalqlar\u0131m\u0131z inteqrasiya \u00fc\u00e7\u00fcn yaranan yeni imkanlar\u0131 laz\u0131m\u0131nca d\u0259y\u0259rl\u0259ndir\u0259 bilibl\u0259r.<\/p>\n<p>T\u00fcrkdilli xalqlar\u0131 bir-birin\u0259 ba\u011flayan d\u0259y\u0259rl\u0259ri b\u00f6y\u00fck m\u0259n\u0259vi s\u0259rv\u0259t kimi qiym\u0259tl\u0259ndir\u0259n parlamentin s\u0259dri m\u0259mnunluqla qeyd edib ki, m\u00fcst\u0259qil d\u00f6vl\u0259tl\u0259rimiz b\u00fct\u00fcn sah\u0259l\u0259rd\u0259 u\u011furla \u0259m\u0259kda\u015fl\u0131q edir v\u0259 bir-birin\u0259 d\u0259st\u0259k olurlar. \u015e\u00fcbh\u0259 yoxdur ki, m\u00f6hk\u0259m t\u0259m\u0259l \u00fcz\u0259rind\u0259 qurulan i\u015f birliyimiz \u00f6lk\u0259l\u0259rimizin yerl\u0259\u015fdiyi b\u00f6lg\u0259l\u0259rin t\u0259r\u0259qqi v\u0259 \u00e7i\u00e7\u0259kl\u0259nm\u0259 zonas\u0131na \u00e7evrilm\u0259sin\u0259 g\u0259tirib \u00e7\u0131xaracaq.<\/p>\n<p>Erm\u0259nistan\u2013Az\u0259rbaycan Da\u011fl\u0131q Qaraba\u011f m\u00fcnaqi\u015f\u0259sinin regional v\u0259 beyn\u0259lxalq s\u00fclh v\u0259 t\u0259hl\u00fck\u0259sizlik \u00fc\u00e7\u00fcn ciddi t\u0259hdid oldu\u011funu diqq\u0259t\u0259 \u00e7atd\u0131ran Milli M\u0259clisin s\u0259dri \u0259minliyini ifad\u0259 edib ki, d\u00fcnyadak\u0131 b\u00fct\u00fcn m\u00fcnaqi\u015f\u0259l\u0259r ham\u0131l\u0131qla q\u0259bul edilmi\u015f beyn\u0259lxalq h\u00fcquq normalar\u0131 v\u0259 prinsipl\u0259ri, x\u00fcsus\u0259n onlar\u0131n aras\u0131nda ba\u015fl\u0131ca prinsip olan d\u00f6vl\u0259tl\u0259rin s\u0259rh\u0259dl\u0259rinin toxunulmazl\u0131\u011f\u0131 v\u0259 \u0259razi b\u00fct\u00f6vl\u00fcy\u00fc prinsipi \u0259sas\u0131nda tez bir zamanda h\u0259ll edilm\u0259lidir. \u0130nan\u0131ram ki, b\u00f6lg\u0259d\u0259 m\u00f6hk\u0259m s\u00fclh\u00fcn b\u0259rpa edilm\u0259si burada ya\u015fayan b\u00fct\u00fcn xalqlar\u0131n m\u0259nafel\u0259rin\u0259 cavab ver\u0259r.<\/p>\n<p>\u0130zmir b\u00f6lg\u0259sinin strateji imkanlara malik oldu\u011funu s\u00f6yl\u0259y\u0259n TBMM-in s\u0259dri Bin\u0259li Y\u0131ld\u0131r\u0131m diqq\u0259t\u0259 \u00e7atd\u0131r\u0131b ki, b\u00f6lg\u0259nin d\u0259mir yolu \u015f\u0259b\u0259k\u0259sinin Bak\u0131-Tbilisi-Qars yoluna birl\u0259\u015fdirilm\u0259si v\u0259 bununla da Qafqaz il\u0259 Orta Asiya aras\u0131nda daha etibarl\u0131 n\u0259qliyyat ba\u011flant\u0131s\u0131n\u0131n qurulmas\u0131 h\u0259d\u0259fl\u0259nir. T\u00dcRKPA-n\u0131n on illik f\u0259aliyy\u0259tini y\u00fcks\u0259k d\u0259y\u0259rl\u0259ndir\u0259n T\u00fcrkiy\u0259 parlamentinin s\u0259dri vur\u011fulay\u0131b ki, t\u00fcrkdilli xalqlar tarixin he\u00e7 bir d\u00f6vr\u00fcnd\u0259 indiki q\u0259d\u0259r yax\u0131n m\u00fcnasib\u0259td\u0259 v\u0259 geni\u015f \u0259m\u0259kda\u015fl\u0131q imkan\u0131nda olmay\u0131blar. O, \u0259minlikl\u0259 qeyd edib ki, t\u00fcrkdilli d\u00f6vl\u0259tl\u0259rin g\u0259l\u0259c\u0259k inki\u015faf\u0131na T\u00dcRKPA daha b\u00f6y\u00fck t\u00f6hf\u0259l\u0259r ver\u0259c\u0259k.<\/p>\n<p>T\u00dcRKPA-n\u0131n yaranmas\u0131n\u0131 v\u0259 \u0259ld\u0259 etdiyi u\u011furlar\u0131 tarixi missiya kimi d\u0259y\u0259rl\u0259ndir\u0259n Qazax\u0131stan Parlament M\u0259clisinin s\u0259dri Nurlan Niqmatulin vur\u011fulay\u0131b ki, t\u0259\u015fkilat \u00f6t\u0259n d\u00f6vrd\u0259 \u00fcz\u0259rin\u0259 d\u00fc\u015f\u0259n v\u0259zif\u0259l\u0259ri u\u011furla h\u0259yata ke\u00e7irib. M\u0259d\u0259ni, humanitar, iqtisadi v\u0259 dig\u0259r sah\u0259l\u0259rd\u0259 \u00fczv d\u00f6vl\u0259tl\u0259r aras\u0131nda \u0259laq\u0259l\u0259rin geni\u015fl\u0259nm\u0259si v\u0259 \u0259m\u0259kda\u015fl\u0131\u011f\u0131n y\u00fcks\u0259li\u015fi namin\u0259 k\u00f6kl\u00fc layih\u0259l\u0259r h\u0259yata ke\u00e7irilib. \u018fm\u0259kda\u015fl\u0131q, \u0259laq\u0259l\u0259rin geni\u015fl\u0259nm\u0259si, s\u00fclh\u0259 v\u0259 inki\u015fafa t\u00f6hf\u0259 verm\u0259k b\u00fct\u00fcn t\u0259r\u0259fl\u0259rin maraqlar\u0131n\u0131 t\u0259min edir.<\/p>\n<p>\u00d6lk\u0259sinin t\u0259\u015fkilata s\u0259drliyi d\u00f6vr\u00fcnd\u0259 T\u00dcRKPA-n\u0131n qazand\u0131\u011f\u0131 nailiyy\u0259tl\u0259ri ortaq s\u0259rv\u0259t kimi d\u0259y\u0259rl\u0259ndir\u0259n Q\u0131r\u011f\u0131z\u0131stan Joqorku Kene\u015finin s\u0259dri Dastanbek Cumabekov diqq\u0259t\u0259 \u00e7atd\u0131r\u0131b ki, m\u00fcasir d\u00f6vrd\u0259 d\u00fcnyada ba\u015f ver\u0259n prosesl\u0259r g\u00f6st\u0259rir ki, xalqlar\u0131m\u0131z\u0131n v\u0259 \u00f6lk\u0259l\u0259rimizin inki\u015faf\u0131 v\u0259 t\u0259hl\u00fck\u0259sizliyi \u0259m\u0259kda\u015fl\u0131\u011f\u0131n geni\u015fl\u0259ndirilm\u0259sind\u0259n, \u0259laq\u0259l\u0259rin daha da s\u0131xla\u015fd\u0131r\u0131lmas\u0131ndan ke\u00e7ir. Qazax\u0131stan Prezidenti Nursultan Nazarbayevin t\u0259\u015f\u0259bb\u00fcs\u00fc il\u0259 t\u0259sis olunan T\u00dcRKPA-n\u0131n \u00f6t\u0259n d\u00f6vrd\u0259 b\u00f6y\u00fck inki\u015faf yolu ke\u00e7diyini xat\u0131rladan parlament s\u0259dri qurumun s\u0259m\u0259r\u0259li f\u0259aliyy\u0259ti \u00fc\u00e7\u00fcn Bak\u0131da yarad\u0131lan \u015f\u0259rait\u0259 g\u00f6r\u0259 Prezident \u0130lham \u018fliyev\u0259 minn\u0259tdarl\u0131\u011f\u0131n\u0131 ifad\u0259 edib.<\/p>\n<p>Macar\u0131stan Milli Assambleyas\u0131n\u0131n s\u0259dri Laszlo K\u00f6ver \u00f6lk\u0259sinin t\u00fcrkdilli d\u00f6vl\u0259tl\u0259rl\u0259 \u0259laq\u0259l\u0259r\u0259 x\u00fcsusi diqq\u0259t verdiyini vur\u011fulay\u0131b. Tarixi prosesl\u0259r\u0259, t\u00fcrkdilli xalqlar\u0131n irsin\u0259 v\u0259 dig\u0259r m\u00fch\u00fcm m\u0259qamlara toxunan Assambleya s\u0259dri bildirib ki, Macar\u0131stan T\u00dcRKPA-ya \u00fczv d\u00f6vl\u0259tl\u0259rl\u0259 \u0259m\u0259kda\u015fl\u0131\u011fa, t\u00fcrkdilli xalqlarla m\u00fcnasib\u0259tl\u0259rin inki\u015faf\u0131na b\u00f6y\u00fck \u00f6n\u0259m verir.<\/p>\n<p>\u00c7\u0131x\u0131\u015flarda T\u00dcRKSOY, T\u00fcrkdilli D\u00f6vl\u0259tl\u0259rin \u018fm\u0259kda\u015fl\u0131q \u015euras\u0131, Beyn\u0259lxalq T\u00fcrk M\u0259d\u0259niyy\u0259ti v\u0259 \u0130rsi Fondu v\u0259 Beyn\u0259lxalq T\u00fcrk Akademiyas\u0131 kimi t\u0259\u015fkilatlar\u0131n f\u0259aliyy\u0259tinin \u0259h\u0259miyy\u0259ti qeyd edilib. Vur\u011fulan\u0131b ki, \u00f6lk\u0259l\u0259rimizin s\u00fcr\u0259tli inki\u015faf\u0131n\u0131n t\u0259min olunmas\u0131nda qar\u015f\u0131l\u0131ql\u0131 faydal\u0131 \u0259m\u0259kda\u015fl\u0131q b\u00f6y\u00fck g\u00fcc\u0259 malik oldu\u011fu kimi, y\u00fcks\u0259k elm v\u0259 t\u0259hsilin d\u0259 m\u00fch\u00fcm \u0259h\u0259miyy\u0259ti var. Odur ki, bir s\u0131ra sah\u0259l\u0259rd\u0259, h\u0259m\u00e7inin elm v\u0259 t\u0259hsild\u0259 standartlar\u0131n m\u00fc\u0259yy\u0259n olunmas\u0131 b\u00f6y\u00fck \u0259h\u0259miyy\u0259t da\u015f\u0131y\u0131r.<\/p>\n<p>Sonra Q\u0131r\u011f\u0131z\u0131stan Joqorku Kene\u015finin s\u0259dri Dastanbek Cumabekov \u201cT\u00dcRKPA-n\u0131n xidm\u0259tl\u0259r\u0259 g\u00f6r\u0259\u201d medal\u0131 il\u0259 t\u0259ltif olunub.<\/p>\n<p>Daha sonra konfrans panell\u0259r \u00fczr\u0259 davam etdirilib. Birinci panel\u0259 professor Zeki Kaymaz, ikinci panel\u0259 professor Fikret T\u00fcrkmen, \u00fc\u00e7\u00fcnc\u00fc panel\u0259 is\u0259 Beyn\u0259lxalq T\u00fcrk M\u0259d\u0259niyy\u0259ti v\u0259 \u0130rsi Fondunun prezidenti G\u00fcnay \u018ff\u0259ndiyeva s\u0259drlik edib.<\/p>\n","protected":false},"excerpt":{"rendered":"<p>ARANTV.AZ x\u0259b\u0259r verir ki, T\u00fcrkiy\u0259nin \u0130zmir \u015f\u0259h\u0259rind\u0259 T\u00fcrkdilli \u00d6lk\u0259l\u0259rin Parlament Assambleyas\u0131n\u0131n (T\u00dcRKPA) 8-ci \u015eura iclas\u0131 ke\u00e7irilib. \u0130clasda Az\u0259rbaycan\u0131 Milli M\u0259clisin s\u0259dri Oqtay \u018fs\u0259dovun r\u0259hb\u0259rliyi il\u0259 parlament n\u00fcmay\u0259nd\u0259 hey\u0259ti t\u0259msil edib. N\u00fcmay\u0259nd\u0259 hey\u0259tinin t\u0259rkibin\u0259 Milli M\u0259clisin s\u0259hiyy\u0259 komit\u0259sinin s\u0259dri \u018fhliman \u018fmiraslanov, deputatlardan Hikm\u0259t M\u0259mm\u0259dov, Nizami C\u0259f\u0259rov, \u0130lham \u018fliyev, Sevinc H\u00fcseynova, S\u0259daq\u0259t V\u0259liyeva, A\u011falar V\u0259liyev, parlament Aparat\u0131n\u0131n r\u0259hb\u0259ri S\u0259fa Mirz\u0259yev v\u0259 dig\u0259r r\u0259smi \u015f\u0259xsl\u0259r daxildir. \u015eura iclas\u0131na T\u00dcRKPA-n\u0131n ba\u015f katibi v\u0259 t\u0259\u015fkilata dig\u0259r \u00fczv \u00f6lk\u0259l\u0259rin &#8211; T\u00fcrkiy\u0259, Qazax\u0131stan v\u0259 Q\u0131r\u011f\u0131z\u0131stan parlamentl\u0259rinin n\u00fcmay\u0259nd\u0259 hey\u0259tl\u0259ri qat\u0131l\u0131b. \u0130clasdak\u0131 \u00e7\u0131x\u0131\u015f\u0131nda \u00f6t\u0259n on il \u0259rzind\u0259 T\u00dcRKPA-n\u0131n ciddi&hellip;<\/p>\n","protected":false},"author":2,"featured_media":24316,"comment_status":"closed","ping_status":"closed","sticky":false,"template":"","format":"standard","meta":{"om_disable_all_campaigns":false,"_monsterinsights_skip_tracking":false,"_monsterinsights_sitenote_active":false,"_monsterinsights_sitenote_note":"","_monsterinsights_sitenote_category":0},"categories":[4],"tags":[],"aioseo_notices":[],"gutentor_comment":0,"rttpg_featured_image_url":{"full":["https:\/\/arantv.az\/wp-content\/uploads\/2018\/11\/tf0f4n92ou33d6abufm4nr41c2turk.jpg",925,669,false],"landscape":["https:\/\/arantv.az\/wp-content\/uploads\/2018\/11\/tf0f4n92ou33d6abufm4nr41c2turk.jpg",925,669,false],"portraits":["https:\/\/arantv.az\/wp-content\/uploads\/2018\/11\/tf0f4n92ou33d6abufm4nr41c2turk.jpg",925,669,false],"thumbnail":["https:\/\/arantv.az\/wp-content\/uploads\/2018\/11\/tf0f4n92ou33d6abufm4nr41c2turk-150x150.jpg",150,150,true],"medium":["https:\/\/arantv.az\/wp-content\/uploads\/2018\/11\/tf0f4n92ou33d6abufm4nr41c2turk-300x217.jpg",300,217,true],"large":["https:\/\/arantv.az\/wp-content\/uploads\/2018\/11\/tf0f4n92ou33d6abufm4nr41c2turk.jpg",640,463,false],"1536x1536":["https:\/\/arantv.az\/wp-content\/uploads\/2018\/11\/tf0f4n92ou33d6abufm4nr41c2turk.jpg",925,669,false],"2048x2048":["https:\/\/arantv.az\/wp-content\/uploads\/2018\/11\/tf0f4n92ou33d6abufm4nr41c2turk.jpg",925,669,false],"post-thumbnail":["https:\/\/arantv.az\/wp-content\/uploads\/2018\/11\/tf0f4n92ou33d6abufm4nr41c2turk-240x172.jpg",240,172,true],"advps-thumb-one":["https:\/\/arantv.az\/wp-content\/uploads\/2018\/11\/tf0f4n92ou33d6abufm4nr41c2turk-925x620.jpg",925,620,true]},"rttpg_author":{"display_name":"V\u00fcsal Rafiqo\u011flu","author_link":"https:\/\/arantv.az\/?author=2"},"rttpg_comment":0,"rttpg_category":"<a href=\"https:\/\/arantv.az\/?cat=4\" rel=\"category\">Siyas\u0259t<\/a>","rttpg_excerpt":"ARANTV.AZ x\u0259b\u0259r verir ki, T\u00fcrkiy\u0259nin \u0130zmir \u015f\u0259h\u0259rind\u0259 T\u00fcrkdilli \u00d6lk\u0259l\u0259rin Parlament Assambleyas\u0131n\u0131n (T\u00dcRKPA) 8-ci \u015eura iclas\u0131 ke\u00e7irilib. \u0130clasda Az\u0259rbaycan\u0131 Milli M\u0259clisin s\u0259dri Oqtay \u018fs\u0259dovun r\u0259hb\u0259rliyi il\u0259 parlament n\u00fcmay\u0259nd\u0259 hey\u0259ti t\u0259msil edib. N\u00fcmay\u0259nd\u0259 hey\u0259tinin t\u0259rkibin\u0259 Milli M\u0259clisin s\u0259hiyy\u0259 komit\u0259sinin s\u0259dri \u018fhliman \u018fmiraslanov, deputatlardan Hikm\u0259t M\u0259mm\u0259dov, Nizami C\u0259f\u0259rov, \u0130lham \u018fliyev, Sevinc H\u00fcseynova, S\u0259daq\u0259t V\u0259liyeva, A\u011falar V\u0259liyev, parlament Aparat\u0131n\u0131n&hellip;","_links":{"self":[{"href":"https:\/\/arantv.az\/index.php?rest_route=\/wp\/v2\/posts\/24315"}],"collection":[{"href":"https:\/\/arantv.az\/index.php?rest_route=\/wp\/v2\/posts"}],"about":[{"href":"https:\/\/arantv.az\/index.php?rest_route=\/wp\/v2\/types\/post"}],"author":[{"embeddable":true,"href":"https:\/\/arantv.az\/index.php?rest_route=\/wp\/v2\/users\/2"}],"replies":[{"embeddable":true,"href":"https:\/\/arantv.az\/index.php?rest_route=%2Fwp%2Fv2%2Fcomments&post=24315"}],"version-history":[{"count":0,"href":"https:\/\/arantv.az\/index.php?rest_route=\/wp\/v2\/posts\/24315\/revisions"}],"wp:featuredmedia":[{"embeddable":true,"href":"https:\/\/arantv.az\/index.php?rest_route=\/wp\/v2\/media\/24316"}],"wp:attachment":[{"href":"https:\/\/arantv.az\/index.php?rest_route=%2Fwp%2Fv2%2Fmedia&parent=24315"}],"wp:term":[{"taxonomy":"category","embeddable":true,"href":"https:\/\/arantv.az\/index.php?rest_route=%2Fwp%2Fv2%2Fcategories&post=24315"},{"taxonomy":"post_tag","embeddable":true,"href":"https:\/\/arantv.az\/index.php?rest_route=%2Fwp%2Fv2%2Ftags&post=24315"}],"curies":[{"name":"wp","href":"https:\/\/api.w.org\/{rel}","templated":true}]}}