{"id":24318,"date":"2018-11-21T09:49:17","date_gmt":"2018-11-21T06:49:17","guid":{"rendered":"http:\/\/arantv.az\/?p=24318"},"modified":"2018-11-21T09:49:17","modified_gmt":"2018-11-21T06:49:17","slug":"vergi-m%c9%99c%c9%99ll%c9%99sin%c9%99-d%c9%99yisiklikl%c9%99r-edilir","status":"publish","type":"post","link":"https:\/\/arantv.az\/?p=24318","title":{"rendered":"Vergi M\u0259c\u0259ll\u0259sin\u0259 d\u0259yi\u015fiklikl\u0259r edilir"},"content":{"rendered":"<p><strong>ARANTV.AZ<\/strong> x\u0259b\u0259r verir ki, Vergi M\u0259c\u0259ll\u0259sin\u0259 k\u00f6kl\u00fc d\u0259yi\u015fiklikl\u0259r edilir. D\u0259yi\u015fiklikl\u0259r Milli M\u0259clisin \u0130qtisadi siyas\u0259t, s\u0259naye v\u0259 sahibkarl\u0131q komit\u0259sinin iclas\u0131nda m\u00fczakir\u0259 olunub.<\/p>\n<p>Vergi M\u0259c\u0259ll\u0259sin\u0259 be\u015f istiqam\u0259t \u00fczr\u0259 d\u0259yi\u015fiklikl\u0259r edilir. Birinci istiqam\u0259t iqtisadiyyat\u0131n \u015f\u0259ffala\u015fd\u0131r\u0131lmas\u0131 v\u0259 k\u00f6lg\u0259 iqtisadiyyat\u0131n\u0131n azald\u0131lmas\u0131d\u0131r. Bura mallar\u0131n s\u0259n\u0259dsiz d\u00f6vriyy\u0259sin\u0259, habel\u0259 x\u0259rcl\u0259rin s\u0259n\u0259dl\u0259rl\u0259 r\u0259smil\u0259\u015fdirilm\u0259m\u0259sin\u0259 v\u0259 vergid\u0259n azad olan g\u0259lirl\u0259rin s\u0259n\u0259dl\u0259\u015fdirilm\u0259m\u0259sin\u0259, b\u0259yan edilm\u0259m\u0259sin\u0259 g\u00f6r\u0259 maliyy\u0259 sanksiyalar\u0131n\u0131n t\u0259tbiqi, qanunla m\u00fc\u0259yy\u0259nl\u0259\u015fmi\u015f qaydada g\u0259lirl\u0259rin v\u0259 x\u0259rcl\u0259rin u\u00e7otunu aparan ki\u00e7ik sahibkarl\u0131q subyektl\u0259rinin \u00f6hd\u0259likl\u0259ri dividentl\u0259rin vergil\u0259rd\u0259n azad edilm\u0259si, \u00f6z\u0259l sektorda \u00e7al\u0131\u015fan i\u015f\u00e7il\u0259rin \u0259m\u0259k haqq\u0131ndan tutulan g\u0259lir vergisi \u00fczr\u0259 vergi y\u00fck\u00fcn\u00fcn \u0259h\u0259miyy\u0259tli d\u0259r\u0259c\u0259d\u0259 azald\u0131lmas\u0131, vergi n\u0259zar\u0259t t\u0259dbirl\u0259ri zaman\u0131 vergi \u00f6d\u0259yicil\u0259rinin u\u00e7ot m\u0259lumatlar\u0131n\u0131n d\u00fcr\u00fcstl\u0259\u015fdirilm\u0259si, d\u00f6vl\u0259t orqanlar\u0131 il\u0259 apar\u0131lan elektron m\u0259lumat m\u00fcbadil\u0259sinin geni\u015fl\u0259ndirilm\u0259si kimi m\u0259s\u0259l\u0259l\u0259r daxildir. \u0130kinci istiqam\u0259t vergi bazas\u0131n\u0131n geni\u015fl\u0259ndirilm\u0259sidir ki, burada of\u015for zonalarda apar\u0131lan \u0259m\u0259liyyatlar \u00fczr\u0259 vergitutman\u0131n \u0259hat\u0259 dair\u0259sinin d\u0259qiql\u0259\u015fdirilm\u0259si, vergi u\u00e7otunda olmayan \u015f\u0259xsl\u0259rd\u0259n na\u011fd qaydada al\u0131na bil\u0259n mallar\u0131n \u00f6d\u0259m\u0259 m\u0259nb\u0259yind\u0259 vergiy\u0259 c\u0259lb edilm\u0259si, sad\u0259l\u0259\u015fdirilmi\u015f vergi \u00f6d\u0259yicil\u0259rinin dair\u0259sinin m\u0259hdudla\u015fd\u0131r\u0131lmas\u0131 v\u0259 daha bir ne\u00e7\u0259 m\u0259s\u0259l\u0259 c\u0259ml\u0259nir. M\u0259c\u0259ll\u0259y\u0259 d\u0259yi\u015fiklikl\u0259rin t\u0259klif edildiyi \u00fc\u00e7\u00fcnc\u00fc istiqam\u0259t vergi inzibat\u00e7\u0131l\u0131\u011f\u0131n\u0131n t\u0259kmill\u0259\u015fdirilm\u0259si, d\u00f6rd\u00fcnc\u00fcs\u00fc vergi g\u00fcz\u0259\u015ftl\u0259rinin iqtisadi s\u0259m\u0259r\u0259sinin y\u00fcks\u0259ldilm\u0259si, be\u015finci is\u0259 vergi \u00f6d\u0259yicisinin h\u00fcquqlar\u0131n\u0131n geni\u015fl\u0259ndirilm\u0259si v\u0259 sahibkarl\u0131\u011f\u0131n inki\u015faf\u0131n\u0131n d\u0259st\u0259kl\u0259nm\u0259sidir. M\u00fch\u00fcm d\u0259yi\u015fiklikl\u0259rd\u0259n biri qeyri-d\u00f6vl\u0259t v\u0259 qeyri-neft sektorunda apar\u0131lacaq vergi islahatlar\u0131d\u0131r. Y\u0259ni burada \u0259m\u0259k haqq\u0131na edil\u0259n vergi g\u00fcz\u0259\u015ftidir. Bel\u0259 ki, fiziki \u015f\u0259xsl\u0259rin g\u0259lir vergisi \u00fczr\u0259 vergi y\u00fck\u00fc \u0259h\u0259miyy\u0259tli d\u0259r\u0259c\u0259d\u0259 azald\u0131l\u0131r. Bu g\u00fcz\u0259\u015ftin 7 il m\u00fcdd\u0259tin\u0259 t\u0259tbiqi n\u0259z\u0259rd\u0259 tutulur. Bu, iqtisadiyyat\u0131n qeyri-neft sektorunu d\u0259st\u0259kl\u0259m\u0259kl\u0259 yana\u015f\u0131, qeyri-r\u0259smi m\u0259\u015f\u011fullu\u011fun aradan qald\u0131r\u0131lmas\u0131na, muzdla \u00e7al\u0131\u015fanlar\u0131n sosial m\u00fcdafi\u0259si v\u0259 pensiya t\u0259minat\u0131n\u0131n g\u00fccl\u0259ndirilm\u0259sin\u0259 y\u00f6n\u0259ldilib. \u018fhalinin v\u0259 biznesin kredit resurslar\u0131na \u00e7\u0131x\u0131\u015f imkanlar\u0131n\u0131n geni\u015fl\u0259ndirilm\u0259sin\u0259 v\u0259 pensiya sisteminin maliyy\u0259 dayanaql\u0131\u011f\u0131n\u0131n g\u00fccl\u0259ndirilm\u0259sin\u0259 xidm\u0259t ed\u0259c\u0259k. Burada inzibat\u00e7\u0131l\u0131qda da sad\u0259l\u0259\u015fdirm\u0259 n\u0259z\u0259rd\u0259 tutulur. Vegil\u0259r naziri Mikay\u0131l Cabbarov dedi ki, dig\u0259r m\u00fch\u00fcm bir d\u0259yi\u015fiklik is\u0259 ki\u00e7ik sahibkarl\u0131q subyektl\u0259rinin stimulla\u015fd\u0131r\u0131lmas\u0131 m\u0259qs\u0259dil\u0259 sad\u0259l\u0259\u015fdirilmi\u015f verginin d\u0259r\u0259c\u0259sinin 4 faizd\u0259n 2 faiz\u0259d\u0259k endilm\u0259sidir.<\/p>\n<p>Nazir dedi ki, m\u0259qs\u0259d na\u011fds\u0131z \u00f6d\u0259ni\u015fl\u0259rin geni\u015fl\u0259ndirilm\u0259sidir. Bu yolla\u00a0 x\u0259rcl\u0259n\u0259n v\u0259saitl\u0259rin \u0259lav\u0259 d\u0259y\u0259r vergisinin m\u00fc\u0259yy\u0259n hiss\u0259sinin\u00a0 istehlak\u00e7\u0131lara geri qaytar\u0131lmas\u0131 n\u0259z\u0259rd\u0259 tutulur. Diqq\u0259t\u0259 \u00e7atd\u0131r\u0131ld\u0131 ki, 2013-c\u00fc ild\u0259n indiy\u0259d\u0259k sad\u0259l\u0259\u015fdirilmi\u015f vergi \u00f6d\u0259yicil\u0259rinin say\u0131 1,5 d\u0259f\u0259 art\u0131b v\u0259 onlar\u0131n \u00fcmumi vergi \u00f6d\u0259yicil\u0259rinin aktiv say\u0131nda pay\u0131 56 faiz\u0259 yax\u0131nd\u0131r. Lakin onlar\u0131n \u00f6d\u0259diyi vergil\u0259r 6,4 faiz t\u0259\u015fkil edir. Obyekt v\u0259 i\u015f\u00e7i say\u0131 olmayan, amma d\u00f6vriyy\u0259 g\u00f6st\u0259r\u0259n vergi\u00a0 \u00f6d\u0259yicil\u0259rinin say\u0131 2015-ci ild\u0259 20,2 faizd\u0259n 2 d\u0259f\u0259 artaraq 39,5 faiz\u0259 y\u00fcks\u0259lib. Orta ayl\u0131q\u00a0 d\u00f6vriyy\u0259 m\u0259bl\u0259\u011fi 2 min manatdan a\u015fa\u011f\u0131 olan bel\u0259 \u00f6d\u0259yicil\u0259rinin say\u0131 m\u00fcqayis\u0259 olunan d\u00f6vrd\u0259\u00a0 23 faizd\u0259n 45 faiz\u0259 qalx\u0131b. N\u0259tic\u0259d\u0259 indiy\u0259d\u0259k\u00a0 sad\u0259l\u0259\u015fmi\u015f \u00e7\u0259tir alt\u0131nda gizl\u0259n\u0259n m\u00fc\u0259ssis\u0259l\u0259r g\u0259lir v\u0259 x\u0259rcl\u0259rinin u\u00e7otunu aparmaqla d\u00f6vriyy\u0259l\u0259rini real g\u00f6st\u0259rm\u0259y\u0259 m\u0259cbur olacaq. Bir s\u0131ra \u015f\u0259xsl\u0259r\u0259 is\u0259 sad\u0259l\u0259\u015fdirilmi\u015f vergi h\u00fcququnun aradan qald\u0131r\u0131lmas\u0131 n\u0259z\u0259r\u0259d\u0259 tutulur. D\u0259yi\u015fiklikl\u0259r \u00f6lk\u0259d\u0259 mikro, ki\u00e7ik v\u0259 orta sahibkarl\u0131q subyektl\u0259ri \u00fc\u00e7\u00fcn g\u0259lir, m\u0259nf\u0259\u0259t, \u0259lav\u0259 d\u0259y\u0259r, \u0259mlak v\u0259 torpaq vergil\u0259ri sah\u0259l\u0259rind\u0259 g\u00fcz\u0259\u015f v\u0259 azadolmalar\u0131 da t\u0259sbit edir. Milli M\u0259clisin \u0130qtisadi siyas\u0259t, s\u0259naye v\u0259 sahibkarl\u0131q komit\u0259sinin s\u0259dri Ziyad S\u0259m\u0259dzad\u0259 bildirdi ki, d\u0259yi\u015fiklikl\u0259rin \u0259sas x\u0259ttini \u00f6lk\u0259 iqtisadiyyat\u0131nda \u015f\u0259ffafl\u0131\u011f\u0131n g\u00fccl\u0259ndirilm\u0259si t\u0259\u015fkil edir. Mill\u0259t v\u0259kill\u0259ri d\u0259yi\u015fiklikl\u0259ri m\u0259qbul sayd\u0131lar. D\u00f6vl\u0259t borcunun g\u00f6t\u00fcr\u00fclm\u0259si v\u0259 d\u00f6vl\u0259t z\u0259man\u0259tinin verilm\u0259sin\u0259 n\u0259zar\u0259tin art\u0131r\u0131lmas\u0131, d\u00f6vl\u0259t borcuna xidm\u0259t \u00fc\u00e7\u00fcn v\u0259saitl\u0259rin m\u0259nb\u0259l\u0259rinin art\u0131r\u0131lmas\u0131, n\u0259tic\u0259d\u0259 d\u00f6vl\u0259t biorcuna daha operativ v\u0259 keyfiyy\u0259tli xidm\u0259t g\u00f6st\u0259rilm\u0259sin\u0259 imkan yarad\u0131lmas\u0131 m\u0259qs\u0259dil\u0259 &#8220;D\u00f6vl\u0259t borcu&#8221;, el\u0259c\u0259 d\u0259 &#8220;B\u00fcdc\u0259 sistemi\u201d haqq\u0131nda qanunlara da d\u0259yi\u015fiklikl\u0259r t\u0259klif olunur. Maliyy\u0259 nazirinin m\u00fcavini Az\u0259r Bayramov diqq\u0259t\u0259 \u00e7atd\u0131rd\u0131 ki, d\u0259yi\u015fiklikl\u0259r yeni b\u00fcdc\u0259 qaydalar\u0131n\u0131n t\u0259tbiqi il\u0259 \u0259laq\u0259dard\u0131r.<\/p>\n<p>Layih\u0259y\u0259 \u0259sas\u0259n h\u0259r il \u00fc\u00e7\u00fcn d\u00f6vl\u0259t b\u00fcdc\u0259si haqq\u0131nda qanunda d\u00f6vl\u0259t borcunun dig\u0259r g\u00f6st\u0259ricil\u0259ri il\u0259 yana\u015f\u0131, il \u0259rzind\u0259 veril\u0259c\u0259k d\u00f6vl\u0259t z\u0259man\u0259tinin m\u0259bl\u0259\u011finin yuxar\u0131 h\u0259dl\u0259ri d\u0259 m\u00fc\u0259yy\u0259nl\u0259\u015fdiril\u0259c\u0259k.<\/p>\n","protected":false},"excerpt":{"rendered":"<p>ARANTV.AZ x\u0259b\u0259r verir ki, Vergi M\u0259c\u0259ll\u0259sin\u0259 k\u00f6kl\u00fc d\u0259yi\u015fiklikl\u0259r edilir. D\u0259yi\u015fiklikl\u0259r Milli M\u0259clisin \u0130qtisadi siyas\u0259t, s\u0259naye v\u0259 sahibkarl\u0131q komit\u0259sinin iclas\u0131nda m\u00fczakir\u0259 olunub. Vergi M\u0259c\u0259ll\u0259sin\u0259 be\u015f istiqam\u0259t \u00fczr\u0259 d\u0259yi\u015fiklikl\u0259r edilir. Birinci istiqam\u0259t iqtisadiyyat\u0131n \u015f\u0259ffala\u015fd\u0131r\u0131lmas\u0131 v\u0259 k\u00f6lg\u0259 iqtisadiyyat\u0131n\u0131n azald\u0131lmas\u0131d\u0131r. Bura mallar\u0131n s\u0259n\u0259dsiz d\u00f6vriyy\u0259sin\u0259, habel\u0259 x\u0259rcl\u0259rin s\u0259n\u0259dl\u0259rl\u0259 r\u0259smil\u0259\u015fdirilm\u0259m\u0259sin\u0259 v\u0259 vergid\u0259n azad olan g\u0259lirl\u0259rin s\u0259n\u0259dl\u0259\u015fdirilm\u0259m\u0259sin\u0259, b\u0259yan edilm\u0259m\u0259sin\u0259 g\u00f6r\u0259 maliyy\u0259 sanksiyalar\u0131n\u0131n t\u0259tbiqi, qanunla m\u00fc\u0259yy\u0259nl\u0259\u015fmi\u015f qaydada g\u0259lirl\u0259rin v\u0259 x\u0259rcl\u0259rin u\u00e7otunu aparan ki\u00e7ik sahibkarl\u0131q subyektl\u0259rinin \u00f6hd\u0259likl\u0259ri dividentl\u0259rin vergil\u0259rd\u0259n azad edilm\u0259si, \u00f6z\u0259l sektorda \u00e7al\u0131\u015fan i\u015f\u00e7il\u0259rin \u0259m\u0259k haqq\u0131ndan tutulan g\u0259lir vergisi \u00fczr\u0259 vergi y\u00fck\u00fcn\u00fcn \u0259h\u0259miyy\u0259tli d\u0259r\u0259c\u0259d\u0259 azald\u0131lmas\u0131, vergi n\u0259zar\u0259t t\u0259dbirl\u0259ri&hellip;<\/p>\n","protected":false},"author":2,"featured_media":24319,"comment_status":"closed","ping_status":"closed","sticky":false,"template":"","format":"standard","meta":{"om_disable_all_campaigns":false,"_monsterinsights_skip_tracking":false,"_monsterinsights_sitenote_active":false,"_monsterinsights_sitenote_note":"","_monsterinsights_sitenote_category":0},"categories":[19],"tags":[],"aioseo_notices":[],"gutentor_comment":0,"rttpg_featured_image_url":{"full":["https:\/\/arantv.az\/wp-content\/uploads\/2018\/11\/tf0f4n92ou33d6abufm4nr41c2mm.jpg",892,669,false],"landscape":["https:\/\/arantv.az\/wp-content\/uploads\/2018\/11\/tf0f4n92ou33d6abufm4nr41c2mm.jpg",892,669,false],"portraits":["https:\/\/arantv.az\/wp-content\/uploads\/2018\/11\/tf0f4n92ou33d6abufm4nr41c2mm.jpg",892,669,false],"thumbnail":["https:\/\/arantv.az\/wp-content\/uploads\/2018\/11\/tf0f4n92ou33d6abufm4nr41c2mm-150x150.jpg",150,150,true],"medium":["https:\/\/arantv.az\/wp-content\/uploads\/2018\/11\/tf0f4n92ou33d6abufm4nr41c2mm-300x225.jpg",300,225,true],"large":["https:\/\/arantv.az\/wp-content\/uploads\/2018\/11\/tf0f4n92ou33d6abufm4nr41c2mm.jpg",640,480,false],"1536x1536":["https:\/\/arantv.az\/wp-content\/uploads\/2018\/11\/tf0f4n92ou33d6abufm4nr41c2mm.jpg",892,669,false],"2048x2048":["https:\/\/arantv.az\/wp-content\/uploads\/2018\/11\/tf0f4n92ou33d6abufm4nr41c2mm.jpg",892,669,false],"post-thumbnail":["https:\/\/arantv.az\/wp-content\/uploads\/2018\/11\/tf0f4n92ou33d6abufm4nr41c2mm-240x172.jpg",240,172,true],"advps-thumb-one":["https:\/\/arantv.az\/wp-content\/uploads\/2018\/11\/tf0f4n92ou33d6abufm4nr41c2mm-892x620.jpg",892,620,true]},"rttpg_author":{"display_name":"V\u00fcsal Rafiqo\u011flu","author_link":"https:\/\/arantv.az\/?author=2"},"rttpg_comment":0,"rttpg_category":"<a href=\"https:\/\/arantv.az\/?cat=19\" rel=\"category\">G\u00fcnd\u0259m<\/a>","rttpg_excerpt":"ARANTV.AZ x\u0259b\u0259r verir ki, Vergi M\u0259c\u0259ll\u0259sin\u0259 k\u00f6kl\u00fc d\u0259yi\u015fiklikl\u0259r edilir. D\u0259yi\u015fiklikl\u0259r Milli M\u0259clisin \u0130qtisadi siyas\u0259t, s\u0259naye v\u0259 sahibkarl\u0131q komit\u0259sinin iclas\u0131nda m\u00fczakir\u0259 olunub. Vergi M\u0259c\u0259ll\u0259sin\u0259 be\u015f istiqam\u0259t \u00fczr\u0259 d\u0259yi\u015fiklikl\u0259r edilir. Birinci istiqam\u0259t iqtisadiyyat\u0131n \u015f\u0259ffala\u015fd\u0131r\u0131lmas\u0131 v\u0259 k\u00f6lg\u0259 iqtisadiyyat\u0131n\u0131n azald\u0131lmas\u0131d\u0131r. Bura mallar\u0131n s\u0259n\u0259dsiz d\u00f6vriyy\u0259sin\u0259, habel\u0259 x\u0259rcl\u0259rin s\u0259n\u0259dl\u0259rl\u0259 r\u0259smil\u0259\u015fdirilm\u0259m\u0259sin\u0259 v\u0259 vergid\u0259n azad olan g\u0259lirl\u0259rin s\u0259n\u0259dl\u0259\u015fdirilm\u0259m\u0259sin\u0259, b\u0259yan edilm\u0259m\u0259sin\u0259 g\u00f6r\u0259 maliyy\u0259 sanksiyalar\u0131n\u0131n&hellip;","_links":{"self":[{"href":"https:\/\/arantv.az\/index.php?rest_route=\/wp\/v2\/posts\/24318"}],"collection":[{"href":"https:\/\/arantv.az\/index.php?rest_route=\/wp\/v2\/posts"}],"about":[{"href":"https:\/\/arantv.az\/index.php?rest_route=\/wp\/v2\/types\/post"}],"author":[{"embeddable":true,"href":"https:\/\/arantv.az\/index.php?rest_route=\/wp\/v2\/users\/2"}],"replies":[{"embeddable":true,"href":"https:\/\/arantv.az\/index.php?rest_route=%2Fwp%2Fv2%2Fcomments&post=24318"}],"version-history":[{"count":0,"href":"https:\/\/arantv.az\/index.php?rest_route=\/wp\/v2\/posts\/24318\/revisions"}],"wp:featuredmedia":[{"embeddable":true,"href":"https:\/\/arantv.az\/index.php?rest_route=\/wp\/v2\/media\/24319"}],"wp:attachment":[{"href":"https:\/\/arantv.az\/index.php?rest_route=%2Fwp%2Fv2%2Fmedia&parent=24318"}],"wp:term":[{"taxonomy":"category","embeddable":true,"href":"https:\/\/arantv.az\/index.php?rest_route=%2Fwp%2Fv2%2Fcategories&post=24318"},{"taxonomy":"post_tag","embeddable":true,"href":"https:\/\/arantv.az\/index.php?rest_route=%2Fwp%2Fv2%2Ftags&post=24318"}],"curies":[{"name":"wp","href":"https:\/\/api.w.org\/{rel}","templated":true}]}}