{"id":24327,"date":"2018-11-21T09:56:28","date_gmt":"2018-11-21T06:56:28","guid":{"rendered":"http:\/\/arantv.az\/?p=24327"},"modified":"2018-11-21T09:56:28","modified_gmt":"2018-11-21T06:56:28","slug":"bakida-doyul%c9%99n-m%c9%99kt%c9%99b-direktorundan-x%c9%99b%c9%99r-var","status":"publish","type":"post","link":"https:\/\/arantv.az\/?p=24327","title":{"rendered":"Bak\u0131da d\u00f6y\u00fcl\u0259n m\u0259kt\u0259b direktorundan X\u018fB\u018fR var"},"content":{"rendered":"<p><strong>\u00d6t\u0259n g\u00fcn aktyor Rza Rzayev t\u0259r\u0259find\u0259n d\u00f6y\u00fcl\u0259n Bak\u0131 \u015f\u0259h\u0259ri, Yasamal rayonu, 175 n\u00f6mr\u0259li m\u0259kt\u0259bin direktoru Tural Mirz\u0259liyev haz\u0131rda 3 sayl\u0131 \u015e\u0259h\u0259r Klinik X\u0259st\u0259xanas\u0131nda m\u00fcalic\u0259 al\u0131r.<\/strong><\/p>\n<p><strong>ARANTV.AZ<\/strong> trend-\u0259 istinad\u0259n x\u0259b\u0259r verir ki, bu bar\u0259d\u0259 s\u00f6z\u00fcged\u0259n m\u0259kt\u0259bd\u0259n bildiribl\u0259r.<\/p>\n<p>3 sayl\u0131 \u015e\u0259h\u0259r Klinik X\u0259st\u0259xanas\u0131ndan is\u0259 Trend-\u0259 bildirilib ki, x\u0259st\u0259nin v\u0259ziyy\u0259ti normalla\u015fma\u011fa do\u011fru gedir:<\/p>\n<p>&#8220;X\u0259st\u0259 Tural Mirz\u0259liyev k\u0259ll\u0259-beyin travmas\u0131 il\u0259 \u00f6t\u0259n g\u00fcn x\u0259st\u0259xanaya q\u0259bul olunub. Haz\u0131rda x\u0259st\u0259nin v\u0259ziyy\u0259ti normald\u0131r. M\u00fcalic\u0259 davam etdirilir&#8221;.<\/p>\n<p>Qeyd ed\u0259k ki, T\u0259hsil Nazirliyind\u0259n hadis\u0259 il\u0259 h\u00fcquq-m\u00fchafiz\u0259 orqanlar\u0131n\u0131n m\u0259\u015f\u011ful oldu\u011fu bildirilib.<\/p>\n","protected":false},"excerpt":{"rendered":"<p>\u00d6t\u0259n g\u00fcn aktyor Rza Rzayev t\u0259r\u0259find\u0259n d\u00f6y\u00fcl\u0259n Bak\u0131 \u015f\u0259h\u0259ri, Yasamal rayonu, 175 n\u00f6mr\u0259li m\u0259kt\u0259bin direktoru Tural Mirz\u0259liyev haz\u0131rda 3 sayl\u0131 \u015e\u0259h\u0259r Klinik X\u0259st\u0259xanas\u0131nda m\u00fcalic\u0259 al\u0131r. ARANTV.AZ trend-\u0259 istinad\u0259n x\u0259b\u0259r verir ki, bu bar\u0259d\u0259 s\u00f6z\u00fcged\u0259n m\u0259kt\u0259bd\u0259n bildiribl\u0259r. 3 sayl\u0131 \u015e\u0259h\u0259r Klinik X\u0259st\u0259xanas\u0131ndan is\u0259 Trend-\u0259 bildirilib ki, x\u0259st\u0259nin v\u0259ziyy\u0259ti normalla\u015fma\u011fa do\u011fru gedir: &#8220;X\u0259st\u0259 Tural Mirz\u0259liyev k\u0259ll\u0259-beyin travmas\u0131 il\u0259 \u00f6t\u0259n g\u00fcn x\u0259st\u0259xanaya q\u0259bul olunub. Haz\u0131rda x\u0259st\u0259nin v\u0259ziyy\u0259ti normald\u0131r. M\u00fcalic\u0259 davam etdirilir&#8221;. Qeyd ed\u0259k ki, T\u0259hsil Nazirliyind\u0259n hadis\u0259 il\u0259 h\u00fcquq-m\u00fchafiz\u0259 orqanlar\u0131n\u0131n m\u0259\u015f\u011ful oldu\u011fu bildirilib.<\/p>\n","protected":false},"author":2,"featured_media":24328,"comment_status":"closed","ping_status":"closed","sticky":false,"template":"","format":"standard","meta":{"om_disable_all_campaigns":false,"_monsterinsights_skip_tracking":false,"_monsterinsights_sitenote_active":false,"_monsterinsights_sitenote_note":"","_monsterinsights_sitenote_category":0},"categories":[5],"tags":[],"aioseo_notices":[],"gutentor_comment":0,"rttpg_featured_image_url":{"full":["https:\/\/arantv.az\/wp-content\/uploads\/2018\/11\/705695.jpg",800,600,false],"landscape":["https:\/\/arantv.az\/wp-content\/uploads\/2018\/11\/705695.jpg",800,600,false],"portraits":["https:\/\/arantv.az\/wp-content\/uploads\/2018\/11\/705695.jpg",800,600,false],"thumbnail":["https:\/\/arantv.az\/wp-content\/uploads\/2018\/11\/705695-150x150.jpg",150,150,true],"medium":["https:\/\/arantv.az\/wp-content\/uploads\/2018\/11\/705695-300x225.jpg",300,225,true],"large":["https:\/\/arantv.az\/wp-content\/uploads\/2018\/11\/705695.jpg",640,480,false],"1536x1536":["https:\/\/arantv.az\/wp-content\/uploads\/2018\/11\/705695.jpg",800,600,false],"2048x2048":["https:\/\/arantv.az\/wp-content\/uploads\/2018\/11\/705695.jpg",800,600,false],"post-thumbnail":["https:\/\/arantv.az\/wp-content\/uploads\/2018\/11\/705695-240x172.jpg",240,172,true],"advps-thumb-one":["https:\/\/arantv.az\/wp-content\/uploads\/2018\/11\/705695.jpg",800,600,false]},"rttpg_author":{"display_name":"V\u00fcsal Rafiqo\u011flu","author_link":"https:\/\/arantv.az\/?author=2"},"rttpg_comment":0,"rttpg_category":"<a href=\"https:\/\/arantv.az\/?cat=5\" rel=\"category\">Hadis\u0259<\/a>","rttpg_excerpt":"\u00d6t\u0259n g\u00fcn aktyor Rza Rzayev t\u0259r\u0259find\u0259n d\u00f6y\u00fcl\u0259n Bak\u0131 \u015f\u0259h\u0259ri, Yasamal rayonu, 175 n\u00f6mr\u0259li m\u0259kt\u0259bin direktoru Tural Mirz\u0259liyev haz\u0131rda 3 sayl\u0131 \u015e\u0259h\u0259r Klinik X\u0259st\u0259xanas\u0131nda m\u00fcalic\u0259 al\u0131r. ARANTV.AZ trend-\u0259 istinad\u0259n x\u0259b\u0259r verir ki, bu bar\u0259d\u0259 s\u00f6z\u00fcged\u0259n m\u0259kt\u0259bd\u0259n bildiribl\u0259r. 3 sayl\u0131 \u015e\u0259h\u0259r Klinik X\u0259st\u0259xanas\u0131ndan is\u0259 Trend-\u0259 bildirilib ki, x\u0259st\u0259nin v\u0259ziyy\u0259ti normalla\u015fma\u011fa do\u011fru gedir: &#8220;X\u0259st\u0259 Tural Mirz\u0259liyev k\u0259ll\u0259-beyin travmas\u0131&hellip;","_links":{"self":[{"href":"https:\/\/arantv.az\/index.php?rest_route=\/wp\/v2\/posts\/24327"}],"collection":[{"href":"https:\/\/arantv.az\/index.php?rest_route=\/wp\/v2\/posts"}],"about":[{"href":"https:\/\/arantv.az\/index.php?rest_route=\/wp\/v2\/types\/post"}],"author":[{"embeddable":true,"href":"https:\/\/arantv.az\/index.php?rest_route=\/wp\/v2\/users\/2"}],"replies":[{"embeddable":true,"href":"https:\/\/arantv.az\/index.php?rest_route=%2Fwp%2Fv2%2Fcomments&post=24327"}],"version-history":[{"count":0,"href":"https:\/\/arantv.az\/index.php?rest_route=\/wp\/v2\/posts\/24327\/revisions"}],"wp:featuredmedia":[{"embeddable":true,"href":"https:\/\/arantv.az\/index.php?rest_route=\/wp\/v2\/media\/24328"}],"wp:attachment":[{"href":"https:\/\/arantv.az\/index.php?rest_route=%2Fwp%2Fv2%2Fmedia&parent=24327"}],"wp:term":[{"taxonomy":"category","embeddable":true,"href":"https:\/\/arantv.az\/index.php?rest_route=%2Fwp%2Fv2%2Fcategories&post=24327"},{"taxonomy":"post_tag","embeddable":true,"href":"https:\/\/arantv.az\/index.php?rest_route=%2Fwp%2Fv2%2Ftags&post=24327"}],"curies":[{"name":"wp","href":"https:\/\/api.w.org\/{rel}","templated":true}]}}