{"id":24342,"date":"2018-11-21T10:04:54","date_gmt":"2018-11-21T07:04:54","guid":{"rendered":"http:\/\/arantv.az\/?p=24342"},"modified":"2018-11-21T10:04:54","modified_gmt":"2018-11-21T07:04:54","slug":"az%c9%99rbaycanda-son-2-gund%c9%99-15-n%c9%99f%c9%99r-yollarda-oldu-d%c9%99hs%c9%99tli-statistika","status":"publish","type":"post","link":"https:\/\/arantv.az\/?p=24342","title":{"rendered":"Az\u0259rbaycanda son 2 g\u00fcnd\u0259 15 n\u0259f\u0259r yollarda \u00f6ld\u00fc \u2013 D\u018fH\u015e\u018fTL\u0130 STAT\u0130ST\u0130KA"},"content":{"rendered":"<p><strong>Son g\u00fcnl\u0259rd\u0259 Az\u0259rbaycanda yol q\u0259zalar\u0131nda \u00f6l\u00fcm hadis\u0259l\u0259rinin say\u0131 k\u0259skin art\u0131b.<\/strong><\/p>\n<p><b>ARANTV.AZ\u00a0<\/b>x\u0259b\u0259r verir ki, h\u0259ft\u0259nin ilk i\u015f g\u00fcn\u00fcnd\u0259 &#8211; noyabr\u0131n 19-da ba\u015f vermi\u015f yol q\u0259zalar\u0131nda 8 n\u0259f\u0259r h\u0259yat\u0131n\u0131 itirib. Noyabr\u0131n 20-d\u0259 \u00f6lk\u0259 yollar\u0131nda qeyd\u0259 al\u0131nm\u0131\u015f avtomobil q\u0259zalar\u0131nda is\u0259 7 \u015f\u0259xs v\u0259fat edib. \u00dcmumilikd\u0259 son iki g\u00fcnd\u0259 \u00f6lk\u0259d\u0259 15 n\u0259f\u0259r yol q\u0259zas\u0131n\u0131n qurban\u0131 olub ki, bu da orta statistik r\u0259q\u0259md\u0259n xeyli y\u00fcks\u0259kdir.<\/p>\n<p>Qeyd ed\u0259k ki, h\u0259r bir \u00f6l\u00fcm fakt\u0131 il\u0259 ba\u011fl\u0131 cinay\u0259t i\u015fi a\u00e7\u0131l\u0131r v\u0259 m\u00fcvafiq ara\u015fd\u0131rmalar h\u0259yata ke\u00e7irilir.publika.az<\/p>\n","protected":false},"excerpt":{"rendered":"<p>Son g\u00fcnl\u0259rd\u0259 Az\u0259rbaycanda yol q\u0259zalar\u0131nda \u00f6l\u00fcm hadis\u0259l\u0259rinin say\u0131 k\u0259skin art\u0131b. ARANTV.AZ\u00a0x\u0259b\u0259r verir ki, h\u0259ft\u0259nin ilk i\u015f g\u00fcn\u00fcnd\u0259 &#8211; noyabr\u0131n 19-da ba\u015f vermi\u015f yol q\u0259zalar\u0131nda 8 n\u0259f\u0259r h\u0259yat\u0131n\u0131 itirib. Noyabr\u0131n 20-d\u0259 \u00f6lk\u0259 yollar\u0131nda qeyd\u0259 al\u0131nm\u0131\u015f avtomobil q\u0259zalar\u0131nda is\u0259 7 \u015f\u0259xs v\u0259fat edib. \u00dcmumilikd\u0259 son iki g\u00fcnd\u0259 \u00f6lk\u0259d\u0259 15 n\u0259f\u0259r yol q\u0259zas\u0131n\u0131n qurban\u0131 olub ki, bu da orta statistik r\u0259q\u0259md\u0259n xeyli y\u00fcks\u0259kdir. Qeyd ed\u0259k ki, h\u0259r bir \u00f6l\u00fcm fakt\u0131 il\u0259 ba\u011fl\u0131 cinay\u0259t i\u015fi a\u00e7\u0131l\u0131r v\u0259 m\u00fcvafiq ara\u015fd\u0131rmalar h\u0259yata ke\u00e7irilir.publika.az<\/p>\n","protected":false},"author":2,"featured_media":24343,"comment_status":"closed","ping_status":"closed","sticky":false,"template":"","format":"standard","meta":{"om_disable_all_campaigns":false,"_monsterinsights_skip_tracking":false,"_monsterinsights_sitenote_active":false,"_monsterinsights_sitenote_note":"","_monsterinsights_sitenote_category":0},"categories":[5],"tags":[],"aioseo_notices":[],"gutentor_comment":0,"rttpg_featured_image_url":{"full":["https:\/\/arantv.az\/wp-content\/uploads\/2018\/11\/teleqraf.com14128340681365831372_meyit.jpg",800,450,false],"landscape":["https:\/\/arantv.az\/wp-content\/uploads\/2018\/11\/teleqraf.com14128340681365831372_meyit.jpg",800,450,false],"portraits":["https:\/\/arantv.az\/wp-content\/uploads\/2018\/11\/teleqraf.com14128340681365831372_meyit.jpg",800,450,false],"thumbnail":["https:\/\/arantv.az\/wp-content\/uploads\/2018\/11\/teleqraf.com14128340681365831372_meyit-150x150.jpg",150,150,true],"medium":["https:\/\/arantv.az\/wp-content\/uploads\/2018\/11\/teleqraf.com14128340681365831372_meyit-300x169.jpg",300,169,true],"large":["https:\/\/arantv.az\/wp-content\/uploads\/2018\/11\/teleqraf.com14128340681365831372_meyit.jpg",640,360,false],"1536x1536":["https:\/\/arantv.az\/wp-content\/uploads\/2018\/11\/teleqraf.com14128340681365831372_meyit.jpg",800,450,false],"2048x2048":["https:\/\/arantv.az\/wp-content\/uploads\/2018\/11\/teleqraf.com14128340681365831372_meyit.jpg",800,450,false],"post-thumbnail":["https:\/\/arantv.az\/wp-content\/uploads\/2018\/11\/teleqraf.com14128340681365831372_meyit-240x172.jpg",240,172,true],"advps-thumb-one":["https:\/\/arantv.az\/wp-content\/uploads\/2018\/11\/teleqraf.com14128340681365831372_meyit.jpg",800,450,false]},"rttpg_author":{"display_name":"V\u00fcsal Rafiqo\u011flu","author_link":"https:\/\/arantv.az\/?author=2"},"rttpg_comment":0,"rttpg_category":"<a href=\"https:\/\/arantv.az\/?cat=5\" rel=\"category\">Hadis\u0259<\/a>","rttpg_excerpt":"Son g\u00fcnl\u0259rd\u0259 Az\u0259rbaycanda yol q\u0259zalar\u0131nda \u00f6l\u00fcm hadis\u0259l\u0259rinin say\u0131 k\u0259skin art\u0131b. ARANTV.AZ\u00a0x\u0259b\u0259r verir ki, h\u0259ft\u0259nin ilk i\u015f g\u00fcn\u00fcnd\u0259 &#8211; noyabr\u0131n 19-da ba\u015f vermi\u015f yol q\u0259zalar\u0131nda 8 n\u0259f\u0259r h\u0259yat\u0131n\u0131 itirib. Noyabr\u0131n 20-d\u0259 \u00f6lk\u0259 yollar\u0131nda qeyd\u0259 al\u0131nm\u0131\u015f avtomobil q\u0259zalar\u0131nda is\u0259 7 \u015f\u0259xs v\u0259fat edib. \u00dcmumilikd\u0259 son iki g\u00fcnd\u0259 \u00f6lk\u0259d\u0259 15 n\u0259f\u0259r yol q\u0259zas\u0131n\u0131n qurban\u0131 olub ki, bu da&hellip;","_links":{"self":[{"href":"https:\/\/arantv.az\/index.php?rest_route=\/wp\/v2\/posts\/24342"}],"collection":[{"href":"https:\/\/arantv.az\/index.php?rest_route=\/wp\/v2\/posts"}],"about":[{"href":"https:\/\/arantv.az\/index.php?rest_route=\/wp\/v2\/types\/post"}],"author":[{"embeddable":true,"href":"https:\/\/arantv.az\/index.php?rest_route=\/wp\/v2\/users\/2"}],"replies":[{"embeddable":true,"href":"https:\/\/arantv.az\/index.php?rest_route=%2Fwp%2Fv2%2Fcomments&post=24342"}],"version-history":[{"count":0,"href":"https:\/\/arantv.az\/index.php?rest_route=\/wp\/v2\/posts\/24342\/revisions"}],"wp:featuredmedia":[{"embeddable":true,"href":"https:\/\/arantv.az\/index.php?rest_route=\/wp\/v2\/media\/24343"}],"wp:attachment":[{"href":"https:\/\/arantv.az\/index.php?rest_route=%2Fwp%2Fv2%2Fmedia&parent=24342"}],"wp:term":[{"taxonomy":"category","embeddable":true,"href":"https:\/\/arantv.az\/index.php?rest_route=%2Fwp%2Fv2%2Fcategories&post=24342"},{"taxonomy":"post_tag","embeddable":true,"href":"https:\/\/arantv.az\/index.php?rest_route=%2Fwp%2Fv2%2Ftags&post=24342"}],"curies":[{"name":"wp","href":"https:\/\/api.w.org\/{rel}","templated":true}]}}