{"id":24345,"date":"2018-11-21T10:08:08","date_gmt":"2018-11-21T07:08:08","guid":{"rendered":"http:\/\/arantv.az\/?p=24345"},"modified":"2018-11-21T10:08:08","modified_gmt":"2018-11-21T07:08:08","slug":"az%c9%99rbaycan-konstitusiyasi-il%c9%99-secki-m%c9%99c%c9%99ll%c9%99si-arasindaki-ziddiyy%c9%99t-aradan-qaldirilir","status":"publish","type":"post","link":"https:\/\/arantv.az\/?p=24345","title":{"rendered":"Az\u0259rbaycan Konstitusiyas\u0131 il\u0259 Se\u00e7ki M\u0259c\u0259ll\u0259si aras\u0131ndak\u0131 ziddiyy\u0259t aradan qald\u0131r\u0131l\u0131r"},"content":{"rendered":"<div class=\"spot\">Az\u0259rbaycan Konstitusiyas\u0131 il\u0259 Se\u00e7ki M\u0259c\u0259ll\u0259si aras\u0131nda olan ziddiyy\u0259t aradan qald\u0131r\u0131l\u0131r.<\/div>\n<p><strong>ARANTV.AZ<\/strong>-\u0131n Report-a istinad\u0259n x\u0259b\u0259rin\u0259 g\u00f6r\u0259, bununla ba\u011fl\u0131 Se\u00e7ki M\u0259c\u0259ll\u0259sin\u0259 d\u0259yi\u015fiklik edilir.<\/p>\n<p>Prezident \u0130lham \u018fliyevin imzas\u0131 il\u0259 Milli M\u0259clis\u0259 daxil olan qanunvericilik layih\u0259sind\u0259 qeyd edilir ki, Konstutisiyan\u0131n 101-ci madd\u0259sinin I hiss\u0259si, 105-ci madd\u0259sinin I hiss\u0259si v\u0259 Se\u00e7ki M\u0259c\u0259ll\u0259sinin 178.1-ci madd\u0259si aras\u0131nda ziddiyy\u0259t m\u00f6vcuddur.<\/p>\n<p>Bel\u0259 ki, n\u00f6vb\u0259d\u0259nk\u0259nar Prezident se\u00e7kil\u0259rind\u0259 se\u00e7ilmi\u015f Prezidentin s\u0259lahiyy\u0259t m\u00fcdd\u0259ti oktyabr ay\u0131nda yox, 7 il \u0259vv\u0259l Prezident se\u00e7ildiyi ayda bitir.<\/p>\n<p>Ziddiyy\u0259tin aradan qald\u0131r\u0131lmas\u0131 m\u0259qs\u0259di il\u0259 Se\u00e7ki M\u0259c\u0259ll\u0259sind\u0259 178.1-ci madd\u0259nin yeni redaksiyada verilm\u0259si t\u0259klif edilir. T\u0259klif\u0259 \u0259sas\u0259n, Se\u00e7ki M\u0259c\u0259ll\u0259sinin 179.2-ci madd\u0259sind\u0259 m\u00fc\u0259yy\u0259n edilmi\u015f qaydada se\u00e7kil\u0259rin t\u0259yin olunmas\u0131 hallar\u0131 istisna olmaqla, 7 il \u0259vv\u0259l ke\u00e7iril\u0259n Prezident se\u00e7kil\u0259rind\u0259 Prezidentin se\u00e7ildiyi s\u0259sverm\u0259nin ke\u00e7irildiyi ay\u0131n ikinci h\u0259ft\u0259sinin \u00e7\u0259r\u015f\u0259nb\u0259 g\u00fcn\u00fcn\u0259 Prezident se\u00e7kil\u0259ri t\u0259yin olunur (indiki halda n\u00f6vb\u0259ti Prezident se\u00e7kil\u0259ri 9 aprel 2025-ci ild\u0259 t\u0259yin olunmal\u0131d\u0131r).<\/p>\n<div id=\"AdributorNativeVideo0\" class=\"AdributorNativeVideo\"><\/div>\n<p>Qeyd ed\u0259k ki, Se\u00e7ki M\u0259c\u0259ll\u0259sin\u0259 \u0259sas\u0259n, se\u00e7kil\u0259rin ke\u00e7irilm\u0259si g\u00fcn\u00fc M\u0259rk\u0259zi Se\u00e7ki Komissiyas\u0131n\u0131n q\u0259rar\u0131 il\u0259 t\u0259yin edilir.<\/p>\n<p>Xat\u0131rladaq ki, 2018-ci il aprelin 11-d\u0259 ke\u00e7iril\u0259n Prezident se\u00e7kil\u0259rind\u0259 \u0130lham \u018fliyev 7 il m\u00fcdd\u0259tin\u0259 Az\u0259rbaycan Respublikas\u0131n\u0131n Prezidenti se\u00e7ilib.<\/p>\n","protected":false},"excerpt":{"rendered":"<p>Az\u0259rbaycan Konstitusiyas\u0131 il\u0259 Se\u00e7ki M\u0259c\u0259ll\u0259si aras\u0131nda olan ziddiyy\u0259t aradan qald\u0131r\u0131l\u0131r. ARANTV.AZ-\u0131n Report-a istinad\u0259n x\u0259b\u0259rin\u0259 g\u00f6r\u0259, bununla ba\u011fl\u0131 Se\u00e7ki M\u0259c\u0259ll\u0259sin\u0259 d\u0259yi\u015fiklik edilir. Prezident \u0130lham \u018fliyevin imzas\u0131 il\u0259 Milli M\u0259clis\u0259 daxil olan qanunvericilik layih\u0259sind\u0259 qeyd edilir ki, Konstutisiyan\u0131n 101-ci madd\u0259sinin I hiss\u0259si, 105-ci madd\u0259sinin I hiss\u0259si v\u0259 Se\u00e7ki M\u0259c\u0259ll\u0259sinin 178.1-ci madd\u0259si aras\u0131nda ziddiyy\u0259t m\u00f6vcuddur. Bel\u0259 ki, n\u00f6vb\u0259d\u0259nk\u0259nar Prezident se\u00e7kil\u0259rind\u0259 se\u00e7ilmi\u015f Prezidentin s\u0259lahiyy\u0259t m\u00fcdd\u0259ti oktyabr ay\u0131nda yox, 7 il \u0259vv\u0259l Prezident se\u00e7ildiyi ayda bitir. Ziddiyy\u0259tin aradan qald\u0131r\u0131lmas\u0131 m\u0259qs\u0259di il\u0259 Se\u00e7ki M\u0259c\u0259ll\u0259sind\u0259 178.1-ci madd\u0259nin yeni redaksiyada verilm\u0259si t\u0259klif edilir. T\u0259klif\u0259 \u0259sas\u0259n, Se\u00e7ki M\u0259c\u0259ll\u0259sinin 179.2-ci&hellip;<\/p>\n","protected":false},"author":2,"featured_media":23867,"comment_status":"closed","ping_status":"closed","sticky":false,"template":"","format":"standard","meta":{"om_disable_all_campaigns":false,"_monsterinsights_skip_tracking":false,"_monsterinsights_sitenote_active":false,"_monsterinsights_sitenote_note":"","_monsterinsights_sitenote_category":0},"categories":[4],"tags":[],"aioseo_notices":[],"gutentor_comment":0,"rttpg_featured_image_url":{"full":["https:\/\/arantv.az\/wp-content\/uploads\/2018\/11\/milli-meclis-azeuro-1.jpg",620,413,false],"landscape":["https:\/\/arantv.az\/wp-content\/uploads\/2018\/11\/milli-meclis-azeuro-1.jpg",620,413,false],"portraits":["https:\/\/arantv.az\/wp-content\/uploads\/2018\/11\/milli-meclis-azeuro-1.jpg",620,413,false],"thumbnail":["https:\/\/arantv.az\/wp-content\/uploads\/2018\/11\/milli-meclis-azeuro-1-150x150.jpg",150,150,true],"medium":["https:\/\/arantv.az\/wp-content\/uploads\/2018\/11\/milli-meclis-azeuro-1-300x200.jpg",300,200,true],"large":["https:\/\/arantv.az\/wp-content\/uploads\/2018\/11\/milli-meclis-azeuro-1.jpg",620,413,false],"1536x1536":["https:\/\/arantv.az\/wp-content\/uploads\/2018\/11\/milli-meclis-azeuro-1.jpg",620,413,false],"2048x2048":["https:\/\/arantv.az\/wp-content\/uploads\/2018\/11\/milli-meclis-azeuro-1.jpg",620,413,false],"post-thumbnail":["https:\/\/arantv.az\/wp-content\/uploads\/2018\/11\/milli-meclis-azeuro-1-240x172.jpg",240,172,true],"advps-thumb-one":["https:\/\/arantv.az\/wp-content\/uploads\/2018\/11\/milli-meclis-azeuro-1.jpg",620,413,false]},"rttpg_author":{"display_name":"V\u00fcsal Rafiqo\u011flu","author_link":"https:\/\/arantv.az\/?author=2"},"rttpg_comment":0,"rttpg_category":"<a href=\"https:\/\/arantv.az\/?cat=4\" rel=\"category\">Siyas\u0259t<\/a>","rttpg_excerpt":"Az\u0259rbaycan Konstitusiyas\u0131 il\u0259 Se\u00e7ki M\u0259c\u0259ll\u0259si aras\u0131nda olan ziddiyy\u0259t aradan qald\u0131r\u0131l\u0131r. ARANTV.AZ-\u0131n Report-a istinad\u0259n x\u0259b\u0259rin\u0259 g\u00f6r\u0259, bununla ba\u011fl\u0131 Se\u00e7ki M\u0259c\u0259ll\u0259sin\u0259 d\u0259yi\u015fiklik edilir. Prezident \u0130lham \u018fliyevin imzas\u0131 il\u0259 Milli M\u0259clis\u0259 daxil olan qanunvericilik layih\u0259sind\u0259 qeyd edilir ki, Konstutisiyan\u0131n 101-ci madd\u0259sinin I hiss\u0259si, 105-ci madd\u0259sinin I hiss\u0259si v\u0259 Se\u00e7ki M\u0259c\u0259ll\u0259sinin 178.1-ci madd\u0259si aras\u0131nda ziddiyy\u0259t m\u00f6vcuddur. Bel\u0259 ki, n\u00f6vb\u0259d\u0259nk\u0259nar&hellip;","_links":{"self":[{"href":"https:\/\/arantv.az\/index.php?rest_route=\/wp\/v2\/posts\/24345"}],"collection":[{"href":"https:\/\/arantv.az\/index.php?rest_route=\/wp\/v2\/posts"}],"about":[{"href":"https:\/\/arantv.az\/index.php?rest_route=\/wp\/v2\/types\/post"}],"author":[{"embeddable":true,"href":"https:\/\/arantv.az\/index.php?rest_route=\/wp\/v2\/users\/2"}],"replies":[{"embeddable":true,"href":"https:\/\/arantv.az\/index.php?rest_route=%2Fwp%2Fv2%2Fcomments&post=24345"}],"version-history":[{"count":0,"href":"https:\/\/arantv.az\/index.php?rest_route=\/wp\/v2\/posts\/24345\/revisions"}],"wp:featuredmedia":[{"embeddable":true,"href":"https:\/\/arantv.az\/index.php?rest_route=\/wp\/v2\/media\/23867"}],"wp:attachment":[{"href":"https:\/\/arantv.az\/index.php?rest_route=%2Fwp%2Fv2%2Fmedia&parent=24345"}],"wp:term":[{"taxonomy":"category","embeddable":true,"href":"https:\/\/arantv.az\/index.php?rest_route=%2Fwp%2Fv2%2Fcategories&post=24345"},{"taxonomy":"post_tag","embeddable":true,"href":"https:\/\/arantv.az\/index.php?rest_route=%2Fwp%2Fv2%2Ftags&post=24345"}],"curies":[{"name":"wp","href":"https:\/\/api.w.org\/{rel}","templated":true}]}}