{"id":24347,"date":"2018-11-21T10:09:01","date_gmt":"2018-11-21T07:09:01","guid":{"rendered":"http:\/\/arantv.az\/?p=24347"},"modified":"2018-11-21T10:09:01","modified_gmt":"2018-11-21T07:09:01","slug":"bakida-generallarin-gorusu-baslayib","status":"publish","type":"post","link":"https:\/\/arantv.az\/?p=24347","title":{"rendered":"Bak\u0131da generallar\u0131n g\u00f6r\u00fc\u015f\u00fc ba\u015flay\u0131b"},"content":{"rendered":"<div class=\"spot\">Bak\u0131da Az\u0259rbaycan Respublikas\u0131n\u0131n m\u00fcdafi\u0259 naziri, general-polkovnik Zakir H\u0259s\u0259nov T\u00fcrkiy\u0259 Respublikas\u0131n\u0131n Ba\u015f Q\u0259rargah r\u0259isi, ordu general\u0131 Ya\u015far G\u00fcler v\u0259 G\u00fcrc\u00fcstan Silahl\u0131 Q\u00fcvv\u0259l\u0259rinin Ba\u015f Q\u0259rargah r\u0259isi, general-mayor Vladimer \u00c7a\u00e7ibaia il\u0259 g\u00f6r\u00fc\u015f ke\u00e7irir.<\/div>\n<p><strong>ARANTV.AZ<\/strong> x\u0259b\u0259r verir ki, g\u00f6r\u00fc\u015fd\u0259 \u00fc\u00e7t\u0259r\u0259fli formatda \u0259m\u0259kda\u015fl\u0131\u011f\u0131n inki\u015faf etdirilm\u0259si, regional sabitliyin, o c\u00fcml\u0259d\u0259n b\u00f6lg\u0259d\u0259 h\u0259yata ke\u00e7iril\u0259n layih\u0259l\u0259rin t\u0259hl\u00fck\u0259sizliyinin t\u0259min olunmas\u0131 v\u0259 bir s\u0131ra dig\u0259r m\u0259s\u0259l\u0259l\u0259r bar\u0259d\u0259 fikir m\u00fcbadil\u0259si apar\u0131l\u0131b.<\/p>\n<div id=\"AdributorNativeVideo0\" class=\"AdributorNativeVideo\"><\/div>\n<p><em>\u00d6lk\u0259.Az<\/em><\/p>\n","protected":false},"excerpt":{"rendered":"<p>Bak\u0131da Az\u0259rbaycan Respublikas\u0131n\u0131n m\u00fcdafi\u0259 naziri, general-polkovnik Zakir H\u0259s\u0259nov T\u00fcrkiy\u0259 Respublikas\u0131n\u0131n Ba\u015f Q\u0259rargah r\u0259isi, ordu general\u0131 Ya\u015far G\u00fcler v\u0259 G\u00fcrc\u00fcstan Silahl\u0131 Q\u00fcvv\u0259l\u0259rinin Ba\u015f Q\u0259rargah r\u0259isi, general-mayor Vladimer \u00c7a\u00e7ibaia il\u0259 g\u00f6r\u00fc\u015f ke\u00e7irir. ARANTV.AZ x\u0259b\u0259r verir ki, g\u00f6r\u00fc\u015fd\u0259 \u00fc\u00e7t\u0259r\u0259fli formatda \u0259m\u0259kda\u015fl\u0131\u011f\u0131n inki\u015faf etdirilm\u0259si, regional sabitliyin, o c\u00fcml\u0259d\u0259n b\u00f6lg\u0259d\u0259 h\u0259yata ke\u00e7iril\u0259n layih\u0259l\u0259rin t\u0259hl\u00fck\u0259sizliyinin t\u0259min olunmas\u0131 v\u0259 bir s\u0131ra dig\u0259r m\u0259s\u0259l\u0259l\u0259r bar\u0259d\u0259 fikir m\u00fcbadil\u0259si apar\u0131l\u0131b. \u00d6lk\u0259.Az<\/p>\n","protected":false},"author":2,"featured_media":24348,"comment_status":"closed","ping_status":"closed","sticky":false,"template":"","format":"standard","meta":{"om_disable_all_campaigns":false,"_monsterinsights_skip_tracking":false,"_monsterinsights_sitenote_active":false,"_monsterinsights_sitenote_note":"","_monsterinsights_sitenote_category":0},"categories":[4],"tags":[],"aioseo_notices":[],"gutentor_comment":0,"rttpg_featured_image_url":{"full":["https:\/\/arantv.az\/wp-content\/uploads\/2018\/11\/bayraklar.jpg",620,375,false],"landscape":["https:\/\/arantv.az\/wp-content\/uploads\/2018\/11\/bayraklar.jpg",620,375,false],"portraits":["https:\/\/arantv.az\/wp-content\/uploads\/2018\/11\/bayraklar.jpg",620,375,false],"thumbnail":["https:\/\/arantv.az\/wp-content\/uploads\/2018\/11\/bayraklar-150x150.jpg",150,150,true],"medium":["https:\/\/arantv.az\/wp-content\/uploads\/2018\/11\/bayraklar-300x181.jpg",300,181,true],"large":["https:\/\/arantv.az\/wp-content\/uploads\/2018\/11\/bayraklar.jpg",620,375,false],"1536x1536":["https:\/\/arantv.az\/wp-content\/uploads\/2018\/11\/bayraklar.jpg",620,375,false],"2048x2048":["https:\/\/arantv.az\/wp-content\/uploads\/2018\/11\/bayraklar.jpg",620,375,false],"post-thumbnail":["https:\/\/arantv.az\/wp-content\/uploads\/2018\/11\/bayraklar-240x172.jpg",240,172,true],"advps-thumb-one":["https:\/\/arantv.az\/wp-content\/uploads\/2018\/11\/bayraklar.jpg",620,375,false]},"rttpg_author":{"display_name":"V\u00fcsal Rafiqo\u011flu","author_link":"https:\/\/arantv.az\/?author=2"},"rttpg_comment":0,"rttpg_category":"<a href=\"https:\/\/arantv.az\/?cat=4\" rel=\"category\">Siyas\u0259t<\/a>","rttpg_excerpt":"Bak\u0131da Az\u0259rbaycan Respublikas\u0131n\u0131n m\u00fcdafi\u0259 naziri, general-polkovnik Zakir H\u0259s\u0259nov T\u00fcrkiy\u0259 Respublikas\u0131n\u0131n Ba\u015f Q\u0259rargah r\u0259isi, ordu general\u0131 Ya\u015far G\u00fcler v\u0259 G\u00fcrc\u00fcstan Silahl\u0131 Q\u00fcvv\u0259l\u0259rinin Ba\u015f Q\u0259rargah r\u0259isi, general-mayor Vladimer \u00c7a\u00e7ibaia il\u0259 g\u00f6r\u00fc\u015f ke\u00e7irir. ARANTV.AZ x\u0259b\u0259r verir ki, g\u00f6r\u00fc\u015fd\u0259 \u00fc\u00e7t\u0259r\u0259fli formatda \u0259m\u0259kda\u015fl\u0131\u011f\u0131n inki\u015faf etdirilm\u0259si, regional sabitliyin, o c\u00fcml\u0259d\u0259n b\u00f6lg\u0259d\u0259 h\u0259yata ke\u00e7iril\u0259n layih\u0259l\u0259rin t\u0259hl\u00fck\u0259sizliyinin t\u0259min olunmas\u0131 v\u0259 bir s\u0131ra dig\u0259r&hellip;","_links":{"self":[{"href":"https:\/\/arantv.az\/index.php?rest_route=\/wp\/v2\/posts\/24347"}],"collection":[{"href":"https:\/\/arantv.az\/index.php?rest_route=\/wp\/v2\/posts"}],"about":[{"href":"https:\/\/arantv.az\/index.php?rest_route=\/wp\/v2\/types\/post"}],"author":[{"embeddable":true,"href":"https:\/\/arantv.az\/index.php?rest_route=\/wp\/v2\/users\/2"}],"replies":[{"embeddable":true,"href":"https:\/\/arantv.az\/index.php?rest_route=%2Fwp%2Fv2%2Fcomments&post=24347"}],"version-history":[{"count":0,"href":"https:\/\/arantv.az\/index.php?rest_route=\/wp\/v2\/posts\/24347\/revisions"}],"wp:featuredmedia":[{"embeddable":true,"href":"https:\/\/arantv.az\/index.php?rest_route=\/wp\/v2\/media\/24348"}],"wp:attachment":[{"href":"https:\/\/arantv.az\/index.php?rest_route=%2Fwp%2Fv2%2Fmedia&parent=24347"}],"wp:term":[{"taxonomy":"category","embeddable":true,"href":"https:\/\/arantv.az\/index.php?rest_route=%2Fwp%2Fv2%2Fcategories&post=24347"},{"taxonomy":"post_tag","embeddable":true,"href":"https:\/\/arantv.az\/index.php?rest_route=%2Fwp%2Fv2%2Ftags&post=24347"}],"curies":[{"name":"wp","href":"https:\/\/api.w.org\/{rel}","templated":true}]}}