{"id":24357,"date":"2018-11-21T10:46:07","date_gmt":"2018-11-21T07:46:07","guid":{"rendered":"http:\/\/arantv.az\/?p=24357"},"modified":"2018-11-21T10:46:07","modified_gmt":"2018-11-21T07:46:07","slug":"az%c9%99rbaycanin-mudafi%c9%99-naziri-il%c9%99-gurcustan-sq-bas-q%c9%99rargah-r%c9%99isi-arasinda-gorus-kecirilib","status":"publish","type":"post","link":"https:\/\/arantv.az\/?p=24357","title":{"rendered":"Az\u0259rbaycan\u0131n M\u00fcdafi\u0259 naziri il\u0259 G\u00fcrc\u00fcstan SQ Ba\u015f Q\u0259rargah r\u0259isi aras\u0131nda g\u00f6r\u00fc\u015f ke\u00e7irilib"},"content":{"rendered":"<div class=\"vi_in_desc\">\n<div class=\"vi_text\">\n<p><strong>ARANTV.AZ<\/strong> x\u0259b\u0259r verir ki, noyabr\u0131n 21-d\u0259 Az\u0259rbaycan Respublikas\u0131n\u0131n M\u00fcdafi\u0259 naziri general-polkovnik Zakir H\u0259s\u0259nov \u00f6lk\u0259mizd\u0259 s\u0259f\u0259rd\u0259 olan G\u00fcrc\u00fcstan Silahl\u0131 Q\u00fcvv\u0259l\u0259rinin Ba\u015f Q\u0259rargah r\u0259isi general-mayor Vladimer \u00c7a\u00e7ibaia il\u0259 g\u00f6r\u00fc\u015f\u00fcb.<br \/>\nT\u0259r\u0259fl\u0259r regional iqtisadi layih\u0259l\u0259rin t\u0259hl\u00fck\u0259sizliyinin t\u0259min edilm\u0259si, ikit\u0259r\u0259fli \u0259sasda v\u0259 NATO proqramlar\u0131 \u00e7\u0259r\u00e7iv\u0259sind\u0259 \u0259m\u0259kda\u015fl\u0131q v\u0259 qar\u015f\u0131l\u0131ql\u0131 maraq do\u011furan dig\u0259r m\u0259s\u0259l\u0259l\u0259r bar\u0259sind\u0259 fikir m\u00fcbadil\u0259si apar\u0131blar.<\/p>\n<\/div>\n<div class=\"bx-wrapper\">\n<div class=\"bx-viewport\">\n<ul class=\"bxslider\">\n<li class=\"bx-clone\"><a class=\"fancybox\" href=\"https:\/\/mod.gov.az\/\/images\/gallery\/fb31fe055672d0ddf122ac0c23e8265d.peg\" rel=\"group31632\"><img src=\"https:\/\/mod.gov.az\/\/images\/gallery\/fb31fe055672d0ddf122ac0c23e8265d.peg\" \/><\/a><\/li>\n<li><a class=\"fancybox\" href=\"https:\/\/mod.gov.az\/\/images\/gallery\/72ac299f215543b482f99d82d31f9396.peg\" rel=\"group31632\"><img src=\"https:\/\/mod.gov.az\/\/images\/gallery\/72ac299f215543b482f99d82d31f9396.peg\" \/><\/a><\/li>\n<li><a class=\"fancybox\" href=\"https:\/\/mod.gov.az\/\/images\/gallery\/fb31fe055672d0ddf122ac0c23e8265d.peg\" rel=\"group31632\"><img src=\"https:\/\/mod.gov.az\/\/images\/gallery\/fb31fe055672d0ddf122ac0c23e8265d.peg\" \/><\/a><\/li>\n<li class=\"bx-clone\"><a class=\"fancybox\" href=\"https:\/\/mod.gov.az\/\/images\/gallery\/72ac299f215543b482f99d82d31f9396.peg\" rel=\"group31632\"><img src=\"https:\/\/mod.gov.az\/\/images\/gallery\/72ac299f215543b482f99d82d31f9396.peg\" \/><\/a><\/li>\n<\/ul>\n<\/div>\n<div class=\"bx-controls bx-has-pager bx-has-controls-direction\">\n<div class=\"bx-pager bx-default-pager\"><\/div>\n<\/div>\n<\/div>\n<\/div>\n<div><\/div>\n","protected":false},"excerpt":{"rendered":"<p>ARANTV.AZ x\u0259b\u0259r verir ki, noyabr\u0131n 21-d\u0259 Az\u0259rbaycan Respublikas\u0131n\u0131n M\u00fcdafi\u0259 naziri general-polkovnik Zakir H\u0259s\u0259nov \u00f6lk\u0259mizd\u0259 s\u0259f\u0259rd\u0259 olan G\u00fcrc\u00fcstan Silahl\u0131 Q\u00fcvv\u0259l\u0259rinin Ba\u015f Q\u0259rargah r\u0259isi general-mayor Vladimer \u00c7a\u00e7ibaia il\u0259 g\u00f6r\u00fc\u015f\u00fcb. T\u0259r\u0259fl\u0259r regional iqtisadi layih\u0259l\u0259rin t\u0259hl\u00fck\u0259sizliyinin t\u0259min edilm\u0259si, ikit\u0259r\u0259fli \u0259sasda v\u0259 NATO proqramlar\u0131 \u00e7\u0259r\u00e7iv\u0259sind\u0259 \u0259m\u0259kda\u015fl\u0131q v\u0259 qar\u015f\u0131l\u0131ql\u0131 maraq do\u011furan dig\u0259r m\u0259s\u0259l\u0259l\u0259r bar\u0259sind\u0259 fikir m\u00fcbadil\u0259si apar\u0131blar.<\/p>\n","protected":false},"author":2,"featured_media":24358,"comment_status":"closed","ping_status":"closed","sticky":false,"template":"","format":"standard","meta":{"om_disable_all_campaigns":false,"_monsterinsights_skip_tracking":false,"_monsterinsights_sitenote_active":false,"_monsterinsights_sitenote_note":"","_monsterinsights_sitenote_category":0},"categories":[19],"tags":[],"aioseo_notices":[],"gutentor_comment":0,"rttpg_featured_image_url":{"full":["https:\/\/arantv.az\/wp-content\/uploads\/2018\/11\/72ac299f215543b482f99d82d31f9396.jpg",799,666,false],"landscape":["https:\/\/arantv.az\/wp-content\/uploads\/2018\/11\/72ac299f215543b482f99d82d31f9396.jpg",799,666,false],"portraits":["https:\/\/arantv.az\/wp-content\/uploads\/2018\/11\/72ac299f215543b482f99d82d31f9396.jpg",799,666,false],"thumbnail":["https:\/\/arantv.az\/wp-content\/uploads\/2018\/11\/72ac299f215543b482f99d82d31f9396-150x150.jpg",150,150,true],"medium":["https:\/\/arantv.az\/wp-content\/uploads\/2018\/11\/72ac299f215543b482f99d82d31f9396-300x250.jpg",300,250,true],"large":["https:\/\/arantv.az\/wp-content\/uploads\/2018\/11\/72ac299f215543b482f99d82d31f9396.jpg",640,533,false],"1536x1536":["https:\/\/arantv.az\/wp-content\/uploads\/2018\/11\/72ac299f215543b482f99d82d31f9396.jpg",799,666,false],"2048x2048":["https:\/\/arantv.az\/wp-content\/uploads\/2018\/11\/72ac299f215543b482f99d82d31f9396.jpg",799,666,false],"post-thumbnail":["https:\/\/arantv.az\/wp-content\/uploads\/2018\/11\/72ac299f215543b482f99d82d31f9396-240x172.jpg",240,172,true],"advps-thumb-one":["https:\/\/arantv.az\/wp-content\/uploads\/2018\/11\/72ac299f215543b482f99d82d31f9396-799x620.jpg",799,620,true]},"rttpg_author":{"display_name":"V\u00fcsal Rafiqo\u011flu","author_link":"https:\/\/arantv.az\/?author=2"},"rttpg_comment":0,"rttpg_category":"<a href=\"https:\/\/arantv.az\/?cat=19\" rel=\"category\">G\u00fcnd\u0259m<\/a>","rttpg_excerpt":"ARANTV.AZ x\u0259b\u0259r verir ki, noyabr\u0131n 21-d\u0259 Az\u0259rbaycan Respublikas\u0131n\u0131n M\u00fcdafi\u0259 naziri general-polkovnik Zakir H\u0259s\u0259nov \u00f6lk\u0259mizd\u0259 s\u0259f\u0259rd\u0259 olan G\u00fcrc\u00fcstan Silahl\u0131 Q\u00fcvv\u0259l\u0259rinin Ba\u015f Q\u0259rargah r\u0259isi general-mayor Vladimer \u00c7a\u00e7ibaia il\u0259 g\u00f6r\u00fc\u015f\u00fcb. T\u0259r\u0259fl\u0259r regional iqtisadi layih\u0259l\u0259rin t\u0259hl\u00fck\u0259sizliyinin t\u0259min edilm\u0259si, ikit\u0259r\u0259fli \u0259sasda v\u0259 NATO proqramlar\u0131 \u00e7\u0259r\u00e7iv\u0259sind\u0259 \u0259m\u0259kda\u015fl\u0131q v\u0259 qar\u015f\u0131l\u0131ql\u0131 maraq do\u011furan dig\u0259r m\u0259s\u0259l\u0259l\u0259r bar\u0259sind\u0259 fikir m\u00fcbadil\u0259si apar\u0131blar.","_links":{"self":[{"href":"https:\/\/arantv.az\/index.php?rest_route=\/wp\/v2\/posts\/24357"}],"collection":[{"href":"https:\/\/arantv.az\/index.php?rest_route=\/wp\/v2\/posts"}],"about":[{"href":"https:\/\/arantv.az\/index.php?rest_route=\/wp\/v2\/types\/post"}],"author":[{"embeddable":true,"href":"https:\/\/arantv.az\/index.php?rest_route=\/wp\/v2\/users\/2"}],"replies":[{"embeddable":true,"href":"https:\/\/arantv.az\/index.php?rest_route=%2Fwp%2Fv2%2Fcomments&post=24357"}],"version-history":[{"count":0,"href":"https:\/\/arantv.az\/index.php?rest_route=\/wp\/v2\/posts\/24357\/revisions"}],"wp:featuredmedia":[{"embeddable":true,"href":"https:\/\/arantv.az\/index.php?rest_route=\/wp\/v2\/media\/24358"}],"wp:attachment":[{"href":"https:\/\/arantv.az\/index.php?rest_route=%2Fwp%2Fv2%2Fmedia&parent=24357"}],"wp:term":[{"taxonomy":"category","embeddable":true,"href":"https:\/\/arantv.az\/index.php?rest_route=%2Fwp%2Fv2%2Fcategories&post=24357"},{"taxonomy":"post_tag","embeddable":true,"href":"https:\/\/arantv.az\/index.php?rest_route=%2Fwp%2Fv2%2Ftags&post=24357"}],"curies":[{"name":"wp","href":"https:\/\/api.w.org\/{rel}","templated":true}]}}