{"id":24363,"date":"2018-11-21T10:51:48","date_gmt":"2018-11-21T07:51:48","guid":{"rendered":"http:\/\/arantv.az\/?p=24363"},"modified":"2018-11-21T10:51:48","modified_gmt":"2018-11-21T07:51:48","slug":"bas-q%c9%99rargah-r%c9%99isi-az%c9%99rbaycan-turkiy%c9%99-v%c9%99-gurcustanin-h%c9%99rbi-%c9%99laql%c9%99ri-strateji-s%c9%99viyy%c9%99y%c9%99-catib","status":"publish","type":"post","link":"https:\/\/arantv.az\/?p=24363","title":{"rendered":"Ba\u015f Q\u0259rargah r\u0259isi: &#8220;Az\u0259rbaycan, T\u00fcrkiy\u0259 v\u0259 G\u00fcrc\u00fcstan\u0131n h\u0259rbi \u0259laql\u0259ri strateji s\u0259viyy\u0259y\u0259 \u00e7at\u0131b&#8221;"},"content":{"rendered":"<blockquote><p><em><strong>Az\u0259rbaycan, T\u00fcrkiy\u0259 v\u0259 G\u00fcrc\u00fcstan\u0131n h\u0259rbi \u0259laq\u0259l\u0259ri m\u00fck\u0259mm\u0259l \u015f\u0259kild\u0259 geni\u015fl\u0259nir.<\/strong><\/em><\/p><\/blockquote>\n<p><strong>ARANTV.AZ<\/strong> trend-\u0259 istinad\u0259n x\u0259b\u0259r verir ki, bunu Bak\u0131da Az\u0259rbaycan\u0131n m\u00fcdafi\u0259 naziri v\u0259 G\u00fcrc\u00fcstan Silahl\u0131 Q\u00fcvv\u0259l\u0259rinin Ba\u015f Q\u0259rargah r\u0259isi, general-mayor Vladimer \u00c7a\u00e7ibaia il\u0259 \u00fc\u00e7t\u0259r\u0259fli g\u00f6r\u00fc\u015f\u00fcnd\u0259 T\u00fcrkiy\u0259nin Ba\u015f Q\u0259rargah r\u0259isi, ordu general\u0131 Ya\u015far G\u00fcler deyib.<\/p>\n<p>O bildirib ki, h\u0259r \u00fc\u00e7 \u00f6lk\u0259nin h\u0259rbi \u0259laql\u0259ri strateji s\u0259viyy\u0259y\u0259 \u00e7at\u0131b: &#8220;H\u0259rbi \u0259laq\u0259l\u0259rimizi daha da art\u0131rmaq \u00fc\u00e7\u00fcn \u0259limizd\u0259n g\u0259l\u0259ni ed\u0259c\u0259yik. Qarda\u015f Az\u0259rbaycanda olmaqdan m\u0259mnunam. Bu g\u00fcn 3 dost v\u0259 qarda\u015f \u00f6lk\u0259nin m\u00fcdafi\u0259 r\u0259smil\u0259ri olaraq b\u00f6y\u00fck toplant\u0131 ke\u00e7irm\u0259k \u00fc\u00e7\u00fcn bir araya g\u0259lmi\u015fik. Bu, bizim 3-c\u00fc toplant\u0131m\u0131zd\u0131r. Bir-birimizl\u0259 h\u0259m ikit\u0259r\u0259fli, h\u0259m d\u0259 \u00fc\u00e7t\u0259r\u0259fli g\u00f6r\u00fc\u015fl\u0259r ke\u00e7ir\u0259r\u0259k b\u00f6lg\u0259d\u0259ki v\u0259ziyy\u0259ti m\u00fczakir\u0259 ed\u0259c\u0259yik. H\u0259rbi \u0259laq\u0259l\u0259rimiz m\u00fck\u0259mm\u0259l \u015f\u0259kild\u0259 geni\u015fl\u0259nir. \u0130nan\u0131ram ki, bu g\u00fcn ke\u00e7iril\u0259n g\u00f6r\u00fc\u015fd\u0259 \u00e7ox vacib n\u0259tic\u0259l\u0259r \u0259ld\u0259 ed\u0259c\u0259yik&#8221;.<\/p>\n","protected":false},"excerpt":{"rendered":"<p>Az\u0259rbaycan, T\u00fcrkiy\u0259 v\u0259 G\u00fcrc\u00fcstan\u0131n h\u0259rbi \u0259laq\u0259l\u0259ri m\u00fck\u0259mm\u0259l \u015f\u0259kild\u0259 geni\u015fl\u0259nir. ARANTV.AZ trend-\u0259 istinad\u0259n x\u0259b\u0259r verir ki, bunu Bak\u0131da Az\u0259rbaycan\u0131n m\u00fcdafi\u0259 naziri v\u0259 G\u00fcrc\u00fcstan Silahl\u0131 Q\u00fcvv\u0259l\u0259rinin Ba\u015f Q\u0259rargah r\u0259isi, general-mayor Vladimer \u00c7a\u00e7ibaia il\u0259 \u00fc\u00e7t\u0259r\u0259fli g\u00f6r\u00fc\u015f\u00fcnd\u0259 T\u00fcrkiy\u0259nin Ba\u015f Q\u0259rargah r\u0259isi, ordu general\u0131 Ya\u015far G\u00fcler deyib. O bildirib ki, h\u0259r \u00fc\u00e7 \u00f6lk\u0259nin h\u0259rbi \u0259laql\u0259ri strateji s\u0259viyy\u0259y\u0259 \u00e7at\u0131b: &#8220;H\u0259rbi \u0259laq\u0259l\u0259rimizi daha da art\u0131rmaq \u00fc\u00e7\u00fcn \u0259limizd\u0259n g\u0259l\u0259ni ed\u0259c\u0259yik. Qarda\u015f Az\u0259rbaycanda olmaqdan m\u0259mnunam. Bu g\u00fcn 3 dost v\u0259 qarda\u015f \u00f6lk\u0259nin m\u00fcdafi\u0259 r\u0259smil\u0259ri olaraq b\u00f6y\u00fck toplant\u0131 ke\u00e7irm\u0259k \u00fc\u00e7\u00fcn bir araya g\u0259lmi\u015fik. Bu, bizim 3-c\u00fc toplant\u0131m\u0131zd\u0131r. Bir-birimizl\u0259 h\u0259m ikit\u0259r\u0259fli,&hellip;<\/p>\n","protected":false},"author":2,"featured_media":24364,"comment_status":"closed","ping_status":"closed","sticky":false,"template":"","format":"standard","meta":{"om_disable_all_campaigns":false,"_monsterinsights_skip_tracking":false,"_monsterinsights_sitenote_active":false,"_monsterinsights_sitenote_note":"","_monsterinsights_sitenote_category":0},"categories":[4],"tags":[],"aioseo_notices":[],"gutentor_comment":0,"rttpg_featured_image_url":{"full":["https:\/\/arantv.az\/wp-content\/uploads\/2018\/11\/705727.jpg",800,600,false],"landscape":["https:\/\/arantv.az\/wp-content\/uploads\/2018\/11\/705727.jpg",800,600,false],"portraits":["https:\/\/arantv.az\/wp-content\/uploads\/2018\/11\/705727.jpg",800,600,false],"thumbnail":["https:\/\/arantv.az\/wp-content\/uploads\/2018\/11\/705727-150x150.jpg",150,150,true],"medium":["https:\/\/arantv.az\/wp-content\/uploads\/2018\/11\/705727-300x225.jpg",300,225,true],"large":["https:\/\/arantv.az\/wp-content\/uploads\/2018\/11\/705727.jpg",640,480,false],"1536x1536":["https:\/\/arantv.az\/wp-content\/uploads\/2018\/11\/705727.jpg",800,600,false],"2048x2048":["https:\/\/arantv.az\/wp-content\/uploads\/2018\/11\/705727.jpg",800,600,false],"post-thumbnail":["https:\/\/arantv.az\/wp-content\/uploads\/2018\/11\/705727-240x172.jpg",240,172,true],"advps-thumb-one":["https:\/\/arantv.az\/wp-content\/uploads\/2018\/11\/705727.jpg",800,600,false]},"rttpg_author":{"display_name":"V\u00fcsal Rafiqo\u011flu","author_link":"https:\/\/arantv.az\/?author=2"},"rttpg_comment":0,"rttpg_category":"<a href=\"https:\/\/arantv.az\/?cat=4\" rel=\"category\">Siyas\u0259t<\/a>","rttpg_excerpt":"Az\u0259rbaycan, T\u00fcrkiy\u0259 v\u0259 G\u00fcrc\u00fcstan\u0131n h\u0259rbi \u0259laq\u0259l\u0259ri m\u00fck\u0259mm\u0259l \u015f\u0259kild\u0259 geni\u015fl\u0259nir. ARANTV.AZ trend-\u0259 istinad\u0259n x\u0259b\u0259r verir ki, bunu Bak\u0131da Az\u0259rbaycan\u0131n m\u00fcdafi\u0259 naziri v\u0259 G\u00fcrc\u00fcstan Silahl\u0131 Q\u00fcvv\u0259l\u0259rinin Ba\u015f Q\u0259rargah r\u0259isi, general-mayor Vladimer \u00c7a\u00e7ibaia il\u0259 \u00fc\u00e7t\u0259r\u0259fli g\u00f6r\u00fc\u015f\u00fcnd\u0259 T\u00fcrkiy\u0259nin Ba\u015f Q\u0259rargah r\u0259isi, ordu general\u0131 Ya\u015far G\u00fcler deyib. O bildirib ki, h\u0259r \u00fc\u00e7 \u00f6lk\u0259nin h\u0259rbi \u0259laql\u0259ri strateji s\u0259viyy\u0259y\u0259 \u00e7at\u0131b: &#8220;H\u0259rbi \u0259laq\u0259l\u0259rimizi&hellip;","_links":{"self":[{"href":"https:\/\/arantv.az\/index.php?rest_route=\/wp\/v2\/posts\/24363"}],"collection":[{"href":"https:\/\/arantv.az\/index.php?rest_route=\/wp\/v2\/posts"}],"about":[{"href":"https:\/\/arantv.az\/index.php?rest_route=\/wp\/v2\/types\/post"}],"author":[{"embeddable":true,"href":"https:\/\/arantv.az\/index.php?rest_route=\/wp\/v2\/users\/2"}],"replies":[{"embeddable":true,"href":"https:\/\/arantv.az\/index.php?rest_route=%2Fwp%2Fv2%2Fcomments&post=24363"}],"version-history":[{"count":0,"href":"https:\/\/arantv.az\/index.php?rest_route=\/wp\/v2\/posts\/24363\/revisions"}],"wp:featuredmedia":[{"embeddable":true,"href":"https:\/\/arantv.az\/index.php?rest_route=\/wp\/v2\/media\/24364"}],"wp:attachment":[{"href":"https:\/\/arantv.az\/index.php?rest_route=%2Fwp%2Fv2%2Fmedia&parent=24363"}],"wp:term":[{"taxonomy":"category","embeddable":true,"href":"https:\/\/arantv.az\/index.php?rest_route=%2Fwp%2Fv2%2Fcategories&post=24363"},{"taxonomy":"post_tag","embeddable":true,"href":"https:\/\/arantv.az\/index.php?rest_route=%2Fwp%2Fv2%2Ftags&post=24363"}],"curies":[{"name":"wp","href":"https:\/\/api.w.org\/{rel}","templated":true}]}}