{"id":24366,"date":"2018-11-21T10:52:46","date_gmt":"2018-11-21T07:52:46","guid":{"rendered":"http:\/\/arantv.az\/?p=24366"},"modified":"2018-11-21T10:52:46","modified_gmt":"2018-11-21T07:52:46","slug":"hava-il%c9%99-bagli-surucul%c9%99r%c9%99-x%c9%99b%c9%99rdarliq-edildi","status":"publish","type":"post","link":"https:\/\/arantv.az\/?p=24366","title":{"rendered":"Hava il\u0259 ba\u011fl\u0131 s\u00fcr\u00fcc\u00fcl\u0259r\u0259 X\u018fB\u018fRDARLIQ edildi"},"content":{"rendered":"<p><strong>Bak\u0131 \u015e\u0259h\u0259r \u0130cra Hakimiyy\u0259ti (B\u015e\u0130H) g\u00fccl\u00fc k\u00fcl\u0259kl\u0259 ba\u011fl\u0131 paytaxt s\u00fcr\u00fcc\u00fcl\u0259rin\u0259 x\u0259b\u0259rdarl\u0131q edib.<\/strong><\/p>\n<p><strong>ARANTV.AZ<\/strong>\u00a0 x\u0259b\u0259r verir ki, B\u015e\u0130H Ya\u015f\u0131lla\u015fd\u0131rma T\u0259s\u0259rr\u00fcfat\u0131 Birliyinin Bitkil\u0259rin m\u00fchafiz\u0259si \u015f\u00f6b\u0259sinin r\u0259isi Orxan M\u0259mm\u0259dov trend-\u0259 bildirib ki, s\u00fcr\u00fcc\u00fcl\u0259r bir \u00e7ox hallarda avtomobill\u0259rini m\u0259hz a\u011faclar\u0131n alt\u0131nda saxlay\u0131rlar ki, bu da k\u00fcl\u0259kli havada \u00e7ox t\u0259hl\u00fck\u0259lidir:<\/p>\n<p>&#8220;S\u00fcr\u00fcc\u00fcl\u0259rd\u0259n xahi\u015f edirik ki, avtomobill\u0259rini h\u00fcnd\u00fcr v\u0259 iri g\u00f6vd\u0259li a\u011faclar\u0131n alt\u0131nda park etm\u0259sinl\u0259r&#8221;.<\/p>\n<div id=\"AdributorNativeVideo0\" class=\"AdributorNativeVideo\"><\/div>\n<p>\u015e\u00f6b\u0259 r\u0259isi qeyd edib ki, \u00fcmumiyy\u0259tl\u0259 normal hava \u015f\u0259raitind\u0259 d\u0259 avtomobill\u0259rin a\u011faclar\u0131n alt\u0131nda park edilm\u0259si t\u00f6vsiy\u0259 olunmur.<\/p>\n","protected":false},"excerpt":{"rendered":"<p>Bak\u0131 \u015e\u0259h\u0259r \u0130cra Hakimiyy\u0259ti (B\u015e\u0130H) g\u00fccl\u00fc k\u00fcl\u0259kl\u0259 ba\u011fl\u0131 paytaxt s\u00fcr\u00fcc\u00fcl\u0259rin\u0259 x\u0259b\u0259rdarl\u0131q edib. ARANTV.AZ\u00a0 x\u0259b\u0259r verir ki, B\u015e\u0130H Ya\u015f\u0131lla\u015fd\u0131rma T\u0259s\u0259rr\u00fcfat\u0131 Birliyinin Bitkil\u0259rin m\u00fchafiz\u0259si \u015f\u00f6b\u0259sinin r\u0259isi Orxan M\u0259mm\u0259dov trend-\u0259 bildirib ki, s\u00fcr\u00fcc\u00fcl\u0259r bir \u00e7ox hallarda avtomobill\u0259rini m\u0259hz a\u011faclar\u0131n alt\u0131nda saxlay\u0131rlar ki, bu da k\u00fcl\u0259kli havada \u00e7ox t\u0259hl\u00fck\u0259lidir: &#8220;S\u00fcr\u00fcc\u00fcl\u0259rd\u0259n xahi\u015f edirik ki, avtomobill\u0259rini h\u00fcnd\u00fcr v\u0259 iri g\u00f6vd\u0259li a\u011faclar\u0131n alt\u0131nda park etm\u0259sinl\u0259r&#8221;. \u015e\u00f6b\u0259 r\u0259isi qeyd edib ki, \u00fcmumiyy\u0259tl\u0259 normal hava \u015f\u0259raitind\u0259 d\u0259 avtomobill\u0259rin a\u011faclar\u0131n alt\u0131nda park edilm\u0259si t\u00f6vsiy\u0259 olunmur.<\/p>\n","protected":false},"author":2,"featured_media":24367,"comment_status":"closed","ping_status":"closed","sticky":false,"template":"","format":"standard","meta":{"om_disable_all_campaigns":false,"_monsterinsights_skip_tracking":false,"_monsterinsights_sitenote_active":false,"_monsterinsights_sitenote_note":"","_monsterinsights_sitenote_category":0},"categories":[1],"tags":[],"aioseo_notices":[],"gutentor_comment":0,"rttpg_featured_image_url":{"full":["https:\/\/arantv.az\/wp-content\/uploads\/2018\/11\/675110_000.jpg",800,600,false],"landscape":["https:\/\/arantv.az\/wp-content\/uploads\/2018\/11\/675110_000.jpg",800,600,false],"portraits":["https:\/\/arantv.az\/wp-content\/uploads\/2018\/11\/675110_000.jpg",800,600,false],"thumbnail":["https:\/\/arantv.az\/wp-content\/uploads\/2018\/11\/675110_000-150x150.jpg",150,150,true],"medium":["https:\/\/arantv.az\/wp-content\/uploads\/2018\/11\/675110_000-300x225.jpg",300,225,true],"large":["https:\/\/arantv.az\/wp-content\/uploads\/2018\/11\/675110_000.jpg",640,480,false],"1536x1536":["https:\/\/arantv.az\/wp-content\/uploads\/2018\/11\/675110_000.jpg",800,600,false],"2048x2048":["https:\/\/arantv.az\/wp-content\/uploads\/2018\/11\/675110_000.jpg",800,600,false],"post-thumbnail":["https:\/\/arantv.az\/wp-content\/uploads\/2018\/11\/675110_000-240x172.jpg",240,172,true],"advps-thumb-one":["https:\/\/arantv.az\/wp-content\/uploads\/2018\/11\/675110_000.jpg",800,600,false]},"rttpg_author":{"display_name":"V\u00fcsal Rafiqo\u011flu","author_link":"https:\/\/arantv.az\/?author=2"},"rttpg_comment":0,"rttpg_category":"<a href=\"https:\/\/arantv.az\/?cat=1\" rel=\"category\">C\u0259miyy\u0259t<\/a>","rttpg_excerpt":"Bak\u0131 \u015e\u0259h\u0259r \u0130cra Hakimiyy\u0259ti (B\u015e\u0130H) g\u00fccl\u00fc k\u00fcl\u0259kl\u0259 ba\u011fl\u0131 paytaxt s\u00fcr\u00fcc\u00fcl\u0259rin\u0259 x\u0259b\u0259rdarl\u0131q edib. ARANTV.AZ\u00a0 x\u0259b\u0259r verir ki, B\u015e\u0130H Ya\u015f\u0131lla\u015fd\u0131rma T\u0259s\u0259rr\u00fcfat\u0131 Birliyinin Bitkil\u0259rin m\u00fchafiz\u0259si \u015f\u00f6b\u0259sinin r\u0259isi Orxan M\u0259mm\u0259dov trend-\u0259 bildirib ki, s\u00fcr\u00fcc\u00fcl\u0259r bir \u00e7ox hallarda avtomobill\u0259rini m\u0259hz a\u011faclar\u0131n alt\u0131nda saxlay\u0131rlar ki, bu da k\u00fcl\u0259kli havada \u00e7ox t\u0259hl\u00fck\u0259lidir: &#8220;S\u00fcr\u00fcc\u00fcl\u0259rd\u0259n xahi\u015f edirik ki, avtomobill\u0259rini h\u00fcnd\u00fcr v\u0259 iri g\u00f6vd\u0259li a\u011faclar\u0131n&hellip;","_links":{"self":[{"href":"https:\/\/arantv.az\/index.php?rest_route=\/wp\/v2\/posts\/24366"}],"collection":[{"href":"https:\/\/arantv.az\/index.php?rest_route=\/wp\/v2\/posts"}],"about":[{"href":"https:\/\/arantv.az\/index.php?rest_route=\/wp\/v2\/types\/post"}],"author":[{"embeddable":true,"href":"https:\/\/arantv.az\/index.php?rest_route=\/wp\/v2\/users\/2"}],"replies":[{"embeddable":true,"href":"https:\/\/arantv.az\/index.php?rest_route=%2Fwp%2Fv2%2Fcomments&post=24366"}],"version-history":[{"count":0,"href":"https:\/\/arantv.az\/index.php?rest_route=\/wp\/v2\/posts\/24366\/revisions"}],"wp:featuredmedia":[{"embeddable":true,"href":"https:\/\/arantv.az\/index.php?rest_route=\/wp\/v2\/media\/24367"}],"wp:attachment":[{"href":"https:\/\/arantv.az\/index.php?rest_route=%2Fwp%2Fv2%2Fmedia&parent=24366"}],"wp:term":[{"taxonomy":"category","embeddable":true,"href":"https:\/\/arantv.az\/index.php?rest_route=%2Fwp%2Fv2%2Fcategories&post=24366"},{"taxonomy":"post_tag","embeddable":true,"href":"https:\/\/arantv.az\/index.php?rest_route=%2Fwp%2Fv2%2Ftags&post=24366"}],"curies":[{"name":"wp","href":"https:\/\/api.w.org\/{rel}","templated":true}]}}