{"id":24369,"date":"2018-11-21T10:53:48","date_gmt":"2018-11-21T07:53:48","guid":{"rendered":"http:\/\/arantv.az\/?p=24369"},"modified":"2018-11-21T10:53:48","modified_gmt":"2018-11-21T07:53:48","slug":"bas-q%c9%99rargah-r%c9%99isi-regional-layih%c9%99l%c9%99rin-t%c9%99hluk%c9%99sizliyinin-t%c9%99min-edilm%c9%99si-baximindan-%c9%99m%c9%99kdasliq-ugurla-davam-edir","status":"publish","type":"post","link":"https:\/\/arantv.az\/?p=24369","title":{"rendered":"Ba\u015f Q\u0259rargah r\u0259isi: &#8220;Regional layih\u0259l\u0259rin t\u0259hl\u00fck\u0259sizliyinin t\u0259min edilm\u0259si bax\u0131m\u0131ndan \u0259m\u0259kda\u015fl\u0131q u\u011furla davam edir&#8221;"},"content":{"rendered":"<blockquote><p><strong><em>Az\u0259rbaycan, G\u00fcrc\u00fcstan v\u0259 T\u00fcrkiy\u0259 \u0259laq\u0259l\u0259rinin \u0259laq\u0259l\u0259rinin b\u00f6y\u00fck tarixi var.<\/em><\/strong><\/p><\/blockquote>\n<p><strong>ARANTV.AZ<\/strong> trend-\u0259 istinad\u0259n x\u0259b\u0259r verir ki, bunu Bak\u0131da Az\u0259rbaycan M\u00fcdafi\u0259 Nazirliyi v\u0259 T\u00fcrkiy\u0259 Ba\u015f Q\u0259rargah r\u0259isi il\u0259 \u00fc\u00e7t\u0259r\u0259fli g\u00f6r\u00fc\u015fd\u0259 G\u00fcrc\u00fcstan Silahl\u0131 Q\u00fcvv\u0259l\u0259rinin Ba\u015f Q\u0259rargah r\u0259isi, general-mayor Vladimer \u00c7a\u00e7ibaia deyib.<\/p>\n<p>O bildirib ki, h\u0259r 3 d\u00f6vl\u0259t regionda strateji t\u0259r\u0259fda\u015fd\u0131r: &#8220;Strateji t\u0259r\u0259fda\u015fl\u0131q \u00e7\u0259r\u00e7iv\u0259sind\u0259 h\u0259rbi \u0259m\u0259kda\u015fl\u0131\u011f\u0131m\u0131z da \u00e7ox m\u00fch\u00fcmd\u00fcr. Regional layih\u0259l\u0259rin t\u0259hl\u00fck\u0259sizliyinin t\u0259min edilm\u0259si bax\u0131m\u0131ndan \u0259m\u0259kda\u015fl\u0131q u\u011furla davam edir. Biz ba\u015fa d\u00fc\u015f\u00fcr\u00fck ki, bu, \u00e7ox \u0259h\u0259miyy\u0259tli g\u00f6r\u00fc\u015fd\u00fcr&#8221;.<\/p>\n","protected":false},"excerpt":{"rendered":"<p>Az\u0259rbaycan, G\u00fcrc\u00fcstan v\u0259 T\u00fcrkiy\u0259 \u0259laq\u0259l\u0259rinin \u0259laq\u0259l\u0259rinin b\u00f6y\u00fck tarixi var. ARANTV.AZ trend-\u0259 istinad\u0259n x\u0259b\u0259r verir ki, bunu Bak\u0131da Az\u0259rbaycan M\u00fcdafi\u0259 Nazirliyi v\u0259 T\u00fcrkiy\u0259 Ba\u015f Q\u0259rargah r\u0259isi il\u0259 \u00fc\u00e7t\u0259r\u0259fli g\u00f6r\u00fc\u015fd\u0259 G\u00fcrc\u00fcstan Silahl\u0131 Q\u00fcvv\u0259l\u0259rinin Ba\u015f Q\u0259rargah r\u0259isi, general-mayor Vladimer \u00c7a\u00e7ibaia deyib. O bildirib ki, h\u0259r 3 d\u00f6vl\u0259t regionda strateji t\u0259r\u0259fda\u015fd\u0131r: &#8220;Strateji t\u0259r\u0259fda\u015fl\u0131q \u00e7\u0259r\u00e7iv\u0259sind\u0259 h\u0259rbi \u0259m\u0259kda\u015fl\u0131\u011f\u0131m\u0131z da \u00e7ox m\u00fch\u00fcmd\u00fcr. Regional layih\u0259l\u0259rin t\u0259hl\u00fck\u0259sizliyinin t\u0259min edilm\u0259si bax\u0131m\u0131ndan \u0259m\u0259kda\u015fl\u0131q u\u011furla davam edir. Biz ba\u015fa d\u00fc\u015f\u00fcr\u00fck ki, bu, \u00e7ox \u0259h\u0259miyy\u0259tli g\u00f6r\u00fc\u015fd\u00fcr&#8221;.<\/p>\n","protected":false},"author":2,"featured_media":24370,"comment_status":"closed","ping_status":"closed","sticky":false,"template":"","format":"standard","meta":{"om_disable_all_campaigns":false,"_monsterinsights_skip_tracking":false,"_monsterinsights_sitenote_active":false,"_monsterinsights_sitenote_note":"","_monsterinsights_sitenote_category":0},"categories":[1],"tags":[],"aioseo_notices":[],"gutentor_comment":0,"rttpg_featured_image_url":{"full":["https:\/\/arantv.az\/wp-content\/uploads\/2018\/11\/705717.jpg",800,600,false],"landscape":["https:\/\/arantv.az\/wp-content\/uploads\/2018\/11\/705717.jpg",800,600,false],"portraits":["https:\/\/arantv.az\/wp-content\/uploads\/2018\/11\/705717.jpg",800,600,false],"thumbnail":["https:\/\/arantv.az\/wp-content\/uploads\/2018\/11\/705717-150x150.jpg",150,150,true],"medium":["https:\/\/arantv.az\/wp-content\/uploads\/2018\/11\/705717-300x225.jpg",300,225,true],"large":["https:\/\/arantv.az\/wp-content\/uploads\/2018\/11\/705717.jpg",640,480,false],"1536x1536":["https:\/\/arantv.az\/wp-content\/uploads\/2018\/11\/705717.jpg",800,600,false],"2048x2048":["https:\/\/arantv.az\/wp-content\/uploads\/2018\/11\/705717.jpg",800,600,false],"post-thumbnail":["https:\/\/arantv.az\/wp-content\/uploads\/2018\/11\/705717-240x172.jpg",240,172,true],"advps-thumb-one":["https:\/\/arantv.az\/wp-content\/uploads\/2018\/11\/705717.jpg",800,600,false]},"rttpg_author":{"display_name":"V\u00fcsal Rafiqo\u011flu","author_link":"https:\/\/arantv.az\/?author=2"},"rttpg_comment":0,"rttpg_category":"<a href=\"https:\/\/arantv.az\/?cat=1\" rel=\"category\">C\u0259miyy\u0259t<\/a>","rttpg_excerpt":"Az\u0259rbaycan, G\u00fcrc\u00fcstan v\u0259 T\u00fcrkiy\u0259 \u0259laq\u0259l\u0259rinin \u0259laq\u0259l\u0259rinin b\u00f6y\u00fck tarixi var. ARANTV.AZ trend-\u0259 istinad\u0259n x\u0259b\u0259r verir ki, bunu Bak\u0131da Az\u0259rbaycan M\u00fcdafi\u0259 Nazirliyi v\u0259 T\u00fcrkiy\u0259 Ba\u015f Q\u0259rargah r\u0259isi il\u0259 \u00fc\u00e7t\u0259r\u0259fli g\u00f6r\u00fc\u015fd\u0259 G\u00fcrc\u00fcstan Silahl\u0131 Q\u00fcvv\u0259l\u0259rinin Ba\u015f Q\u0259rargah r\u0259isi, general-mayor Vladimer \u00c7a\u00e7ibaia deyib. O bildirib ki, h\u0259r 3 d\u00f6vl\u0259t regionda strateji t\u0259r\u0259fda\u015fd\u0131r: &#8220;Strateji t\u0259r\u0259fda\u015fl\u0131q \u00e7\u0259r\u00e7iv\u0259sind\u0259 h\u0259rbi \u0259m\u0259kda\u015fl\u0131\u011f\u0131m\u0131z da \u00e7ox m\u00fch\u00fcmd\u00fcr.&hellip;","_links":{"self":[{"href":"https:\/\/arantv.az\/index.php?rest_route=\/wp\/v2\/posts\/24369"}],"collection":[{"href":"https:\/\/arantv.az\/index.php?rest_route=\/wp\/v2\/posts"}],"about":[{"href":"https:\/\/arantv.az\/index.php?rest_route=\/wp\/v2\/types\/post"}],"author":[{"embeddable":true,"href":"https:\/\/arantv.az\/index.php?rest_route=\/wp\/v2\/users\/2"}],"replies":[{"embeddable":true,"href":"https:\/\/arantv.az\/index.php?rest_route=%2Fwp%2Fv2%2Fcomments&post=24369"}],"version-history":[{"count":0,"href":"https:\/\/arantv.az\/index.php?rest_route=\/wp\/v2\/posts\/24369\/revisions"}],"wp:featuredmedia":[{"embeddable":true,"href":"https:\/\/arantv.az\/index.php?rest_route=\/wp\/v2\/media\/24370"}],"wp:attachment":[{"href":"https:\/\/arantv.az\/index.php?rest_route=%2Fwp%2Fv2%2Fmedia&parent=24369"}],"wp:term":[{"taxonomy":"category","embeddable":true,"href":"https:\/\/arantv.az\/index.php?rest_route=%2Fwp%2Fv2%2Fcategories&post=24369"},{"taxonomy":"post_tag","embeddable":true,"href":"https:\/\/arantv.az\/index.php?rest_route=%2Fwp%2Fv2%2Ftags&post=24369"}],"curies":[{"name":"wp","href":"https:\/\/api.w.org\/{rel}","templated":true}]}}