{"id":24372,"date":"2018-11-21T11:05:20","date_gmt":"2018-11-21T08:05:20","guid":{"rendered":"http:\/\/arantv.az\/?p=24372"},"modified":"2018-11-21T11:05:20","modified_gmt":"2018-11-21T08:05:20","slug":"d%c9%99hs%c9%99tli-faci%c9%99-iki-qardas-5-il-f%c9%99rql%c9%99-eyni-yerd%c9%99-oldu","status":"publish","type":"post","link":"https:\/\/arantv.az\/?p=24372","title":{"rendered":"D\u0259h\u015f\u0259tli faci\u0259: iki qarda\u015f 5 il f\u0259rql\u0259 eyni yerd\u0259 \u00f6ld\u00fc"},"content":{"rendered":"<p><strong>D\u00fcn\u0259n gec\u0259 saatlar\u0131nda Zaqatalada ba\u015f vermi\u015f d\u0259h\u015f\u0259tli yol q\u0259zas\u0131 il\u0259 ba\u011fl\u0131 t\u0259f\u0259rr\u00fcatlar \u00fcz\u0259 \u00e7\u0131x\u0131b.<\/strong><\/p>\n<p><strong>ARANTV.AZ<\/strong>-\u0131n x\u0259b\u0259rin\u0259 g\u00f6r\u0259, ax\u015fam, saat 22 rad\u0259l\u0259rind\u0259 Zaqatala-Dana\u00e7\u0131-A\u015fa\u011f\u0131 \u00c7ardaqlar avtomobil yolunun Dana\u00e7\u0131 k\u0259ndi \u0259razisind\u0259n ke\u00e7\u0259n hiss\u0259sind\u0259 idar\u0259 etdiyi \u201cLada Priora\u201d markal\u0131 avtomobili i\u015f\u0131q dir\u0259yin\u0259 vuran Kahayev Emil \u015eamil o\u011flu hadis\u0259 vaxt\u0131 s\u0259rxo\u015f v\u0259ziyy\u0259td\u0259 olub.<\/p>\n<p>Bel\u0259 ki, 29 ya\u015fl\u0131 Emil rayon \u0259razisind\u0259ki \u201cAysel\u201d \u015fadl\u0131q saray\u0131nda qohumunun toy m\u0259rasimind\u0259 i\u015ftirak edib. O, toydan sonra i\u00e7kili v\u0259ziyy\u0259td\u0259 s\u00fckan arxas\u0131na \u0259yl\u0259\u015f\u0259r\u0259k ya\u015fad\u0131\u011f\u0131 A\u015fa\u011f\u0131 \u00c7ardaqlar k\u0259ndin\u0259 getm\u0259k ist\u0259yib. Qohumlar\u0131 g\u0259nc o\u011flana mane olma\u011fa, onun s\u0259rxo\u015f olmas\u0131 s\u0259b\u0259bind\u0259n ma\u015f\u0131n s\u00fcrm\u0259m\u0259sini dem\u0259l\u0259rin\u0259 baxmayaraq Emil h\u0259mk\u0259ndlisi, 21 ya\u015fl\u0131 Amid \u015eabanovla yola \u00e7\u0131x\u0131b. Bir q\u0259d\u0259r ke\u00e7\u0259nd\u0259n sonra o, ma\u015f\u0131n\u0131 s\u00fcr\u0259tl\u0259 i\u015f\u0131q dir\u0259yin\u0259 vurub v\u0259 hadis\u0259 yerind\u0259c\u0259 ke\u00e7inib. 21 ya\u015fl\u0131 Amid is\u0259 x\u0259st\u0259xanada v\u0259fat edib.<\/p>\n<p>Bildirilir ki, v\u0259fat ed\u0259n Amid \u015eabanov subay, Emil Kahayev is\u0259 ail\u0259li olub. Onun iki k\u00f6rp\u0259 q\u0131z\u0131 var imi\u015f.<\/p>\n<p>Qeyd ed\u0259k ki, d\u00fcn\u0259n q\u0259zan\u0131n ba\u015f verdiyi yerd\u0259 2013-c\u00fc ild\u0259 Emilin b\u00f6y\u00fck qarda\u015f\u0131 El\u00e7in Kahayev idar\u0259 etdiyi \u201cNissan-Tiana\u201d markal\u0131 avtoma\u015f\u0131nla d\u0259h\u015f\u0259tli yol q\u0259zas\u0131 t\u00f6r\u0259dib v\u0259 h\u0259min q\u0259zada h\u0259lak olub. H\u0259min q\u0259zada daha 1 n\u0259f\u0259r d\u0259 \u00f6lm\u00fc\u015f, 3 n\u0259f\u0259r is\u0259 x\u0259st\u0259xanaya yerl\u0259\u015fdirilmi\u015fdi.publika.az<\/p>\n","protected":false},"excerpt":{"rendered":"<p>D\u00fcn\u0259n gec\u0259 saatlar\u0131nda Zaqatalada ba\u015f vermi\u015f d\u0259h\u015f\u0259tli yol q\u0259zas\u0131 il\u0259 ba\u011fl\u0131 t\u0259f\u0259rr\u00fcatlar \u00fcz\u0259 \u00e7\u0131x\u0131b. ARANTV.AZ-\u0131n x\u0259b\u0259rin\u0259 g\u00f6r\u0259, ax\u015fam, saat 22 rad\u0259l\u0259rind\u0259 Zaqatala-Dana\u00e7\u0131-A\u015fa\u011f\u0131 \u00c7ardaqlar avtomobil yolunun Dana\u00e7\u0131 k\u0259ndi \u0259razisind\u0259n ke\u00e7\u0259n hiss\u0259sind\u0259 idar\u0259 etdiyi \u201cLada Priora\u201d markal\u0131 avtomobili i\u015f\u0131q dir\u0259yin\u0259 vuran Kahayev Emil \u015eamil o\u011flu hadis\u0259 vaxt\u0131 s\u0259rxo\u015f v\u0259ziyy\u0259td\u0259 olub. Bel\u0259 ki, 29 ya\u015fl\u0131 Emil rayon \u0259razisind\u0259ki \u201cAysel\u201d \u015fadl\u0131q saray\u0131nda qohumunun toy m\u0259rasimind\u0259 i\u015ftirak edib. O, toydan sonra i\u00e7kili v\u0259ziyy\u0259td\u0259 s\u00fckan arxas\u0131na \u0259yl\u0259\u015f\u0259r\u0259k ya\u015fad\u0131\u011f\u0131 A\u015fa\u011f\u0131 \u00c7ardaqlar k\u0259ndin\u0259 getm\u0259k ist\u0259yib. Qohumlar\u0131 g\u0259nc o\u011flana mane olma\u011fa, onun s\u0259rxo\u015f olmas\u0131 s\u0259b\u0259bind\u0259n ma\u015f\u0131n s\u00fcrm\u0259m\u0259sini dem\u0259l\u0259rin\u0259 baxmayaraq&hellip;<\/p>\n","protected":false},"author":2,"featured_media":24373,"comment_status":"closed","ping_status":"closed","sticky":false,"template":"","format":"standard","meta":{"om_disable_all_campaigns":false,"_monsterinsights_skip_tracking":false,"_monsterinsights_sitenote_active":false,"_monsterinsights_sitenote_note":"","_monsterinsights_sitenote_category":0},"categories":[5],"tags":[],"aioseo_notices":[],"gutentor_comment":0,"rttpg_featured_image_url":{"full":["https:\/\/arantv.az\/wp-content\/uploads\/2018\/11\/mersedes-qeza.jpg",500,281,false],"landscape":["https:\/\/arantv.az\/wp-content\/uploads\/2018\/11\/mersedes-qeza.jpg",500,281,false],"portraits":["https:\/\/arantv.az\/wp-content\/uploads\/2018\/11\/mersedes-qeza.jpg",500,281,false],"thumbnail":["https:\/\/arantv.az\/wp-content\/uploads\/2018\/11\/mersedes-qeza-150x150.jpg",150,150,true],"medium":["https:\/\/arantv.az\/wp-content\/uploads\/2018\/11\/mersedes-qeza-300x169.jpg",300,169,true],"large":["https:\/\/arantv.az\/wp-content\/uploads\/2018\/11\/mersedes-qeza.jpg",500,281,false],"1536x1536":["https:\/\/arantv.az\/wp-content\/uploads\/2018\/11\/mersedes-qeza.jpg",500,281,false],"2048x2048":["https:\/\/arantv.az\/wp-content\/uploads\/2018\/11\/mersedes-qeza.jpg",500,281,false],"post-thumbnail":["https:\/\/arantv.az\/wp-content\/uploads\/2018\/11\/mersedes-qeza-240x172.jpg",240,172,true],"advps-thumb-one":["https:\/\/arantv.az\/wp-content\/uploads\/2018\/11\/mersedes-qeza.jpg",500,281,false]},"rttpg_author":{"display_name":"V\u00fcsal Rafiqo\u011flu","author_link":"https:\/\/arantv.az\/?author=2"},"rttpg_comment":0,"rttpg_category":"<a href=\"https:\/\/arantv.az\/?cat=5\" rel=\"category\">Hadis\u0259<\/a>","rttpg_excerpt":"D\u00fcn\u0259n gec\u0259 saatlar\u0131nda Zaqatalada ba\u015f vermi\u015f d\u0259h\u015f\u0259tli yol q\u0259zas\u0131 il\u0259 ba\u011fl\u0131 t\u0259f\u0259rr\u00fcatlar \u00fcz\u0259 \u00e7\u0131x\u0131b. ARANTV.AZ-\u0131n x\u0259b\u0259rin\u0259 g\u00f6r\u0259, ax\u015fam, saat 22 rad\u0259l\u0259rind\u0259 Zaqatala-Dana\u00e7\u0131-A\u015fa\u011f\u0131 \u00c7ardaqlar avtomobil yolunun Dana\u00e7\u0131 k\u0259ndi \u0259razisind\u0259n ke\u00e7\u0259n hiss\u0259sind\u0259 idar\u0259 etdiyi \u201cLada Priora\u201d markal\u0131 avtomobili i\u015f\u0131q dir\u0259yin\u0259 vuran Kahayev Emil \u015eamil o\u011flu hadis\u0259 vaxt\u0131 s\u0259rxo\u015f v\u0259ziyy\u0259td\u0259 olub. Bel\u0259 ki, 29 ya\u015fl\u0131 Emil rayon \u0259razisind\u0259ki&hellip;","_links":{"self":[{"href":"https:\/\/arantv.az\/index.php?rest_route=\/wp\/v2\/posts\/24372"}],"collection":[{"href":"https:\/\/arantv.az\/index.php?rest_route=\/wp\/v2\/posts"}],"about":[{"href":"https:\/\/arantv.az\/index.php?rest_route=\/wp\/v2\/types\/post"}],"author":[{"embeddable":true,"href":"https:\/\/arantv.az\/index.php?rest_route=\/wp\/v2\/users\/2"}],"replies":[{"embeddable":true,"href":"https:\/\/arantv.az\/index.php?rest_route=%2Fwp%2Fv2%2Fcomments&post=24372"}],"version-history":[{"count":0,"href":"https:\/\/arantv.az\/index.php?rest_route=\/wp\/v2\/posts\/24372\/revisions"}],"wp:featuredmedia":[{"embeddable":true,"href":"https:\/\/arantv.az\/index.php?rest_route=\/wp\/v2\/media\/24373"}],"wp:attachment":[{"href":"https:\/\/arantv.az\/index.php?rest_route=%2Fwp%2Fv2%2Fmedia&parent=24372"}],"wp:term":[{"taxonomy":"category","embeddable":true,"href":"https:\/\/arantv.az\/index.php?rest_route=%2Fwp%2Fv2%2Fcategories&post=24372"},{"taxonomy":"post_tag","embeddable":true,"href":"https:\/\/arantv.az\/index.php?rest_route=%2Fwp%2Fv2%2Ftags&post=24372"}],"curies":[{"name":"wp","href":"https:\/\/api.w.org\/{rel}","templated":true}]}}