{"id":24375,"date":"2018-11-21T11:07:13","date_gmt":"2018-11-21T08:07:13","guid":{"rendered":"http:\/\/arantv.az\/?p=24375"},"modified":"2018-11-21T11:07:13","modified_gmt":"2018-11-21T08:07:13","slug":"abel-m%c9%99h%c9%99rr%c9%99mov-danisdi-bu-soudan-%c9%99l-c%c9%99kin","status":"publish","type":"post","link":"https:\/\/arantv.az\/?p=24375","title":{"rendered":"Abel M\u0259h\u0259rr\u0259mov dan\u0131\u015fd\u0131 &#8211; \u201cBu \u015foudan \u0259l \u00e7\u0259kin\u201d"},"content":{"rendered":"<p><strong>Bak\u0131 D\u00f6vl\u0259t Universitetinin (BDU) sabiq rektoru Abel M\u0259h\u0259rr\u0259mov m\u0259tbuatda bar\u0259sind\u0259 yaz\u0131lanlara m\u00fcnasib\u0259t bildirib.<\/strong><\/p>\n<p><strong>ARANTV.AZ<\/strong> \u201cReport\u201da istinad\u0259n x\u0259b\u0259r verir ki, A.M\u0259h\u0259rr\u0259mov jurnalistl\u0259r\u0259 a\u00e7\u0131qlamas\u0131nda deyib ki, yaz\u0131lanlar h\u0259qiq\u0259ti \u0259ks etdirmir.<\/p>\n<p>O qeyd edib ki, Prezident \u0130lham \u018fliyevin s\u0259r\u0259ncam\u0131 m\u00fczakir\u0259 olunmur, icra olunur: \u201cPrezident s\u0259r\u0259ncamla kimis\u0259 v\u0259zif\u0259y\u0259 t\u0259yin edir, v\u0259zif\u0259d\u0259n azad edir v\u0259 s. Bu, t\u0259bii q\u0259bul olunmal\u0131d\u0131r. M\u0259n 1969-cu ild\u0259n Heyd\u0259r \u018fliyev\u00e7i olmu\u015fam. Bu g\u00fcn d\u0259 d\u00f6vl\u0259t\u00e7iliy\u0259 xidm\u0259t edir\u0259m. M\u0259n \u0130lham \u018fliyev siyas\u0259tin\u0259 xidm\u0259t ed\u0259n adamam. H\u0259yatda h\u0259r \u015fey ola bilir. \u018ffsuslar olsun ki, b\u0259zi m\u0259tbuat orqanlar\u0131 m\u0259nim Bak\u0131 D\u00f6vl\u0259t Universitetinin rektoru v\u0259zif\u0259sind\u0259n azad olunmam\u0131 \u015fouya \u00e7evirm\u0259k ist\u0259yirl\u0259r, bu da d\u00fczg\u00fcn deyil. Ziyal\u0131l\u0131\u011f\u0131, milli mentalitetimizi qorumaq laz\u0131md\u0131r. Elm zirv\u0259sin\u0259 qalxan adamlara d\u0259y\u0259r verm\u0259k laz\u0131md\u0131r. Mediaya \u00fcz\u00fcm\u00fc tutaraq deyir\u0259m: Bu \u015foulardan \u0259l \u00e7\u0259kin! Bunun he\u00e7 k\u0259s\u0259 xeyri yoxdur. Bu, mill\u0259ti geri \u00e7\u0259km\u0259k dem\u0259kdir. Allah Prezidentimizin can\u0131n\u0131 sa\u011f el\u0259sin. O, h\u0259r \u015fey\u0259 d\u00fczg\u00fcn q\u0259rar verir, ona g\u00f6r\u0259 d\u0259 s\u0259r\u0259ncam\u0131 do\u011fru q\u0259bul edir\u0259m. 20 il\u0259 yax\u0131n idi ki, Bak\u0131 D\u00f6vl\u0259t Universitetinin rektoru v\u0259zif\u0259sind\u0259 \u00e7al\u0131\u015fm\u0131\u015fam. Bu m\u00fcdd\u0259td\u0259 \u015f\u0259r\u0259fl\u0259, l\u0259yaq\u0259tl\u0259 i\u015fl\u0259mi\u015f\u0259m. Amma indi m\u0259sl\u0259h\u0259t oldu ki, bir q\u0259d\u0259r d\u0259 istirah\u0259t edim\u201d.<\/p>\n<p>Sabiq rektor o\u011flu, Az\u0259rbaycan\u0131n \u0130spaniyadak\u0131 s\u0259firi Anar M\u0259h\u0259rr\u0259mov bar\u0259sind\u0259 yaz\u0131lanlara da m\u00fcnasib\u0259t bildirib: \u201cO\u011flum da m\u0259nim kimi Heyd\u0259r \u018fliyev siyasi kursuna s\u0259daq\u0259tl\u0259 xidm\u0259t ed\u0259n adamd\u0131r. Sona q\u0259d\u0259r d\u0259 bel\u0259 olacaq\u201d.<\/p>\n<p>Qeyd ed\u0259k ki, bu g\u00fcn A.M\u0259h\u0259rr\u0259mov Yeni Az\u0259rbaycan Partiyas\u0131n\u0131n yaranmas\u0131n\u0131n 26-c\u0131 ild\u00f6n\u00fcm\u00fc il\u0259 ba\u011fl\u0131 ke\u00e7iril\u0259n t\u0259dbirl\u0259rd\u0259 i\u015ftirak edib.<\/p>\n<p><img src=\"http:\/\/qafqazinfo.az\/uploads\/images\/21d06742-fc77-4d96-9e5b-b7e4c526c847.jpg\" alt=\"\" \/><\/p>\n<div class=\"hidden-xs\"><\/div>\n<p>&nbsp;<\/p>\n","protected":false},"excerpt":{"rendered":"<p>Bak\u0131 D\u00f6vl\u0259t Universitetinin (BDU) sabiq rektoru Abel M\u0259h\u0259rr\u0259mov m\u0259tbuatda bar\u0259sind\u0259 yaz\u0131lanlara m\u00fcnasib\u0259t bildirib. ARANTV.AZ \u201cReport\u201da istinad\u0259n x\u0259b\u0259r verir ki, A.M\u0259h\u0259rr\u0259mov jurnalistl\u0259r\u0259 a\u00e7\u0131qlamas\u0131nda deyib ki, yaz\u0131lanlar h\u0259qiq\u0259ti \u0259ks etdirmir. O qeyd edib ki, Prezident \u0130lham \u018fliyevin s\u0259r\u0259ncam\u0131 m\u00fczakir\u0259 olunmur, icra olunur: \u201cPrezident s\u0259r\u0259ncamla kimis\u0259 v\u0259zif\u0259y\u0259 t\u0259yin edir, v\u0259zif\u0259d\u0259n azad edir v\u0259 s. Bu, t\u0259bii q\u0259bul olunmal\u0131d\u0131r. M\u0259n 1969-cu ild\u0259n Heyd\u0259r \u018fliyev\u00e7i olmu\u015fam. Bu g\u00fcn d\u0259 d\u00f6vl\u0259t\u00e7iliy\u0259 xidm\u0259t edir\u0259m. M\u0259n \u0130lham \u018fliyev siyas\u0259tin\u0259 xidm\u0259t ed\u0259n adamam. H\u0259yatda h\u0259r \u015fey ola bilir. \u018ffsuslar olsun ki, b\u0259zi m\u0259tbuat orqanlar\u0131 m\u0259nim Bak\u0131 D\u00f6vl\u0259t Universitetinin rektoru&hellip;<\/p>\n","protected":false},"author":2,"featured_media":24376,"comment_status":"closed","ping_status":"closed","sticky":false,"template":"","format":"standard","meta":{"om_disable_all_campaigns":false,"_monsterinsights_skip_tracking":false,"_monsterinsights_sitenote_active":false,"_monsterinsights_sitenote_note":"","_monsterinsights_sitenote_category":0},"categories":[4],"tags":[],"aioseo_notices":[],"gutentor_comment":0,"rttpg_featured_image_url":{"full":["https:\/\/arantv.az\/wp-content\/uploads\/2018\/11\/abel.jpg",637,400,false],"landscape":["https:\/\/arantv.az\/wp-content\/uploads\/2018\/11\/abel.jpg",637,400,false],"portraits":["https:\/\/arantv.az\/wp-content\/uploads\/2018\/11\/abel.jpg",637,400,false],"thumbnail":["https:\/\/arantv.az\/wp-content\/uploads\/2018\/11\/abel-150x150.jpg",150,150,true],"medium":["https:\/\/arantv.az\/wp-content\/uploads\/2018\/11\/abel-300x188.jpg",300,188,true],"large":["https:\/\/arantv.az\/wp-content\/uploads\/2018\/11\/abel.jpg",637,400,false],"1536x1536":["https:\/\/arantv.az\/wp-content\/uploads\/2018\/11\/abel.jpg",637,400,false],"2048x2048":["https:\/\/arantv.az\/wp-content\/uploads\/2018\/11\/abel.jpg",637,400,false],"post-thumbnail":["https:\/\/arantv.az\/wp-content\/uploads\/2018\/11\/abel-240x172.jpg",240,172,true],"advps-thumb-one":["https:\/\/arantv.az\/wp-content\/uploads\/2018\/11\/abel.jpg",637,400,false]},"rttpg_author":{"display_name":"V\u00fcsal Rafiqo\u011flu","author_link":"https:\/\/arantv.az\/?author=2"},"rttpg_comment":0,"rttpg_category":"<a href=\"https:\/\/arantv.az\/?cat=4\" rel=\"category\">Siyas\u0259t<\/a>","rttpg_excerpt":"Bak\u0131 D\u00f6vl\u0259t Universitetinin (BDU) sabiq rektoru Abel M\u0259h\u0259rr\u0259mov m\u0259tbuatda bar\u0259sind\u0259 yaz\u0131lanlara m\u00fcnasib\u0259t bildirib. ARANTV.AZ \u201cReport\u201da istinad\u0259n x\u0259b\u0259r verir ki, A.M\u0259h\u0259rr\u0259mov jurnalistl\u0259r\u0259 a\u00e7\u0131qlamas\u0131nda deyib ki, yaz\u0131lanlar h\u0259qiq\u0259ti \u0259ks etdirmir. O qeyd edib ki, Prezident \u0130lham \u018fliyevin s\u0259r\u0259ncam\u0131 m\u00fczakir\u0259 olunmur, icra olunur: \u201cPrezident s\u0259r\u0259ncamla kimis\u0259 v\u0259zif\u0259y\u0259 t\u0259yin edir, v\u0259zif\u0259d\u0259n azad edir v\u0259 s. Bu, t\u0259bii q\u0259bul olunmal\u0131d\u0131r.&hellip;","_links":{"self":[{"href":"https:\/\/arantv.az\/index.php?rest_route=\/wp\/v2\/posts\/24375"}],"collection":[{"href":"https:\/\/arantv.az\/index.php?rest_route=\/wp\/v2\/posts"}],"about":[{"href":"https:\/\/arantv.az\/index.php?rest_route=\/wp\/v2\/types\/post"}],"author":[{"embeddable":true,"href":"https:\/\/arantv.az\/index.php?rest_route=\/wp\/v2\/users\/2"}],"replies":[{"embeddable":true,"href":"https:\/\/arantv.az\/index.php?rest_route=%2Fwp%2Fv2%2Fcomments&post=24375"}],"version-history":[{"count":0,"href":"https:\/\/arantv.az\/index.php?rest_route=\/wp\/v2\/posts\/24375\/revisions"}],"wp:featuredmedia":[{"embeddable":true,"href":"https:\/\/arantv.az\/index.php?rest_route=\/wp\/v2\/media\/24376"}],"wp:attachment":[{"href":"https:\/\/arantv.az\/index.php?rest_route=%2Fwp%2Fv2%2Fmedia&parent=24375"}],"wp:term":[{"taxonomy":"category","embeddable":true,"href":"https:\/\/arantv.az\/index.php?rest_route=%2Fwp%2Fv2%2Fcategories&post=24375"},{"taxonomy":"post_tag","embeddable":true,"href":"https:\/\/arantv.az\/index.php?rest_route=%2Fwp%2Fv2%2Ftags&post=24375"}],"curies":[{"name":"wp","href":"https:\/\/api.w.org\/{rel}","templated":true}]}}