{"id":24380,"date":"2018-11-21T15:55:06","date_gmt":"2018-11-21T12:55:06","guid":{"rendered":"http:\/\/arantv.az\/?p=24380"},"modified":"2018-11-21T15:55:06","modified_gmt":"2018-11-21T12:55:06","slug":"bakida-az%c9%99rbaycan-qazaxistan-g%c9%99ncl%c9%99rinin-forumu-kecirilir","status":"publish","type":"post","link":"https:\/\/arantv.az\/?p=24380","title":{"rendered":"Bak\u0131da Az\u0259rbaycan Qazax\u0131stan G\u0259ncl\u0259rinin forumu ke\u00e7irilir"},"content":{"rendered":"<p><strong>ARANTV.AZ<\/strong> x\u0259b\u0259r verir ki, Bak\u0131da Az\u0259rbaycan-Qazax\u0131stan G\u0259ncl\u0259rinin Forumu ba\u015flay\u0131b. Forum \u00f6lk\u0259l\u0259rimiz aras\u0131nda g\u0259ncl\u0259r sah\u0259sind\u0259 \u0259m\u0259kda\u015fl\u0131q \u0259laq\u0259l\u0259rinin inki\u015faf etdirilm\u0259si, qar\u015f\u0131l\u0131ql\u0131 t\u0259cr\u00fcb\u0259 v\u0259 m\u0259lumat m\u00fcbadil\u0259sinin apar\u0131lmas\u0131 m\u0259qs\u0259dil\u0259 t\u0259\u015fkil olunub.<\/p>\n<p>Az\u0259rbaycanl\u0131 v\u0259 qazax\u0131stanl\u0131 g\u0259ncl\u0259r aras\u0131nda m\u00fcxt\u0259lif sah\u0259l\u0259rd\u0259 \u0259m\u0259kda\u015fl\u0131q v\u0259 dostluq m\u00fcnasib\u0259tl\u0259ri var. Bu forum is\u0259 \u00f6t\u0259n il Az\u0259rbaycan-Qazax\u0131stan ticar\u0259t-iqtisadi \u0259m\u0259kda\u015fl\u0131\u011f\u0131 \u00fczr\u0259 birg\u0259 H\u00f6kum\u0259tl\u0259raras\u0131 Komissiyan\u0131n 14-c\u00fc iclas\u0131n\u0131n protokoluna v\u0259 Aktau \u015f\u0259h\u0259rind\u0259 ke\u00e7iril\u0259n Az\u0259rbaycan-Qazax\u0131stan g\u0259ncl\u0259rinin \u0259m\u0259kda\u015fl\u0131\u011f\u0131 g\u00fcn\u00fc \u00e7\u0259r\u00e7iv\u0259sind\u0259 \u0259ld\u0259 edil\u0259n raz\u0131l\u0131\u011fa \u0259sas\u0259n t\u0259\u015fkil olunub.<\/p>\n<p>Qazax\u0131stan\u0131n g\u0259ncl\u0259r v\u0259 idman nazirinin m\u00fcavini Julduz Omarbekova bildirdi ki, Az\u0259rbaycan d\u00fcnyaya Nizami G\u0259nc\u0259vi, M\u0259h\u0259mm\u0259d F\u00fczuli, \u00dczeyir Hac\u0131b\u0259yov v\u0259 dig\u0259r g\u00f6rk\u0259mli \u015f\u0259xsiyy\u0259tl\u0259r b\u0259x\u015f ed\u0259n diyard\u0131r. Az\u0259rbaycan Qazax\u0131stan \u00fc\u00e7\u00fcn t\u0259kc\u0259 strateji t\u0259r\u0259fda\u015f deyil, h\u0259m d\u0259 qarda\u015f \u00f6lk\u0259dir. Bu bax\u0131mdan Az\u0259rbaycan-Qazax\u0131stan G\u0259ncl\u0259rinin Forumunun m\u00fch\u00fcm \u0259h\u0259miyy\u0259t da\u015f\u0131d\u0131\u011f\u0131n\u0131 bildir\u0259n Julduz Omarbekova bu sah\u0259d\u0259 bir s\u0131ra t\u0259dbirl\u0259rin realla\u015fd\u0131r\u0131ld\u0131\u011f\u0131n\u0131 da diqq\u0259t\u0259 \u00e7atd\u0131rd\u0131. Forumda g\u0259ncl\u0259r aras\u0131nda birg\u0259 layih\u0259l\u0259rin \u0259h\u0259miyy\u0259tind\u0259n, g\u0259l\u0259c\u0259k perspektivl\u0259rind\u0259n dan\u0131\u015f\u0131ld\u0131.<\/p>\n<p>Forum i\u015fini sessiyalarla davam etdirdi.<\/p>\n<p>&nbsp;<\/p>\n","protected":false},"excerpt":{"rendered":"<p>ARANTV.AZ x\u0259b\u0259r verir ki, Bak\u0131da Az\u0259rbaycan-Qazax\u0131stan G\u0259ncl\u0259rinin Forumu ba\u015flay\u0131b. Forum \u00f6lk\u0259l\u0259rimiz aras\u0131nda g\u0259ncl\u0259r sah\u0259sind\u0259 \u0259m\u0259kda\u015fl\u0131q \u0259laq\u0259l\u0259rinin inki\u015faf etdirilm\u0259si, qar\u015f\u0131l\u0131ql\u0131 t\u0259cr\u00fcb\u0259 v\u0259 m\u0259lumat m\u00fcbadil\u0259sinin apar\u0131lmas\u0131 m\u0259qs\u0259dil\u0259 t\u0259\u015fkil olunub. Az\u0259rbaycanl\u0131 v\u0259 qazax\u0131stanl\u0131 g\u0259ncl\u0259r aras\u0131nda m\u00fcxt\u0259lif sah\u0259l\u0259rd\u0259 \u0259m\u0259kda\u015fl\u0131q v\u0259 dostluq m\u00fcnasib\u0259tl\u0259ri var. Bu forum is\u0259 \u00f6t\u0259n il Az\u0259rbaycan-Qazax\u0131stan ticar\u0259t-iqtisadi \u0259m\u0259kda\u015fl\u0131\u011f\u0131 \u00fczr\u0259 birg\u0259 H\u00f6kum\u0259tl\u0259raras\u0131 Komissiyan\u0131n 14-c\u00fc iclas\u0131n\u0131n protokoluna v\u0259 Aktau \u015f\u0259h\u0259rind\u0259 ke\u00e7iril\u0259n Az\u0259rbaycan-Qazax\u0131stan g\u0259ncl\u0259rinin \u0259m\u0259kda\u015fl\u0131\u011f\u0131 g\u00fcn\u00fc \u00e7\u0259r\u00e7iv\u0259sind\u0259 \u0259ld\u0259 edil\u0259n raz\u0131l\u0131\u011fa \u0259sas\u0259n t\u0259\u015fkil olunub. Qazax\u0131stan\u0131n g\u0259ncl\u0259r v\u0259 idman nazirinin m\u00fcavini Julduz Omarbekova bildirdi ki, Az\u0259rbaycan d\u00fcnyaya Nizami G\u0259nc\u0259vi, M\u0259h\u0259mm\u0259d F\u00fczuli, \u00dczeyir Hac\u0131b\u0259yov v\u0259 dig\u0259r g\u00f6rk\u0259mli&hellip;<\/p>\n","protected":false},"author":2,"featured_media":24382,"comment_status":"closed","ping_status":"closed","sticky":false,"template":"","format":"standard","meta":{"om_disable_all_campaigns":false,"_monsterinsights_skip_tracking":false,"_monsterinsights_sitenote_active":false,"_monsterinsights_sitenote_note":"","_monsterinsights_sitenote_category":0},"categories":[1],"tags":[],"aioseo_notices":[],"gutentor_comment":0,"rttpg_featured_image_url":{"full":["https:\/\/arantv.az\/wp-content\/uploads\/2018\/11\/tf0f4n92ou33d6abufm4nr41c2azqaz.jpg",905,669,false],"landscape":["https:\/\/arantv.az\/wp-content\/uploads\/2018\/11\/tf0f4n92ou33d6abufm4nr41c2azqaz.jpg",905,669,false],"portraits":["https:\/\/arantv.az\/wp-content\/uploads\/2018\/11\/tf0f4n92ou33d6abufm4nr41c2azqaz.jpg",905,669,false],"thumbnail":["https:\/\/arantv.az\/wp-content\/uploads\/2018\/11\/tf0f4n92ou33d6abufm4nr41c2azqaz-150x150.jpg",150,150,true],"medium":["https:\/\/arantv.az\/wp-content\/uploads\/2018\/11\/tf0f4n92ou33d6abufm4nr41c2azqaz-300x222.jpg",300,222,true],"large":["https:\/\/arantv.az\/wp-content\/uploads\/2018\/11\/tf0f4n92ou33d6abufm4nr41c2azqaz.jpg",640,473,false],"1536x1536":["https:\/\/arantv.az\/wp-content\/uploads\/2018\/11\/tf0f4n92ou33d6abufm4nr41c2azqaz.jpg",905,669,false],"2048x2048":["https:\/\/arantv.az\/wp-content\/uploads\/2018\/11\/tf0f4n92ou33d6abufm4nr41c2azqaz.jpg",905,669,false],"post-thumbnail":["https:\/\/arantv.az\/wp-content\/uploads\/2018\/11\/tf0f4n92ou33d6abufm4nr41c2azqaz-240x172.jpg",240,172,true],"advps-thumb-one":["https:\/\/arantv.az\/wp-content\/uploads\/2018\/11\/tf0f4n92ou33d6abufm4nr41c2azqaz-905x620.jpg",905,620,true]},"rttpg_author":{"display_name":"V\u00fcsal Rafiqo\u011flu","author_link":"https:\/\/arantv.az\/?author=2"},"rttpg_comment":0,"rttpg_category":"<a href=\"https:\/\/arantv.az\/?cat=1\" rel=\"category\">C\u0259miyy\u0259t<\/a>","rttpg_excerpt":"ARANTV.AZ x\u0259b\u0259r verir ki, Bak\u0131da Az\u0259rbaycan-Qazax\u0131stan G\u0259ncl\u0259rinin Forumu ba\u015flay\u0131b. Forum \u00f6lk\u0259l\u0259rimiz aras\u0131nda g\u0259ncl\u0259r sah\u0259sind\u0259 \u0259m\u0259kda\u015fl\u0131q \u0259laq\u0259l\u0259rinin inki\u015faf etdirilm\u0259si, qar\u015f\u0131l\u0131ql\u0131 t\u0259cr\u00fcb\u0259 v\u0259 m\u0259lumat m\u00fcbadil\u0259sinin apar\u0131lmas\u0131 m\u0259qs\u0259dil\u0259 t\u0259\u015fkil olunub. Az\u0259rbaycanl\u0131 v\u0259 qazax\u0131stanl\u0131 g\u0259ncl\u0259r aras\u0131nda m\u00fcxt\u0259lif sah\u0259l\u0259rd\u0259 \u0259m\u0259kda\u015fl\u0131q v\u0259 dostluq m\u00fcnasib\u0259tl\u0259ri var. Bu forum is\u0259 \u00f6t\u0259n il Az\u0259rbaycan-Qazax\u0131stan ticar\u0259t-iqtisadi \u0259m\u0259kda\u015fl\u0131\u011f\u0131 \u00fczr\u0259 birg\u0259 H\u00f6kum\u0259tl\u0259raras\u0131 Komissiyan\u0131n 14-c\u00fc iclas\u0131n\u0131n protokoluna v\u0259&hellip;","_links":{"self":[{"href":"https:\/\/arantv.az\/index.php?rest_route=\/wp\/v2\/posts\/24380"}],"collection":[{"href":"https:\/\/arantv.az\/index.php?rest_route=\/wp\/v2\/posts"}],"about":[{"href":"https:\/\/arantv.az\/index.php?rest_route=\/wp\/v2\/types\/post"}],"author":[{"embeddable":true,"href":"https:\/\/arantv.az\/index.php?rest_route=\/wp\/v2\/users\/2"}],"replies":[{"embeddable":true,"href":"https:\/\/arantv.az\/index.php?rest_route=%2Fwp%2Fv2%2Fcomments&post=24380"}],"version-history":[{"count":0,"href":"https:\/\/arantv.az\/index.php?rest_route=\/wp\/v2\/posts\/24380\/revisions"}],"wp:featuredmedia":[{"embeddable":true,"href":"https:\/\/arantv.az\/index.php?rest_route=\/wp\/v2\/media\/24382"}],"wp:attachment":[{"href":"https:\/\/arantv.az\/index.php?rest_route=%2Fwp%2Fv2%2Fmedia&parent=24380"}],"wp:term":[{"taxonomy":"category","embeddable":true,"href":"https:\/\/arantv.az\/index.php?rest_route=%2Fwp%2Fv2%2Fcategories&post=24380"},{"taxonomy":"post_tag","embeddable":true,"href":"https:\/\/arantv.az\/index.php?rest_route=%2Fwp%2Fv2%2Ftags&post=24380"}],"curies":[{"name":"wp","href":"https:\/\/api.w.org\/{rel}","templated":true}]}}