{"id":24385,"date":"2018-11-21T15:56:00","date_gmt":"2018-11-21T12:56:00","guid":{"rendered":"http:\/\/arantv.az\/?p=24385"},"modified":"2018-11-21T15:56:00","modified_gmt":"2018-11-21T12:56:00","slug":"rusiyanin-kutl%c9%99vi-informasiya-vasit%c9%99l%c9%99ri-az%c9%99rbaycan-haqqinda-n%c9%99-q%c9%99d%c9%99r-cox-bils%c9%99l%c9%99r-xalqlarin-qarsiliqli-munasib%c9%99tl%c9%99ri-o-q%c9%99d%c9%99r","status":"publish","type":"post","link":"https:\/\/arantv.az\/?p=24385","title":{"rendered":"\u201cRusiyan\u0131n k\u00fctl\u0259vi informasiya vasit\u0259l\u0259ri Az\u0259rbaycan haqq\u0131nda n\u0259 q\u0259d\u0259r \u00e7ox bils\u0259l\u0259r, xalqlar\u0131n qar\u015f\u0131l\u0131ql\u0131 m\u00fcnasib\u0259tl\u0259ri o q\u0259d\u0259r yax\u015f\u0131 olacaq"},"content":{"rendered":"<p><strong>ARANTV.AZ<\/strong> x\u0259b\u0259r verir ki, \u201cRusiyan\u0131n k\u00fctl\u0259vi informasiya vasit\u0259l\u0259ri Az\u0259rbaycan haqq\u0131nda n\u0259 q\u0259d\u0259r \u00e7ox bils\u0259l\u0259r, xalqlar\u0131n qar\u015f\u0131l\u0131ql\u0131 m\u00fcnasib\u0259tl\u0259ri o q\u0259d\u0259r yax\u015f\u0131 olacaq\u201d. Rusiya Jurnalistl\u0259r \u0130ttifaq\u0131n\u0131n s\u0259dri Vladimir Solovyov Bak\u0131ya s\u0259f\u0259ri il\u0259 ba\u011fl\u0131 ke\u00e7irdiyi m\u0259tbuat konfrans\u0131nda bel\u0259 deyib.<\/p>\n<p>\u201cAz\u0259rbaycanl\u0131 h\u0259mkarlar\u0131m\u0131z\u0131n bizim f\u0259aliyy\u0259timiz\u0259 diqq\u0259t yetirib \u00f6lk\u0259niz\u0259 d\u0259v\u0259t etm\u0259yi bizim \u00fc\u00e7\u00fcn xo\u015fdur\u201d. Bunu Rusiya Federasiyas\u0131n\u0131n Jurnalistl\u0259r \u0130ttifaq\u0131n\u0131n s\u0259dri Vladimir Solovyov Az\u0259rbaycana s\u0259f\u0259ri il\u0259 ba\u011fl\u0131 ke\u00e7irdiyi m\u0259tbuat konfrans\u0131nda dedi. O, Az\u0259rbaycan v\u0259 Rusiya jurnalistl\u0259ri aras\u0131nda \u0259n\u0259n\u0259vi olaraq u\u011furlu \u0259m\u0259kda\u015fl\u0131\u011f\u0131n h\u0259yata ke\u00e7irildiyini bildirdi, eyni zamanda, bu sah\u0259d\u0259 \u0259laq\u0259l\u0259rin daha da f\u0259alla\u015fd\u0131r\u0131lmas\u0131n\u0131n, m\u00fcnt\u0259z\u0259m olaraq fikir m\u00fcbadil\u0259si apar\u0131lmas\u0131n\u0131n vacibliyini vur\u011fulad\u0131. O, Prezident \u0130lham \u018fliyevl\u0259 g\u00f6r\u00fc\u015f\u00fcnd\u0259n d\u0259 dan\u0131\u015fd\u0131.<\/p>\n<p>M\u0259tbuat \u015euras\u0131n\u0131n s\u0259dri \u018fflatun Ama\u015fov is\u0259 r\u0259hb\u0259rlik etdiyi qurum v\u0259 Rusiya Jurnalistl\u0259r \u0130ttifaq\u0131 aras\u0131nda imzalanan \u0259m\u0259kda\u015fl\u0131q haqq\u0131nda Memorandumun \u0259h\u0259miyy\u0259tind\u0259n dan\u0131\u015fd\u0131. Bildirdi ki, bu s\u0259n\u0259din m\u0259qs\u0259di Az\u0259rbaycan v\u0259 Rusiya juralistl\u0259ri aras\u0131nda \u0259laq\u0259l\u0259ri daha da m\u00f6hk\u0259ml\u0259ndirm\u0259kdir. Dekabrda Udmurtiyadan bir qrup media t\u0259msil\u00e7\u015fisinin Az\u0259rbaycana, mayda is\u0259 az\u0259rbaycanl\u0131 jurnalistl\u0259rin Rusiyaya s\u0259f\u0259rl\u0259ri n\u0259z\u0259rd\u0259 tutulub. Rusiya Jurnalistl\u0259r \u0130ttifaq\u0131n\u0131n katibi R\u0259fail H\u00fcseynov is\u0259 Az\u0259rbaycan media n\u00fcmay\u0259nd\u0259l\u0259rini Rusiyada ke\u00e7iril\u0259n forumlarda fa\u0259l i\u015ftiraka d\u0259v\u0259t etdi. Sonda jurnalistl\u0259rin suallar\u0131 cavabland\u0131r\u0131ld\u0131.<\/p>\n","protected":false},"excerpt":{"rendered":"<p>ARANTV.AZ x\u0259b\u0259r verir ki, \u201cRusiyan\u0131n k\u00fctl\u0259vi informasiya vasit\u0259l\u0259ri Az\u0259rbaycan haqq\u0131nda n\u0259 q\u0259d\u0259r \u00e7ox bils\u0259l\u0259r, xalqlar\u0131n qar\u015f\u0131l\u0131ql\u0131 m\u00fcnasib\u0259tl\u0259ri o q\u0259d\u0259r yax\u015f\u0131 olacaq\u201d. Rusiya Jurnalistl\u0259r \u0130ttifaq\u0131n\u0131n s\u0259dri Vladimir Solovyov Bak\u0131ya s\u0259f\u0259ri il\u0259 ba\u011fl\u0131 ke\u00e7irdiyi m\u0259tbuat konfrans\u0131nda bel\u0259 deyib. \u201cAz\u0259rbaycanl\u0131 h\u0259mkarlar\u0131m\u0131z\u0131n bizim f\u0259aliyy\u0259timiz\u0259 diqq\u0259t yetirib \u00f6lk\u0259niz\u0259 d\u0259v\u0259t etm\u0259yi bizim \u00fc\u00e7\u00fcn xo\u015fdur\u201d. Bunu Rusiya Federasiyas\u0131n\u0131n Jurnalistl\u0259r \u0130ttifaq\u0131n\u0131n s\u0259dri Vladimir Solovyov Az\u0259rbaycana s\u0259f\u0259ri il\u0259 ba\u011fl\u0131 ke\u00e7irdiyi m\u0259tbuat konfrans\u0131nda dedi. O, Az\u0259rbaycan v\u0259 Rusiya jurnalistl\u0259ri aras\u0131nda \u0259n\u0259n\u0259vi olaraq u\u011furlu \u0259m\u0259kda\u015fl\u0131\u011f\u0131n h\u0259yata ke\u00e7irildiyini bildirdi, eyni zamanda, bu sah\u0259d\u0259 \u0259laq\u0259l\u0259rin daha da f\u0259alla\u015fd\u0131r\u0131lmas\u0131n\u0131n, m\u00fcnt\u0259z\u0259m olaraq fikir m\u00fcbadil\u0259si apar\u0131lmas\u0131n\u0131n&hellip;<\/p>\n","protected":false},"author":2,"featured_media":24386,"comment_status":"closed","ping_status":"closed","sticky":false,"template":"","format":"standard","meta":{"om_disable_all_campaigns":false,"_monsterinsights_skip_tracking":false,"_monsterinsights_sitenote_active":false,"_monsterinsights_sitenote_note":"","_monsterinsights_sitenote_category":0},"categories":[4],"tags":[],"aioseo_notices":[],"gutentor_comment":0,"rttpg_featured_image_url":{"full":["https:\/\/arantv.az\/wp-content\/uploads\/2018\/11\/tf0f4n92ou33d6abufm4nr41c2vlad.jpg",989,669,false],"landscape":["https:\/\/arantv.az\/wp-content\/uploads\/2018\/11\/tf0f4n92ou33d6abufm4nr41c2vlad.jpg",989,669,false],"portraits":["https:\/\/arantv.az\/wp-content\/uploads\/2018\/11\/tf0f4n92ou33d6abufm4nr41c2vlad.jpg",989,669,false],"thumbnail":["https:\/\/arantv.az\/wp-content\/uploads\/2018\/11\/tf0f4n92ou33d6abufm4nr41c2vlad-150x150.jpg",150,150,true],"medium":["https:\/\/arantv.az\/wp-content\/uploads\/2018\/11\/tf0f4n92ou33d6abufm4nr41c2vlad-300x203.jpg",300,203,true],"large":["https:\/\/arantv.az\/wp-content\/uploads\/2018\/11\/tf0f4n92ou33d6abufm4nr41c2vlad.jpg",640,433,false],"1536x1536":["https:\/\/arantv.az\/wp-content\/uploads\/2018\/11\/tf0f4n92ou33d6abufm4nr41c2vlad.jpg",989,669,false],"2048x2048":["https:\/\/arantv.az\/wp-content\/uploads\/2018\/11\/tf0f4n92ou33d6abufm4nr41c2vlad.jpg",989,669,false],"post-thumbnail":["https:\/\/arantv.az\/wp-content\/uploads\/2018\/11\/tf0f4n92ou33d6abufm4nr41c2vlad-240x172.jpg",240,172,true],"advps-thumb-one":["https:\/\/arantv.az\/wp-content\/uploads\/2018\/11\/tf0f4n92ou33d6abufm4nr41c2vlad-989x620.jpg",989,620,true]},"rttpg_author":{"display_name":"V\u00fcsal Rafiqo\u011flu","author_link":"https:\/\/arantv.az\/?author=2"},"rttpg_comment":0,"rttpg_category":"<a href=\"https:\/\/arantv.az\/?cat=4\" rel=\"category\">Siyas\u0259t<\/a>","rttpg_excerpt":"ARANTV.AZ x\u0259b\u0259r verir ki, \u201cRusiyan\u0131n k\u00fctl\u0259vi informasiya vasit\u0259l\u0259ri Az\u0259rbaycan haqq\u0131nda n\u0259 q\u0259d\u0259r \u00e7ox bils\u0259l\u0259r, xalqlar\u0131n qar\u015f\u0131l\u0131ql\u0131 m\u00fcnasib\u0259tl\u0259ri o q\u0259d\u0259r yax\u015f\u0131 olacaq\u201d. Rusiya Jurnalistl\u0259r \u0130ttifaq\u0131n\u0131n s\u0259dri Vladimir Solovyov Bak\u0131ya s\u0259f\u0259ri il\u0259 ba\u011fl\u0131 ke\u00e7irdiyi m\u0259tbuat konfrans\u0131nda bel\u0259 deyib. \u201cAz\u0259rbaycanl\u0131 h\u0259mkarlar\u0131m\u0131z\u0131n bizim f\u0259aliyy\u0259timiz\u0259 diqq\u0259t yetirib \u00f6lk\u0259niz\u0259 d\u0259v\u0259t etm\u0259yi bizim \u00fc\u00e7\u00fcn xo\u015fdur\u201d. Bunu Rusiya Federasiyas\u0131n\u0131n Jurnalistl\u0259r \u0130ttifaq\u0131n\u0131n s\u0259dri Vladimir&hellip;","_links":{"self":[{"href":"https:\/\/arantv.az\/index.php?rest_route=\/wp\/v2\/posts\/24385"}],"collection":[{"href":"https:\/\/arantv.az\/index.php?rest_route=\/wp\/v2\/posts"}],"about":[{"href":"https:\/\/arantv.az\/index.php?rest_route=\/wp\/v2\/types\/post"}],"author":[{"embeddable":true,"href":"https:\/\/arantv.az\/index.php?rest_route=\/wp\/v2\/users\/2"}],"replies":[{"embeddable":true,"href":"https:\/\/arantv.az\/index.php?rest_route=%2Fwp%2Fv2%2Fcomments&post=24385"}],"version-history":[{"count":0,"href":"https:\/\/arantv.az\/index.php?rest_route=\/wp\/v2\/posts\/24385\/revisions"}],"wp:featuredmedia":[{"embeddable":true,"href":"https:\/\/arantv.az\/index.php?rest_route=\/wp\/v2\/media\/24386"}],"wp:attachment":[{"href":"https:\/\/arantv.az\/index.php?rest_route=%2Fwp%2Fv2%2Fmedia&parent=24385"}],"wp:term":[{"taxonomy":"category","embeddable":true,"href":"https:\/\/arantv.az\/index.php?rest_route=%2Fwp%2Fv2%2Fcategories&post=24385"},{"taxonomy":"post_tag","embeddable":true,"href":"https:\/\/arantv.az\/index.php?rest_route=%2Fwp%2Fv2%2Ftags&post=24385"}],"curies":[{"name":"wp","href":"https:\/\/api.w.org\/{rel}","templated":true}]}}