{"id":24388,"date":"2018-11-21T15:59:30","date_gmt":"2018-11-21T12:59:30","guid":{"rendered":"http:\/\/arantv.az\/?p=24388"},"modified":"2018-11-21T15:59:30","modified_gmt":"2018-11-21T12:59:30","slug":"moskvada-mdb-dovl%c9%99tl%c9%99rinin-t%c9%99hluk%c9%99sizlik-suralari-katibl%c9%99rinin-altinci-gorusu-kecirilib","status":"publish","type":"post","link":"https:\/\/arantv.az\/?p=24388","title":{"rendered":"Moskvada MDB d\u00f6vl\u0259tl\u0259rinin t\u0259hl\u00fck\u0259sizlik \u015furalar\u0131 katibl\u0259rinin alt\u0131nc\u0131 g\u00f6r\u00fc\u015f\u00fc ke\u00e7irilib"},"content":{"rendered":"<p><strong>ARANTV.AZ<\/strong> x\u0259b\u0259r verir ki, noyabr\u0131n 21-d\u0259 Moskvada MDB d\u00f6vl\u0259tl\u0259rinin t\u0259hl\u00fck\u0259sizlik \u015furalar\u0131 katibl\u0259rinin VI g\u00f6r\u00fc\u015f\u00fc ke\u00e7irilib.<\/p>\n<p>G\u00f6r\u00fc\u015fd\u0259 Az\u0259rbaycan Respublikas\u0131 Prezidentinin Administrasiyas\u0131n\u0131n r\u0259hb\u0259ri Ramiz Mehdiyevin ba\u015f\u00e7\u0131l\u0131q etdiyi n\u00fcmay\u0259nd\u0259 hey\u0259ti i\u015ftirak edib.<\/p>\n<p>G\u00f6r\u00fc\u015f\u00fcn g\u00fcnd\u0259liyin\u0259 \u018ffqan\u0131stan \u0130slam Respublikas\u0131ndak\u0131 v\u0259ziyy\u0259t, h\u0259min \u00f6lk\u0259d\u0259 f\u0259aliyy\u0259t g\u00f6st\u0259r\u0259n terror\u00e7u t\u0259\u015fkilatlar\u0131n MDB-nin \u00fczv\u00fc olan d\u00f6vl\u0259tl\u0259rin t\u0259hl\u00fck\u0259sizliyin\u0259 t\u00f6r\u0259tdiyi t\u0259hdidl\u0259r, terror\u00e7ulu\u011fun maliyy\u0259l\u0259\u015fdirilm\u0259sin\u0259 qar\u015f\u0131 m\u00fcbariz\u0259d\u0259 \u0259m\u0259kda\u015fl\u0131q, MDB m\u0259kan\u0131nda bioloji t\u0259hl\u00fck\u0259sizliyin t\u0259min edilm\u0259si il\u0259 ba\u011fl\u0131 m\u0259s\u0259l\u0259l\u0259r daxil olunmu\u015fdu.<\/p>\n<p>T\u0259dbir \u00e7\u0259r\u00e7iv\u0259sind\u0259, h\u0259m\u00e7inin informasiya v\u0259 kommunikasiya texnologiyalar\u0131ndan cinay\u0259tkar m\u0259qs\u0259dl\u0259r \u00fc\u00e7\u00fcn istifad\u0259nin qar\u015f\u0131s\u0131n\u0131n al\u0131nmas\u0131 sah\u0259sind\u0259 t\u0259\u015f\u0259bb\u00fcsl\u0259r, fa\u015fizmin q\u0259hr\u0259manla\u015fd\u0131r\u0131lmas\u0131n\u0131n yolverilm\u0259zliyi v\u0259 bir s\u0131ra dig\u0259r m\u0259s\u0259l\u0259l\u0259r\u0259 dair m\u0259ruz\u0259l\u0259r dinl\u0259nilib.<\/p>\n<p>Prezident Administrasiyas\u0131n\u0131n r\u0259hb\u0259ri Ramiz Mehdiyev t\u0259dbird\u0259 m\u0259ruz\u0259 il\u0259 \u00e7\u0131x\u0131\u015f edib, m\u00fczakir\u0259 olunan sah\u0259l\u0259r \u00fczr\u0259 Az\u0259rbaycan Respublikas\u0131n\u0131n m\u00fcsb\u0259t t\u0259cr\u00fcb\u0259si bar\u0259d\u0259 m\u0259lumat verib.<\/p>\n<p>Prezident Administrasiyas\u0131n\u0131n r\u0259hb\u0259ri Ramiz Mehdiyev, h\u0259m\u00e7inin Rusiya Federasiyas\u0131 T\u0259hl\u00fck\u0259sizlik \u015euras\u0131n\u0131n katibi Nikolay Patru\u015fev v\u0259 Belarus Respublikas\u0131 T\u0259hl\u00fck\u0259sizlik \u015euras\u0131n\u0131n d\u00f6vl\u0259t katibi Stanislav Zas il\u0259 t\u0259hl\u00fck\u0259sizliyin t\u0259min edilm\u0259sind\u0259 ikit\u0259r\u0259fli \u0259m\u0259kda\u015fl\u0131q m\u0259s\u0259l\u0259l\u0259rini m\u00fczakir\u0259 edib.<\/p>\n","protected":false},"excerpt":{"rendered":"<p>ARANTV.AZ x\u0259b\u0259r verir ki, noyabr\u0131n 21-d\u0259 Moskvada MDB d\u00f6vl\u0259tl\u0259rinin t\u0259hl\u00fck\u0259sizlik \u015furalar\u0131 katibl\u0259rinin VI g\u00f6r\u00fc\u015f\u00fc ke\u00e7irilib. G\u00f6r\u00fc\u015fd\u0259 Az\u0259rbaycan Respublikas\u0131 Prezidentinin Administrasiyas\u0131n\u0131n r\u0259hb\u0259ri Ramiz Mehdiyevin ba\u015f\u00e7\u0131l\u0131q etdiyi n\u00fcmay\u0259nd\u0259 hey\u0259ti i\u015ftirak edib. G\u00f6r\u00fc\u015f\u00fcn g\u00fcnd\u0259liyin\u0259 \u018ffqan\u0131stan \u0130slam Respublikas\u0131ndak\u0131 v\u0259ziyy\u0259t, h\u0259min \u00f6lk\u0259d\u0259 f\u0259aliyy\u0259t g\u00f6st\u0259r\u0259n terror\u00e7u t\u0259\u015fkilatlar\u0131n MDB-nin \u00fczv\u00fc olan d\u00f6vl\u0259tl\u0259rin t\u0259hl\u00fck\u0259sizliyin\u0259 t\u00f6r\u0259tdiyi t\u0259hdidl\u0259r, terror\u00e7ulu\u011fun maliyy\u0259l\u0259\u015fdirilm\u0259sin\u0259 qar\u015f\u0131 m\u00fcbariz\u0259d\u0259 \u0259m\u0259kda\u015fl\u0131q, MDB m\u0259kan\u0131nda bioloji t\u0259hl\u00fck\u0259sizliyin t\u0259min edilm\u0259si il\u0259 ba\u011fl\u0131 m\u0259s\u0259l\u0259l\u0259r daxil olunmu\u015fdu. T\u0259dbir \u00e7\u0259r\u00e7iv\u0259sind\u0259, h\u0259m\u00e7inin informasiya v\u0259 kommunikasiya texnologiyalar\u0131ndan cinay\u0259tkar m\u0259qs\u0259dl\u0259r \u00fc\u00e7\u00fcn istifad\u0259nin qar\u015f\u0131s\u0131n\u0131n al\u0131nmas\u0131 sah\u0259sind\u0259 t\u0259\u015f\u0259bb\u00fcsl\u0259r, fa\u015fizmin q\u0259hr\u0259manla\u015fd\u0131r\u0131lmas\u0131n\u0131n yolverilm\u0259zliyi v\u0259 bir s\u0131ra dig\u0259r m\u0259s\u0259l\u0259l\u0259r\u0259 dair m\u0259ruz\u0259l\u0259r dinl\u0259nilib.&hellip;<\/p>\n","protected":false},"author":2,"featured_media":24389,"comment_status":"closed","ping_status":"closed","sticky":false,"template":"","format":"standard","meta":{"om_disable_all_campaigns":false,"_monsterinsights_skip_tracking":false,"_monsterinsights_sitenote_active":false,"_monsterinsights_sitenote_note":"","_monsterinsights_sitenote_category":0},"categories":[4],"tags":[],"aioseo_notices":[],"gutentor_comment":0,"rttpg_featured_image_url":{"full":["https:\/\/arantv.az\/wp-content\/uploads\/2018\/11\/tf0f4n92ou33d6abufm4nr41c2mos.jpg",892,669,false],"landscape":["https:\/\/arantv.az\/wp-content\/uploads\/2018\/11\/tf0f4n92ou33d6abufm4nr41c2mos.jpg",892,669,false],"portraits":["https:\/\/arantv.az\/wp-content\/uploads\/2018\/11\/tf0f4n92ou33d6abufm4nr41c2mos.jpg",892,669,false],"thumbnail":["https:\/\/arantv.az\/wp-content\/uploads\/2018\/11\/tf0f4n92ou33d6abufm4nr41c2mos-150x150.jpg",150,150,true],"medium":["https:\/\/arantv.az\/wp-content\/uploads\/2018\/11\/tf0f4n92ou33d6abufm4nr41c2mos-300x225.jpg",300,225,true],"large":["https:\/\/arantv.az\/wp-content\/uploads\/2018\/11\/tf0f4n92ou33d6abufm4nr41c2mos.jpg",640,480,false],"1536x1536":["https:\/\/arantv.az\/wp-content\/uploads\/2018\/11\/tf0f4n92ou33d6abufm4nr41c2mos.jpg",892,669,false],"2048x2048":["https:\/\/arantv.az\/wp-content\/uploads\/2018\/11\/tf0f4n92ou33d6abufm4nr41c2mos.jpg",892,669,false],"post-thumbnail":["https:\/\/arantv.az\/wp-content\/uploads\/2018\/11\/tf0f4n92ou33d6abufm4nr41c2mos-240x172.jpg",240,172,true],"advps-thumb-one":["https:\/\/arantv.az\/wp-content\/uploads\/2018\/11\/tf0f4n92ou33d6abufm4nr41c2mos-892x620.jpg",892,620,true]},"rttpg_author":{"display_name":"V\u00fcsal Rafiqo\u011flu","author_link":"https:\/\/arantv.az\/?author=2"},"rttpg_comment":0,"rttpg_category":"<a href=\"https:\/\/arantv.az\/?cat=4\" rel=\"category\">Siyas\u0259t<\/a>","rttpg_excerpt":"ARANTV.AZ x\u0259b\u0259r verir ki, noyabr\u0131n 21-d\u0259 Moskvada MDB d\u00f6vl\u0259tl\u0259rinin t\u0259hl\u00fck\u0259sizlik \u015furalar\u0131 katibl\u0259rinin VI g\u00f6r\u00fc\u015f\u00fc ke\u00e7irilib. G\u00f6r\u00fc\u015fd\u0259 Az\u0259rbaycan Respublikas\u0131 Prezidentinin Administrasiyas\u0131n\u0131n r\u0259hb\u0259ri Ramiz Mehdiyevin ba\u015f\u00e7\u0131l\u0131q etdiyi n\u00fcmay\u0259nd\u0259 hey\u0259ti i\u015ftirak edib. G\u00f6r\u00fc\u015f\u00fcn g\u00fcnd\u0259liyin\u0259 \u018ffqan\u0131stan \u0130slam Respublikas\u0131ndak\u0131 v\u0259ziyy\u0259t, h\u0259min \u00f6lk\u0259d\u0259 f\u0259aliyy\u0259t g\u00f6st\u0259r\u0259n terror\u00e7u t\u0259\u015fkilatlar\u0131n MDB-nin \u00fczv\u00fc olan d\u00f6vl\u0259tl\u0259rin t\u0259hl\u00fck\u0259sizliyin\u0259 t\u00f6r\u0259tdiyi t\u0259hdidl\u0259r, terror\u00e7ulu\u011fun maliyy\u0259l\u0259\u015fdirilm\u0259sin\u0259 qar\u015f\u0131 m\u00fcbariz\u0259d\u0259 \u0259m\u0259kda\u015fl\u0131q, MDB m\u0259kan\u0131nda&hellip;","_links":{"self":[{"href":"https:\/\/arantv.az\/index.php?rest_route=\/wp\/v2\/posts\/24388"}],"collection":[{"href":"https:\/\/arantv.az\/index.php?rest_route=\/wp\/v2\/posts"}],"about":[{"href":"https:\/\/arantv.az\/index.php?rest_route=\/wp\/v2\/types\/post"}],"author":[{"embeddable":true,"href":"https:\/\/arantv.az\/index.php?rest_route=\/wp\/v2\/users\/2"}],"replies":[{"embeddable":true,"href":"https:\/\/arantv.az\/index.php?rest_route=%2Fwp%2Fv2%2Fcomments&post=24388"}],"version-history":[{"count":0,"href":"https:\/\/arantv.az\/index.php?rest_route=\/wp\/v2\/posts\/24388\/revisions"}],"wp:featuredmedia":[{"embeddable":true,"href":"https:\/\/arantv.az\/index.php?rest_route=\/wp\/v2\/media\/24389"}],"wp:attachment":[{"href":"https:\/\/arantv.az\/index.php?rest_route=%2Fwp%2Fv2%2Fmedia&parent=24388"}],"wp:term":[{"taxonomy":"category","embeddable":true,"href":"https:\/\/arantv.az\/index.php?rest_route=%2Fwp%2Fv2%2Fcategories&post=24388"},{"taxonomy":"post_tag","embeddable":true,"href":"https:\/\/arantv.az\/index.php?rest_route=%2Fwp%2Fv2%2Ftags&post=24388"}],"curies":[{"name":"wp","href":"https:\/\/api.w.org\/{rel}","templated":true}]}}