{"id":24391,"date":"2018-11-21T16:02:45","date_gmt":"2018-11-21T13:02:45","guid":{"rendered":"http:\/\/arantv.az\/?p=24391"},"modified":"2018-11-21T16:02:45","modified_gmt":"2018-11-21T13:02:45","slug":"yeni-az%c9%99rbaycan-partiyasinin-yaradilmasinin-26-ci-ildonumu-il%c9%99-bagli-partiyanin-m%c9%99rk%c9%99zi-q%c9%99rargahinda-t%c9%99dbir-kecirilib","status":"publish","type":"post","link":"https:\/\/arantv.az\/?p=24391","title":{"rendered":"Yeni Az\u0259rbaycan Partiyas\u0131n\u0131n yarad\u0131lmas\u0131n\u0131n 26-c\u0131 ild\u00f6n\u00fcm\u00fc il\u0259 ba\u011fl\u0131 partiyan\u0131n m\u0259rk\u0259zi q\u0259rargah\u0131nda t\u0259dbir ke\u00e7irilib"},"content":{"rendered":"<p><strong>ARANTV.AZ<\/strong> x\u0259b\u0259r verir ki, noyabr\u0131n 21-d\u0259 Yeni Az\u0259rbaycan Partiyas\u0131n\u0131n (YAP) yarad\u0131lmas\u0131n\u0131n 26-c\u0131 ild\u00f6n\u00fcm\u00fc il\u0259 ba\u011fl\u0131 partiyan\u0131n m\u0259rk\u0259zi q\u0259rargah\u0131nda t\u0259dbir ke\u00e7irilib.<\/p>\n<p>T\u0259dbird\u0259 \u00e7\u0131x\u0131\u015f ed\u0259n Yeni Az\u0259rbaycan Partiyas\u0131 s\u0259drinin m\u00fcavini-icra katibi, Ba\u015f nazirin m\u00fcavini \u018fli \u018fhm\u0259dov bildirib ki, bu g\u00fcn YAP Az\u0259rbaycan\u0131n siyasi ab-havas\u0131n\u0131n indikatoru rolunda oynay\u0131r. O deyib ki, Yeni Az\u0259rbaycan Partiyas\u0131n\u0131n yaranmas\u0131 Az\u0259rbaycan\u0131n m\u00fcasir tarixinin \u0259n \u00f6n\u0259mli hadis\u0259l\u0259rind\u0259n biridir. Bu siyasi t\u0259\u015fkilat \u00f6z\u00fcn\u00fcn 26 illik f\u0259aliyy\u0259tind\u0259n m\u0259mnundur. Bu ill\u0259r \u0259rzind\u0259 Az\u0259rbaycan regionda \u00f6z m\u00f6vqeyini \u0259h\u0259miyy\u0259tli d\u0259r\u0259c\u0259d\u0259 art\u0131r\u0131b.<\/p>\n<p>\u018fli \u018fhm\u0259dov qeyd edib ki, bu g\u00fcn YAP-\u0131n s\u0131ralar\u0131nda 725 min Az\u0259rbaycan v\u0259t\u0259nda\u015f\u0131 birl\u0259\u015fib. Bu q\u0259d\u0259r v\u0259t\u0259nda\u015f\u0131n YAP-da birl\u0259\u015fm\u0259si Heyd\u0259r \u018fliyev ideyalar\u0131na olan inamla ba\u011fl\u0131d\u0131r.<\/p>\n<p>YAP s\u0259drinin m\u00fcavini bildirib ki, Az\u0259rbaycan\u0131n tarixi ke\u00e7mi\u015fi n\u0259 q\u0259d\u0259r \u0259z\u0259m\u0259tlidirs\u0259, g\u0259l\u0259c\u0259yi d\u0259 bir o q\u0259d\u0259r parlaqd\u0131r. Ulu \u00f6nd\u0259r Heyd\u0259r \u018fliyevin d\u00f6vl\u0259t\u00e7ilik siyas\u0259tin\u0259 xas olan x\u00fcsusiyy\u0259tl\u0259ri Prezident, partiyan\u0131n s\u0259dri \u0130lham \u018fliyev \u00f6z \u0259m\u0259li f\u0259aliyy\u0259tind\u0259 y\u00fcks\u0259k pe\u015f\u0259karl\u0131qla h\u0259yata ke\u00e7irir.<\/p>\n<p>Ba\u015f nazirin m\u00fcavini Hac\u0131bala Abutal\u0131bov deyib ki, d\u00f6vl\u0259timizin ba\u015f\u00e7\u0131s\u0131 \u0130lham \u018fliyev \u00f6lk\u0259 iqtisadiyyat\u0131n\u0131n t\u0259r\u0259qqisin\u0259 xidm\u0259t ed\u0259n sosial-iqtisadi proqramlar\u0131n ger\u00e7\u0259kl\u0259\u015fm\u0259si prosesl\u0259ri il\u0259 yana\u015f\u0131, milli m\u0259n\u0259viyyat\u0131m\u0131z\u0131n t\u0259m\u0259l s\u00fctunlar\u0131ndan say\u0131lan m\u0259d\u0259niyy\u0259t siyas\u0259tinin h\u0259rt\u0259r\u0259fli inki\u015faf\u0131na da m\u00fch\u00fcm \u0259h\u0259miyy\u0259t verir. Ulu \u00f6nd\u0259r Heyd\u0259r \u018fliyevin Az\u0259rbaycan \u00fc\u00e7\u00fcn g\u00f6rd\u00fcy\u00fc i\u015fl\u0259rd\u0259n biri \u00f6lk\u0259mizi \u0259b\u0259diya\u015far m\u0259kana \u00e7evirm\u0259k m\u0259qs\u0259dil\u0259 \u015e\u0259rq d\u00f6vl\u0259t\u00e7ilik \u0259n\u0259n\u0259l\u0259rin\u0259 xas olan \u015f\u0259kild\u0259 \u00f6z siyasi m\u0259kt\u0259bini yaratmas\u0131 olub. Ulu \u00f6nd\u0259r bu siyasi m\u0259kt\u0259bin \u0259n parlaq, layiqli n\u00fcmay\u0259nd\u0259si \u0130lham \u018fliyevi m\u00fcasir Az\u0259rbaycan\u0131n bug\u00fcnk\u00fc v\u0259 g\u0259l\u0259c\u0259k inki\u015faf\u0131 namin\u0259 haz\u0131rlayaraq siyasi arenaya \u00e7\u0131xar\u0131b.<\/p>\n<p>G\u00fccl\u00fc az\u0259rbaycan\u00e7\u0131l\u0131q ideologiyas\u0131n\u0131n \u0259sas\u0131n\u0131n Heyd\u0259r \u018fliyev t\u0259r\u0259find\u0259n qoyuldu\u011funu dey\u0259n Ba\u015f nazirin m\u00fcavini bildirib ki, Prezident \u0130lham \u018fliyevin r\u0259hb\u0259rliyi il\u0259 ictimai h\u0259yat\u0131m\u0131z\u0131n b\u00fct\u00fcn sah\u0259l\u0259rini \u0259hat\u0259 ed\u0259n u\u011furlu v\u0259 m\u0259qs\u0259dy\u00f6nl\u00fc islahatlar h\u0259yata ke\u00e7irilib. Prezident \u0130lham \u018fliyev m\u00fcasir Az\u0259rbaycanda ba\u015f ver\u0259n modernl\u0259\u015fm\u0259 prosesl\u0259rini d\u00fczg\u00fcn m\u0259craya y\u00f6n\u0259ld\u0259r\u0259k yeni innovasiya v\u0259 informasiya texnologiyalar\u0131n t\u0259tbiqi prosesinin daxili v\u0259 qlobal m\u00fchitin t\u0259l\u0259bl\u0259rin\u0259 uy\u011fun s\u0259viyy\u0259d\u0259 ger\u00e7\u0259kl\u0259\u015fm\u0259sin\u0259 m\u00fcnbit \u015f\u0259rait yarad\u0131b.<\/p>\n<p>Milli M\u0259clisin s\u0259dr m\u00fcavini, Yeni Az\u0259rbaycan Partiyas\u0131n\u0131n \u0130dar\u0259 Hey\u0259tinin \u00fczv\u00fc Bahar Muradova diqq\u0259t\u0259 \u00e7atd\u0131r\u0131b ki, Az\u0259rbaycanda 25 il \u0259rzind\u0259 iqtidarda olan 26 ya\u015fl\u0131 Yeni Az\u0259rbaycan Partiyas\u0131 xalq t\u0259r\u0259find\u0259n d\u0259st\u0259kl\u0259nir. Bu is\u0259 \u00f6lk\u0259miz\u0259 inki\u015faf, \u00e7i\u00e7\u0259kl\u0259nm\u0259 g\u0259tirir. Yeni Az\u0259rbaycan Partiyas\u0131 C\u0259nubi Qafqazda uzun m\u00fcdd\u0259t iqtidarda olan siyasi partiyad\u0131r. 26 il \u0259vv\u0259l Nax\u00e7\u0131vanda t\u0259sis olunan YAP b\u00fct\u00fcn bacar\u0131\u011f\u0131m\u0131z\u0131 g\u00f6st\u0259r\u0259 bilm\u0259k \u015fans\u0131 qazand\u0131ran siyasi t\u0259\u015fkilatd\u0131r. Bu tarix\u0259 n\u0259z\u0259r sald\u0131qda \u0259vv\u0259l\u0259 qay\u0131tmal\u0131 oluruq. O d\u00f6vrd\u0259 \u00f6lk\u0259mizd\u0259 siyasi sabitlik pozuldu\u011fundan partiyan\u0131n \u00fcz\u0259rin\u0259 b\u00f6y\u00fck \u00f6hd\u0259lik d\u00fc\u015f\u00fcrd\u00fc. O zaman yaranan partiyalar bir \u015f\u0259xsin \u0259traf\u0131ndak\u0131 birl\u0259\u015fm\u0259d\u0259n uza\u011fa ged\u0259 bilm\u0259dil\u0259r. Onlar n\u0259inki probleml\u0259rin \u00f6hd\u0259sind\u0259n g\u0259l\u0259 bilm\u0259dil\u0259r, \u0259ksin\u0259, Az\u0259rbaycan\u0131 u\u00e7uruma yuvarlad\u0131lar. Xalq\u0131n t\u0259kidli t\u0259l\u0259bi il\u0259 Ulu \u00d6nd\u0259r Heyd\u0259r \u018fliyev yenid\u0259n hakimiyy\u0259t\u0259 g\u0259ldi. Bu g\u00fcn q\u0259dirbil\u0259n xalq\u0131m\u0131z Ulu \u00d6nd\u0259rin bu add\u0131m\u0131n\u0131 y\u00fcks\u0259k qiym\u0259tl\u0259ndirir.<\/p>\n<p>Milli M\u0259clis s\u0259drinin m\u00fcavini bildirib ki, Yeni Az\u0259rbaycan Partiyas\u0131n\u0131n qurucusu, Ulu \u00d6nd\u0259r Heyd\u0259r \u018fliyevin h\u0259yata ke\u00e7irdiyi siyasi kursu u\u011furla davam etdir\u0259n, \u00f6lk\u0259mizi daha da inki\u015fafa aparan Prezident \u0130lham \u018fliyevin f\u0259aliyy\u0259tinin u\u011furlu n\u0259tic\u0259l\u0259ri g\u00f6z qaba\u011f\u0131ndad\u0131r.<\/p>\n<p>Daha sonra YAP G\u0259ncl\u0259r T\u0259\u015fkilat\u0131n\u0131n \u00fczv\u00fc Mehman Musayev \u00f6lk\u0259mizd\u0259 g\u0259ncl\u0259r\u0259 g\u00f6st\u0259ril\u0259n diqq\u0259t v\u0259 qay\u011f\u0131dan dan\u0131\u015f\u0131b.<\/p>\n","protected":false},"excerpt":{"rendered":"<p>ARANTV.AZ x\u0259b\u0259r verir ki, noyabr\u0131n 21-d\u0259 Yeni Az\u0259rbaycan Partiyas\u0131n\u0131n (YAP) yarad\u0131lmas\u0131n\u0131n 26-c\u0131 ild\u00f6n\u00fcm\u00fc il\u0259 ba\u011fl\u0131 partiyan\u0131n m\u0259rk\u0259zi q\u0259rargah\u0131nda t\u0259dbir ke\u00e7irilib. T\u0259dbird\u0259 \u00e7\u0131x\u0131\u015f ed\u0259n Yeni Az\u0259rbaycan Partiyas\u0131 s\u0259drinin m\u00fcavini-icra katibi, Ba\u015f nazirin m\u00fcavini \u018fli \u018fhm\u0259dov bildirib ki, bu g\u00fcn YAP Az\u0259rbaycan\u0131n siyasi ab-havas\u0131n\u0131n indikatoru rolunda oynay\u0131r. O deyib ki, Yeni Az\u0259rbaycan Partiyas\u0131n\u0131n yaranmas\u0131 Az\u0259rbaycan\u0131n m\u00fcasir tarixinin \u0259n \u00f6n\u0259mli hadis\u0259l\u0259rind\u0259n biridir. Bu siyasi t\u0259\u015fkilat \u00f6z\u00fcn\u00fcn 26 illik f\u0259aliyy\u0259tind\u0259n m\u0259mnundur. Bu ill\u0259r \u0259rzind\u0259 Az\u0259rbaycan regionda \u00f6z m\u00f6vqeyini \u0259h\u0259miyy\u0259tli d\u0259r\u0259c\u0259d\u0259 art\u0131r\u0131b. \u018fli \u018fhm\u0259dov qeyd edib ki, bu g\u00fcn YAP-\u0131n s\u0131ralar\u0131nda 725 min Az\u0259rbaycan v\u0259t\u0259nda\u015f\u0131&hellip;<\/p>\n","protected":false},"author":2,"featured_media":24392,"comment_status":"closed","ping_status":"closed","sticky":false,"template":"","format":"standard","meta":{"om_disable_all_campaigns":false,"_monsterinsights_skip_tracking":false,"_monsterinsights_sitenote_active":false,"_monsterinsights_sitenote_note":"","_monsterinsights_sitenote_category":0},"categories":[4],"tags":[],"aioseo_notices":[],"gutentor_comment":0,"rttpg_featured_image_url":{"full":["https:\/\/arantv.az\/wp-content\/uploads\/2018\/11\/tf0f4n92ou33d6abufm4nr41c2yap.jpg",1000,647,false],"landscape":["https:\/\/arantv.az\/wp-content\/uploads\/2018\/11\/tf0f4n92ou33d6abufm4nr41c2yap.jpg",1000,647,false],"portraits":["https:\/\/arantv.az\/wp-content\/uploads\/2018\/11\/tf0f4n92ou33d6abufm4nr41c2yap.jpg",1000,647,false],"thumbnail":["https:\/\/arantv.az\/wp-content\/uploads\/2018\/11\/tf0f4n92ou33d6abufm4nr41c2yap-150x150.jpg",150,150,true],"medium":["https:\/\/arantv.az\/wp-content\/uploads\/2018\/11\/tf0f4n92ou33d6abufm4nr41c2yap-300x194.jpg",300,194,true],"large":["https:\/\/arantv.az\/wp-content\/uploads\/2018\/11\/tf0f4n92ou33d6abufm4nr41c2yap.jpg",640,414,false],"1536x1536":["https:\/\/arantv.az\/wp-content\/uploads\/2018\/11\/tf0f4n92ou33d6abufm4nr41c2yap.jpg",1000,647,false],"2048x2048":["https:\/\/arantv.az\/wp-content\/uploads\/2018\/11\/tf0f4n92ou33d6abufm4nr41c2yap.jpg",1000,647,false],"post-thumbnail":["https:\/\/arantv.az\/wp-content\/uploads\/2018\/11\/tf0f4n92ou33d6abufm4nr41c2yap-240x172.jpg",240,172,true],"advps-thumb-one":["https:\/\/arantv.az\/wp-content\/uploads\/2018\/11\/tf0f4n92ou33d6abufm4nr41c2yap-1000x620.jpg",1000,620,true]},"rttpg_author":{"display_name":"V\u00fcsal Rafiqo\u011flu","author_link":"https:\/\/arantv.az\/?author=2"},"rttpg_comment":0,"rttpg_category":"<a href=\"https:\/\/arantv.az\/?cat=4\" rel=\"category\">Siyas\u0259t<\/a>","rttpg_excerpt":"ARANTV.AZ x\u0259b\u0259r verir ki, noyabr\u0131n 21-d\u0259 Yeni Az\u0259rbaycan Partiyas\u0131n\u0131n (YAP) yarad\u0131lmas\u0131n\u0131n 26-c\u0131 ild\u00f6n\u00fcm\u00fc il\u0259 ba\u011fl\u0131 partiyan\u0131n m\u0259rk\u0259zi q\u0259rargah\u0131nda t\u0259dbir ke\u00e7irilib. T\u0259dbird\u0259 \u00e7\u0131x\u0131\u015f ed\u0259n Yeni Az\u0259rbaycan Partiyas\u0131 s\u0259drinin m\u00fcavini-icra katibi, Ba\u015f nazirin m\u00fcavini \u018fli \u018fhm\u0259dov bildirib ki, bu g\u00fcn YAP Az\u0259rbaycan\u0131n siyasi ab-havas\u0131n\u0131n indikatoru rolunda oynay\u0131r. O deyib ki, Yeni Az\u0259rbaycan Partiyas\u0131n\u0131n yaranmas\u0131 Az\u0259rbaycan\u0131n m\u00fcasir tarixinin&hellip;","_links":{"self":[{"href":"https:\/\/arantv.az\/index.php?rest_route=\/wp\/v2\/posts\/24391"}],"collection":[{"href":"https:\/\/arantv.az\/index.php?rest_route=\/wp\/v2\/posts"}],"about":[{"href":"https:\/\/arantv.az\/index.php?rest_route=\/wp\/v2\/types\/post"}],"author":[{"embeddable":true,"href":"https:\/\/arantv.az\/index.php?rest_route=\/wp\/v2\/users\/2"}],"replies":[{"embeddable":true,"href":"https:\/\/arantv.az\/index.php?rest_route=%2Fwp%2Fv2%2Fcomments&post=24391"}],"version-history":[{"count":0,"href":"https:\/\/arantv.az\/index.php?rest_route=\/wp\/v2\/posts\/24391\/revisions"}],"wp:featuredmedia":[{"embeddable":true,"href":"https:\/\/arantv.az\/index.php?rest_route=\/wp\/v2\/media\/24392"}],"wp:attachment":[{"href":"https:\/\/arantv.az\/index.php?rest_route=%2Fwp%2Fv2%2Fmedia&parent=24391"}],"wp:term":[{"taxonomy":"category","embeddable":true,"href":"https:\/\/arantv.az\/index.php?rest_route=%2Fwp%2Fv2%2Fcategories&post=24391"},{"taxonomy":"post_tag","embeddable":true,"href":"https:\/\/arantv.az\/index.php?rest_route=%2Fwp%2Fv2%2Ftags&post=24391"}],"curies":[{"name":"wp","href":"https:\/\/api.w.org\/{rel}","templated":true}]}}