{"id":244001,"date":"2020-11-28T14:36:08","date_gmt":"2020-11-28T11:36:08","guid":{"rendered":"http:\/\/arantv.az\/?p=244001"},"modified":"2020-11-28T14:36:08","modified_gmt":"2020-11-28T11:36:08","slug":"pkk-nin-liderl%c9%99ri-erm%c9%99nil%c9%99rl%c9%99-birlikd%c9%99-doyusdukl%c9%99rini-etiraf-etdil%c9%99r","status":"publish","type":"post","link":"https:\/\/arantv.az\/?p=244001","title":{"rendered":"PKK-n\u0131n \u201cliderl\u0259ri\u201d erm\u0259nil\u0259rl\u0259 birlikd\u0259 d\u00f6y\u00fc\u015fd\u00fckl\u0259rini etiraf etdil\u0259r"},"content":{"rendered":"<p>PKK\/KCK-n\u0131n qad\u0131n t\u0259\u015fkilat\u0131n\u0131n \u201cliderl\u0259rind\u0259n\u201d olan Layika G\u00fclt\u0259kin erm\u0259nil\u0259rl\u0259 birlikd\u0259 d\u00f6y\u00fc\u015fd\u00fckl\u0259rini etiraf edib.<\/p>\n<p>Bu bar\u0259d\u0259 \u201cHaber Global\u201d T\u00fcrkiy\u0259nin T\u0259hl\u00fck\u0259sizlik Q\u00fcvv\u0259l\u0259rin\u0259 istinadla m\u0259lumat yay\u0131b.<\/p>\n<p>M\u0259lumata g\u00f6r\u0259, L.G\u00fclt\u0259kin bu etiraf\u0131 t\u0259\u015fkilat\u0131n n\u0259\u015frind\u0259 edib.<\/p>\n<div id=\"AdviadNativeVideo0\" class=\"AdviadNativeVideo\"><\/div>\n<p>\u201cBiz Qaraba\u011fa gedib, erm\u0259ni \u0259sg\u0259rl\u0259ri il\u0259 birg\u0259 vuru\u015furuq. Erm\u0259nistan xalq\u0131 n\u0259 vaxt ist\u0259s\u0259, h\u0259mi\u015f\u0259 onlarla birlikd\u0259 olaca\u011f\u0131q\u201d, &#8211; dey\u0259n t\u0259\u015fkilat \u201cr\u0259hb\u0259ri\u201d terror\u00e7ular\u0131n Az\u0259rbaycana qar\u015f\u0131 m\u00fcbariz\u0259 apard\u0131qlar\u0131n\u0131 bildirib.<\/p>\n<p>Bununla da PKK terror\u00e7ular\u0131n\u0131n Da\u011fl\u0131q Qaraba\u011fda Erm\u0259nistan h\u0259rb\u00e7il\u0259ri il\u0259 bir s\u0131rada oldu\u011fu bir daha s\u00fcbut edilib.<\/p>\n<p>M\u0259nb\u0259 bildirib ki, PKK\/KCK terror t\u0259\u015fkilat\u0131n\u0131n Qaraba\u011fda Erm\u0259nistan\u0131n t\u0259r\u0259fini tutmaqda \u0259sas m\u0259qs\u0259di r\u0259smi \u0130r\u0259van\u0131n PKK-n\u0131 \u0130raq\u0131n \u015fimal\u0131nda d\u0259st\u0259k olmas\u0131na s\u00f6vq etm\u0259kdir.<\/p>\n","protected":false},"excerpt":{"rendered":"<p>PKK\/KCK-n\u0131n qad\u0131n t\u0259\u015fkilat\u0131n\u0131n \u201cliderl\u0259rind\u0259n\u201d olan Layika G\u00fclt\u0259kin erm\u0259nil\u0259rl\u0259 birlikd\u0259 d\u00f6y\u00fc\u015fd\u00fckl\u0259rini etiraf edib. Bu bar\u0259d\u0259 \u201cHaber Global\u201d T\u00fcrkiy\u0259nin T\u0259hl\u00fck\u0259sizlik Q\u00fcvv\u0259l\u0259rin\u0259 istinadla m\u0259lumat yay\u0131b. M\u0259lumata g\u00f6r\u0259, L.G\u00fclt\u0259kin bu etiraf\u0131 t\u0259\u015fkilat\u0131n n\u0259\u015frind\u0259 edib. \u201cBiz Qaraba\u011fa gedib, erm\u0259ni \u0259sg\u0259rl\u0259ri il\u0259 birg\u0259 vuru\u015furuq. Erm\u0259nistan xalq\u0131 n\u0259 vaxt ist\u0259s\u0259, h\u0259mi\u015f\u0259 onlarla birlikd\u0259 olaca\u011f\u0131q\u201d, &#8211; dey\u0259n t\u0259\u015fkilat \u201cr\u0259hb\u0259ri\u201d terror\u00e7ular\u0131n Az\u0259rbaycana qar\u015f\u0131 m\u00fcbariz\u0259 apard\u0131qlar\u0131n\u0131 bildirib. Bununla da PKK terror\u00e7ular\u0131n\u0131n Da\u011fl\u0131q Qaraba\u011fda Erm\u0259nistan h\u0259rb\u00e7il\u0259ri il\u0259 bir s\u0131rada oldu\u011fu bir daha s\u00fcbut edilib. M\u0259nb\u0259 bildirib ki, PKK\/KCK terror t\u0259\u015fkilat\u0131n\u0131n Qaraba\u011fda Erm\u0259nistan\u0131n t\u0259r\u0259fini tutmaqda \u0259sas m\u0259qs\u0259di r\u0259smi \u0130r\u0259van\u0131n PKK-n\u0131 \u0130raq\u0131n \u015fimal\u0131nda&hellip;<\/p>\n","protected":false},"author":2,"featured_media":244002,"comment_status":"closed","ping_status":"closed","sticky":false,"template":"","format":"standard","meta":{"om_disable_all_campaigns":false,"_monsterinsights_skip_tracking":false,"_monsterinsights_sitenote_active":false,"_monsterinsights_sitenote_note":"","_monsterinsights_sitenote_category":0},"categories":[10],"tags":[],"aioseo_notices":[],"gutentor_comment":0,"rttpg_featured_image_url":{"full":["https:\/\/arantv.az\/wp-content\/uploads\/2020\/11\/pkkdan_son_dakika_azerbaycanermenistan_itirafi_1606560079_3844.jpg",620,360,false],"landscape":["https:\/\/arantv.az\/wp-content\/uploads\/2020\/11\/pkkdan_son_dakika_azerbaycanermenistan_itirafi_1606560079_3844.jpg",620,360,false],"portraits":["https:\/\/arantv.az\/wp-content\/uploads\/2020\/11\/pkkdan_son_dakika_azerbaycanermenistan_itirafi_1606560079_3844.jpg",620,360,false],"thumbnail":["https:\/\/arantv.az\/wp-content\/uploads\/2020\/11\/pkkdan_son_dakika_azerbaycanermenistan_itirafi_1606560079_3844-150x150.jpg",150,150,true],"medium":["https:\/\/arantv.az\/wp-content\/uploads\/2020\/11\/pkkdan_son_dakika_azerbaycanermenistan_itirafi_1606560079_3844-300x174.jpg",300,174,true],"large":["https:\/\/arantv.az\/wp-content\/uploads\/2020\/11\/pkkdan_son_dakika_azerbaycanermenistan_itirafi_1606560079_3844.jpg",620,360,false],"1536x1536":["https:\/\/arantv.az\/wp-content\/uploads\/2020\/11\/pkkdan_son_dakika_azerbaycanermenistan_itirafi_1606560079_3844.jpg",620,360,false],"2048x2048":["https:\/\/arantv.az\/wp-content\/uploads\/2020\/11\/pkkdan_son_dakika_azerbaycanermenistan_itirafi_1606560079_3844.jpg",620,360,false],"post-thumbnail":["https:\/\/arantv.az\/wp-content\/uploads\/2020\/11\/pkkdan_son_dakika_azerbaycanermenistan_itirafi_1606560079_3844-240x172.jpg",240,172,true],"advps-thumb-one":["https:\/\/arantv.az\/wp-content\/uploads\/2020\/11\/pkkdan_son_dakika_azerbaycanermenistan_itirafi_1606560079_3844.jpg",620,360,false]},"rttpg_author":{"display_name":"V\u00fcsal Rafiqo\u011flu","author_link":"https:\/\/arantv.az\/?author=2"},"rttpg_comment":0,"rttpg_category":"<a href=\"https:\/\/arantv.az\/?cat=10\" rel=\"category\">C\u0259bh\u0259d\u0259n X\u0259b\u0259r<\/a>","rttpg_excerpt":"PKK\/KCK-n\u0131n qad\u0131n t\u0259\u015fkilat\u0131n\u0131n \u201cliderl\u0259rind\u0259n\u201d olan Layika G\u00fclt\u0259kin erm\u0259nil\u0259rl\u0259 birlikd\u0259 d\u00f6y\u00fc\u015fd\u00fckl\u0259rini etiraf edib. Bu bar\u0259d\u0259 \u201cHaber Global\u201d T\u00fcrkiy\u0259nin T\u0259hl\u00fck\u0259sizlik Q\u00fcvv\u0259l\u0259rin\u0259 istinadla m\u0259lumat yay\u0131b. M\u0259lumata g\u00f6r\u0259, L.G\u00fclt\u0259kin bu etiraf\u0131 t\u0259\u015fkilat\u0131n n\u0259\u015frind\u0259 edib. \u201cBiz Qaraba\u011fa gedib, erm\u0259ni \u0259sg\u0259rl\u0259ri il\u0259 birg\u0259 vuru\u015furuq. Erm\u0259nistan xalq\u0131 n\u0259 vaxt ist\u0259s\u0259, h\u0259mi\u015f\u0259 onlarla birlikd\u0259 olaca\u011f\u0131q\u201d, &#8211; dey\u0259n t\u0259\u015fkilat \u201cr\u0259hb\u0259ri\u201d terror\u00e7ular\u0131n Az\u0259rbaycana qar\u015f\u0131 m\u00fcbariz\u0259&hellip;","_links":{"self":[{"href":"https:\/\/arantv.az\/index.php?rest_route=\/wp\/v2\/posts\/244001"}],"collection":[{"href":"https:\/\/arantv.az\/index.php?rest_route=\/wp\/v2\/posts"}],"about":[{"href":"https:\/\/arantv.az\/index.php?rest_route=\/wp\/v2\/types\/post"}],"author":[{"embeddable":true,"href":"https:\/\/arantv.az\/index.php?rest_route=\/wp\/v2\/users\/2"}],"replies":[{"embeddable":true,"href":"https:\/\/arantv.az\/index.php?rest_route=%2Fwp%2Fv2%2Fcomments&post=244001"}],"version-history":[{"count":0,"href":"https:\/\/arantv.az\/index.php?rest_route=\/wp\/v2\/posts\/244001\/revisions"}],"wp:featuredmedia":[{"embeddable":true,"href":"https:\/\/arantv.az\/index.php?rest_route=\/wp\/v2\/media\/244002"}],"wp:attachment":[{"href":"https:\/\/arantv.az\/index.php?rest_route=%2Fwp%2Fv2%2Fmedia&parent=244001"}],"wp:term":[{"taxonomy":"category","embeddable":true,"href":"https:\/\/arantv.az\/index.php?rest_route=%2Fwp%2Fv2%2Fcategories&post=244001"},{"taxonomy":"post_tag","embeddable":true,"href":"https:\/\/arantv.az\/index.php?rest_route=%2Fwp%2Fv2%2Ftags&post=244001"}],"curies":[{"name":"wp","href":"https:\/\/api.w.org\/{rel}","templated":true}]}}