{"id":244005,"date":"2020-11-28T14:37:27","date_gmt":"2020-11-28T11:37:27","guid":{"rendered":"http:\/\/arantv.az\/?p=244005"},"modified":"2020-11-28T14:37:27","modified_gmt":"2020-11-28T11:37:27","slug":"v%c9%99t%c9%99n-ucun-iki-gozund%c9%99n-kec%c9%99n-%c9%99sg%c9%99rimiz-ur%c9%99k-dagladi-foto","status":"publish","type":"post","link":"https:\/\/arantv.az\/?p=244005","title":{"rendered":"V\u0259t\u0259n \u00fc\u00e7\u00fcn \u0130K\u0130 G\u00d6Z\u00dcND\u018fN ke\u00e7\u0259n \u018fSG\u018fR\u0130M\u0130Z \u00dcR\u018fK DA\u011eLADI- FOTO"},"content":{"rendered":"<p>\u0130kinci Qaraba\u011f sava\u015f\u0131nda i\u015ftirak edib, yaralanan qazimiz H\u00fcseynov \u0130smay\u0131l\u0131n g\u00f6r\u00fcnt\u00fcl\u0259ri h\u0259r k\u0259si k\u00f6vr\u0259ldib.<\/p>\n<p><strong>ARANTV.AZ<\/strong>\u00a0\u00a0<a title=\"en son xeberler 2020\" href=\"https:\/\/sonxeber.az\/\" target=\"_blank\" rel=\"noopener\">Sonxeber.az<\/a>-a istinad\u0259n\u00a0<a title=\"xeberler son xeberler 2020\" href=\"https:\/\/big.az\/\" target=\"_blank\" rel=\"noopener\">x\u0259b\u0259r<\/a>\u00a0verir ki, qazimiz d\u00f6y\u00fc\u015fl\u0259r zaman\u0131 h\u0259r iki g\u00f6z\u00fcn\u00fc itirib. Foto sosial \u015f\u0259b\u0259k\u0259l\u0259rd\u0259 yay\u0131l\u0131b. H\u0259r k\u0259s bu g\u00f6r\u00fcnt\u00fcl\u0259r\u0259 k\u00f6vr\u0259ldiyini yaz\u0131b.<\/p>\n<div id=\"AdviadNativeVideo0\" class=\"AdviadNativeVideo\"><\/div>\n<p><img class=\"imgbcode\" src=\"https:\/\/upload.az\/foto\/arxiv\/1606560477img_20201128_144723.jpg\" alt=\"V\u0259t\u0259n \u00fc\u00e7\u00fcn \u0130K\u0130 G\u00d6Z\u00dcND\u018fN ke\u00e7\u0259n \u018fSG\u018fR\u0130M\u0130Z \u00dcR\u018fK DA\u011eLADI- FOTO\" \/><\/p>\n","protected":false},"excerpt":{"rendered":"<p>\u0130kinci Qaraba\u011f sava\u015f\u0131nda i\u015ftirak edib, yaralanan qazimiz H\u00fcseynov \u0130smay\u0131l\u0131n g\u00f6r\u00fcnt\u00fcl\u0259ri h\u0259r k\u0259si k\u00f6vr\u0259ldib. ARANTV.AZ\u00a0\u00a0Sonxeber.az-a istinad\u0259n\u00a0x\u0259b\u0259r\u00a0verir ki, qazimiz d\u00f6y\u00fc\u015fl\u0259r zaman\u0131 h\u0259r iki g\u00f6z\u00fcn\u00fc itirib. Foto sosial \u015f\u0259b\u0259k\u0259l\u0259rd\u0259 yay\u0131l\u0131b. H\u0259r k\u0259s bu g\u00f6r\u00fcnt\u00fcl\u0259r\u0259 k\u00f6vr\u0259ldiyini yaz\u0131b.<\/p>\n","protected":false},"author":2,"featured_media":244006,"comment_status":"closed","ping_status":"closed","sticky":false,"template":"","format":"standard","meta":{"om_disable_all_campaigns":false,"_monsterinsights_skip_tracking":false,"_monsterinsights_sitenote_active":false,"_monsterinsights_sitenote_note":"","_monsterinsights_sitenote_category":0},"categories":[26],"tags":[],"aioseo_notices":[],"gutentor_comment":0,"rttpg_featured_image_url":{"full":["https:\/\/arantv.az\/wp-content\/uploads\/2020\/11\/img_20201128_144723.jpg",490,599,false],"landscape":["https:\/\/arantv.az\/wp-content\/uploads\/2020\/11\/img_20201128_144723.jpg",490,599,false],"portraits":["https:\/\/arantv.az\/wp-content\/uploads\/2020\/11\/img_20201128_144723.jpg",490,599,false],"thumbnail":["https:\/\/arantv.az\/wp-content\/uploads\/2020\/11\/img_20201128_144723-150x150.jpg",150,150,true],"medium":["https:\/\/arantv.az\/wp-content\/uploads\/2020\/11\/img_20201128_144723-245x300.jpg",245,300,true],"large":["https:\/\/arantv.az\/wp-content\/uploads\/2020\/11\/img_20201128_144723.jpg",490,599,false],"1536x1536":["https:\/\/arantv.az\/wp-content\/uploads\/2020\/11\/img_20201128_144723.jpg",490,599,false],"2048x2048":["https:\/\/arantv.az\/wp-content\/uploads\/2020\/11\/img_20201128_144723.jpg",490,599,false],"post-thumbnail":["https:\/\/arantv.az\/wp-content\/uploads\/2020\/11\/img_20201128_144723-240x172.jpg",240,172,true],"advps-thumb-one":["https:\/\/arantv.az\/wp-content\/uploads\/2020\/11\/img_20201128_144723.jpg",490,599,false]},"rttpg_author":{"display_name":"V\u00fcsal Rafiqo\u011flu","author_link":"https:\/\/arantv.az\/?author=2"},"rttpg_comment":0,"rttpg_category":"<a href=\"https:\/\/arantv.az\/?cat=26\" rel=\"category\">Sosial<\/a>","rttpg_excerpt":"\u0130kinci Qaraba\u011f sava\u015f\u0131nda i\u015ftirak edib, yaralanan qazimiz H\u00fcseynov \u0130smay\u0131l\u0131n g\u00f6r\u00fcnt\u00fcl\u0259ri h\u0259r k\u0259si k\u00f6vr\u0259ldib. ARANTV.AZ\u00a0\u00a0Sonxeber.az-a istinad\u0259n\u00a0x\u0259b\u0259r\u00a0verir ki, qazimiz d\u00f6y\u00fc\u015fl\u0259r zaman\u0131 h\u0259r iki g\u00f6z\u00fcn\u00fc itirib. Foto sosial \u015f\u0259b\u0259k\u0259l\u0259rd\u0259 yay\u0131l\u0131b. H\u0259r k\u0259s bu g\u00f6r\u00fcnt\u00fcl\u0259r\u0259 k\u00f6vr\u0259ldiyini yaz\u0131b.","_links":{"self":[{"href":"https:\/\/arantv.az\/index.php?rest_route=\/wp\/v2\/posts\/244005"}],"collection":[{"href":"https:\/\/arantv.az\/index.php?rest_route=\/wp\/v2\/posts"}],"about":[{"href":"https:\/\/arantv.az\/index.php?rest_route=\/wp\/v2\/types\/post"}],"author":[{"embeddable":true,"href":"https:\/\/arantv.az\/index.php?rest_route=\/wp\/v2\/users\/2"}],"replies":[{"embeddable":true,"href":"https:\/\/arantv.az\/index.php?rest_route=%2Fwp%2Fv2%2Fcomments&post=244005"}],"version-history":[{"count":0,"href":"https:\/\/arantv.az\/index.php?rest_route=\/wp\/v2\/posts\/244005\/revisions"}],"wp:featuredmedia":[{"embeddable":true,"href":"https:\/\/arantv.az\/index.php?rest_route=\/wp\/v2\/media\/244006"}],"wp:attachment":[{"href":"https:\/\/arantv.az\/index.php?rest_route=%2Fwp%2Fv2%2Fmedia&parent=244005"}],"wp:term":[{"taxonomy":"category","embeddable":true,"href":"https:\/\/arantv.az\/index.php?rest_route=%2Fwp%2Fv2%2Fcategories&post=244005"},{"taxonomy":"post_tag","embeddable":true,"href":"https:\/\/arantv.az\/index.php?rest_route=%2Fwp%2Fv2%2Ftags&post=244005"}],"curies":[{"name":"wp","href":"https:\/\/api.w.org\/{rel}","templated":true}]}}