{"id":244013,"date":"2020-11-28T14:45:32","date_gmt":"2020-11-28T11:45:32","guid":{"rendered":"http:\/\/arantv.az\/?p=244013"},"modified":"2020-11-28T14:45:32","modified_gmt":"2020-11-28T11:45:32","slug":"astarada-iki-n%c9%99f%c9%99r-covid-19-x%c9%99st%c9%99si-evi-t%c9%99rk-edib-foto","status":"publish","type":"post","link":"https:\/\/arantv.az\/?p=244013","title":{"rendered":"Astarada iki n\u0259f\u0259r COVID-19 x\u0259st\u0259si evi t\u0259rk edib &#8211; FOTO"},"content":{"rendered":"<p>Astara Rayon Polis \u015e\u00f6b\u0259sinin \u0259m\u0259kda\u015flar\u0131n\u0131n ke\u00e7irdikl\u0259ri\u00a0m\u00fcvafiq t\u0259dbirl\u0259rl\u0259 COVID-19 infeksiyas\u0131na yoluxmu\u015f daha iki\u00a0n\u0259f\u0259r rayon sakininin ya\u015fay\u0131\u015f yerini t\u0259rk etdiyi m\u00fc\u0259yy\u0259n edilib.<\/p>\n<p>Bu bar\u0259d\u0259 Daxili \u0130\u015fl\u0259r Nazirliyinin (D\u0130N)\u00a0M\u0259tbuat Xidm\u0259tinin L\u0259nk\u0259ran regional qrupundan m\u0259lumat verilib.<\/p>\n<p>M\u0259lumata g\u00f6r\u0259, Astara rayonunun Kij\u0259b\u0259 q\u0259s\u0259b\u0259sinin sakini V.Babayev\u0259 v\u0259 Ma\u015fxan k\u0259nd sakini F.Babayevaya COVID-19 infeksiyas\u0131 testinin pozitiv n\u0259tic\u0259sin\u0259 go\u0308r\u0259 ev s\u0327\u0259raitind\u0259 mu\u0308alic\u0259 t\u0259yin edilib v\u0259 onlara ya\u015fay\u0131\u015f yerini t\u0259rk etm\u0259m\u0259l\u0259ri tap\u015f\u0131r\u0131l\u0131b.<\/p>\n<div id=\"AdviadNativeVideo0\" class=\"AdviadNativeVideo\"><\/div>\n<p>Lakin Astara Rayon Polis \u015e\u00f6b\u0259sinin \u0259m\u0259kda\u015flar\u0131n\u0131n ke\u00e7irdikl\u0259ri\u00a0m\u00fcvafiq t\u0259dbirl\u0259rl\u0259 h\u0259min \u015f\u0259xsl\u0259rin ya\u015fay\u0131\u015f yerl\u0259rini t\u0259rk etdiyi m\u00fc\u0259yy\u0259n edilib v\u0259 onlar saxlan\u0131laraq ya\u015fad\u0131qlar\u0131 \u00fcnvanlara geri qaytar\u0131l\u0131blar.<\/p>\n<p>H\u0259min \u015f\u0259xsl\u0259rin\u00a0t\u00f6r\u0259tdikl\u0259ri \u0259m\u0259l\u0259\u00a0h\u00fcquqi qiym\u0259t verilm\u0259si \u00fc\u00e7\u00fcn Astara RP\u015e-nin \u0130stintaq B\u00f6lm\u0259sind\u0259 ara\u015fd\u0131rma apar\u0131l\u0131r.<\/p>\n<p>Qeyd ed\u0259k ki, bu g\u00fcn\u0259 q\u0259d\u0259r Astarada ya\u015fay\u0131\u015f yerini t\u0259rk etmi\u015f be\u015f n\u0259f\u0259r COVID-19 x\u0259st\u0259si bar\u0259sind\u0259 cinay\u0259t i\u015fi ba\u015flan\u0131l\u0131b v\u0259 haz\u0131rda istintaq\u00a0davam etdirilir.<\/p>\n<div class=\"gallery\">\n<div class=\"gallery-i\"><img src=\"https:\/\/cdn.oxu.az\/uploads\/W1siZiIsIjIwMjAvMTEvMjgvMTUvMzEvMDEvN2EzYjc5NGMtMWRjMC00YmU4LWFlYzktMjYzODcwNTQzMmU3L1doYXRzQXBwIEltYWdlIDIwMjAtMTEtMjggYXQgMTAuNDQuMDMgKDEpLmpwZWciXSxbInAiLCJlbmNvZGUiLCJqcGciLCItcXVhbGl0eSA4MCJdLFsicCIsInRodW1iIiwiNTkweDU5MFx1MDAzZSJdXQ?sha=25041cbdbbd7edb6\" alt=\"\" \/><\/p>\n<div class=\"gallery-i-caption\"><\/div>\n<\/div>\n<div class=\"gallery-i\"><img src=\"https:\/\/cdn.oxu.az\/uploads\/W1siZiIsIjIwMjAvMTEvMjgvMTUvMzEvMjIvMTFlNmRhZDktNzYwMS00MjJjLTg5NGEtNzBkYjFhM2VkMzVjL1doYXRzQXBwIEltYWdlIDIwMjAtMTEtMjggYXQgMTAuNDQuMDMuanBlZyJdLFsicCIsImVuY29kZSIsImpwZyIsIi1xdWFsaXR5IDgwIl0sWyJwIiwidGh1bWIiLCI1OTB4NTkwXHUwMDNlIl1d?sha=8cb214546857f7cc\" alt=\"\" \/><\/div>\n<\/div>\n","protected":false},"excerpt":{"rendered":"<p>Astara Rayon Polis \u015e\u00f6b\u0259sinin \u0259m\u0259kda\u015flar\u0131n\u0131n ke\u00e7irdikl\u0259ri\u00a0m\u00fcvafiq t\u0259dbirl\u0259rl\u0259 COVID-19 infeksiyas\u0131na yoluxmu\u015f daha iki\u00a0n\u0259f\u0259r rayon sakininin ya\u015fay\u0131\u015f yerini t\u0259rk etdiyi m\u00fc\u0259yy\u0259n edilib. Bu bar\u0259d\u0259 Daxili \u0130\u015fl\u0259r Nazirliyinin (D\u0130N)\u00a0M\u0259tbuat Xidm\u0259tinin L\u0259nk\u0259ran regional qrupundan m\u0259lumat verilib. M\u0259lumata g\u00f6r\u0259, Astara rayonunun Kij\u0259b\u0259 q\u0259s\u0259b\u0259sinin sakini V.Babayev\u0259 v\u0259 Ma\u015fxan k\u0259nd sakini F.Babayevaya COVID-19 infeksiyas\u0131 testinin pozitiv n\u0259tic\u0259sin\u0259 go\u0308r\u0259 ev s\u0327\u0259raitind\u0259 mu\u0308alic\u0259 t\u0259yin edilib v\u0259 onlara ya\u015fay\u0131\u015f yerini t\u0259rk etm\u0259m\u0259l\u0259ri tap\u015f\u0131r\u0131l\u0131b. Lakin Astara Rayon Polis \u015e\u00f6b\u0259sinin \u0259m\u0259kda\u015flar\u0131n\u0131n ke\u00e7irdikl\u0259ri\u00a0m\u00fcvafiq t\u0259dbirl\u0259rl\u0259 h\u0259min \u015f\u0259xsl\u0259rin ya\u015fay\u0131\u015f yerl\u0259rini t\u0259rk etdiyi m\u00fc\u0259yy\u0259n edilib v\u0259 onlar saxlan\u0131laraq ya\u015fad\u0131qlar\u0131 \u00fcnvanlara geri qaytar\u0131l\u0131blar. H\u0259min \u015f\u0259xsl\u0259rin\u00a0t\u00f6r\u0259tdikl\u0259ri \u0259m\u0259l\u0259\u00a0h\u00fcquqi qiym\u0259t&hellip;<\/p>\n","protected":false},"author":2,"featured_media":244014,"comment_status":"closed","ping_status":"closed","sticky":false,"template":"","format":"standard","meta":{"om_disable_all_campaigns":false,"_monsterinsights_skip_tracking":false,"_monsterinsights_sitenote_active":false,"_monsterinsights_sitenote_note":"","_monsterinsights_sitenote_category":0},"categories":[26],"tags":[],"aioseo_notices":[],"gutentor_comment":0,"rttpg_featured_image_url":{"full":["https:\/\/arantv.az\/wp-content\/uploads\/2020\/11\/FotoJet-4-3.jpg",620,399,false],"landscape":["https:\/\/arantv.az\/wp-content\/uploads\/2020\/11\/FotoJet-4-3.jpg",620,399,false],"portraits":["https:\/\/arantv.az\/wp-content\/uploads\/2020\/11\/FotoJet-4-3.jpg",620,399,false],"thumbnail":["https:\/\/arantv.az\/wp-content\/uploads\/2020\/11\/FotoJet-4-3-150x150.jpg",150,150,true],"medium":["https:\/\/arantv.az\/wp-content\/uploads\/2020\/11\/FotoJet-4-3-300x193.jpg",300,193,true],"large":["https:\/\/arantv.az\/wp-content\/uploads\/2020\/11\/FotoJet-4-3.jpg",620,399,false],"1536x1536":["https:\/\/arantv.az\/wp-content\/uploads\/2020\/11\/FotoJet-4-3.jpg",620,399,false],"2048x2048":["https:\/\/arantv.az\/wp-content\/uploads\/2020\/11\/FotoJet-4-3.jpg",620,399,false],"post-thumbnail":["https:\/\/arantv.az\/wp-content\/uploads\/2020\/11\/FotoJet-4-3-240x172.jpg",240,172,true],"advps-thumb-one":["https:\/\/arantv.az\/wp-content\/uploads\/2020\/11\/FotoJet-4-3.jpg",620,399,false]},"rttpg_author":{"display_name":"V\u00fcsal Rafiqo\u011flu","author_link":"https:\/\/arantv.az\/?author=2"},"rttpg_comment":0,"rttpg_category":"<a href=\"https:\/\/arantv.az\/?cat=26\" rel=\"category\">Sosial<\/a>","rttpg_excerpt":"Astara Rayon Polis \u015e\u00f6b\u0259sinin \u0259m\u0259kda\u015flar\u0131n\u0131n ke\u00e7irdikl\u0259ri\u00a0m\u00fcvafiq t\u0259dbirl\u0259rl\u0259 COVID-19 infeksiyas\u0131na yoluxmu\u015f daha iki\u00a0n\u0259f\u0259r rayon sakininin ya\u015fay\u0131\u015f yerini t\u0259rk etdiyi m\u00fc\u0259yy\u0259n edilib. Bu bar\u0259d\u0259 Daxili \u0130\u015fl\u0259r Nazirliyinin (D\u0130N)\u00a0M\u0259tbuat Xidm\u0259tinin L\u0259nk\u0259ran regional qrupundan m\u0259lumat verilib. M\u0259lumata g\u00f6r\u0259, Astara rayonunun Kij\u0259b\u0259 q\u0259s\u0259b\u0259sinin sakini V.Babayev\u0259 v\u0259 Ma\u015fxan k\u0259nd sakini F.Babayevaya COVID-19 infeksiyas\u0131 testinin pozitiv n\u0259tic\u0259sin\u0259 go\u0308r\u0259 ev s\u0327\u0259raitind\u0259 mu\u0308alic\u0259 t\u0259yin&hellip;","_links":{"self":[{"href":"https:\/\/arantv.az\/index.php?rest_route=\/wp\/v2\/posts\/244013"}],"collection":[{"href":"https:\/\/arantv.az\/index.php?rest_route=\/wp\/v2\/posts"}],"about":[{"href":"https:\/\/arantv.az\/index.php?rest_route=\/wp\/v2\/types\/post"}],"author":[{"embeddable":true,"href":"https:\/\/arantv.az\/index.php?rest_route=\/wp\/v2\/users\/2"}],"replies":[{"embeddable":true,"href":"https:\/\/arantv.az\/index.php?rest_route=%2Fwp%2Fv2%2Fcomments&post=244013"}],"version-history":[{"count":0,"href":"https:\/\/arantv.az\/index.php?rest_route=\/wp\/v2\/posts\/244013\/revisions"}],"wp:featuredmedia":[{"embeddable":true,"href":"https:\/\/arantv.az\/index.php?rest_route=\/wp\/v2\/media\/244014"}],"wp:attachment":[{"href":"https:\/\/arantv.az\/index.php?rest_route=%2Fwp%2Fv2%2Fmedia&parent=244013"}],"wp:term":[{"taxonomy":"category","embeddable":true,"href":"https:\/\/arantv.az\/index.php?rest_route=%2Fwp%2Fv2%2Fcategories&post=244013"},{"taxonomy":"post_tag","embeddable":true,"href":"https:\/\/arantv.az\/index.php?rest_route=%2Fwp%2Fv2%2Ftags&post=244013"}],"curies":[{"name":"wp","href":"https:\/\/api.w.org\/{rel}","templated":true}]}}