{"id":244025,"date":"2020-11-28T14:57:38","date_gmt":"2020-11-28T11:57:38","guid":{"rendered":"http:\/\/arantv.az\/?p=244025"},"modified":"2020-11-28T14:57:38","modified_gmt":"2020-11-28T11:57:38","slug":"toivo-klaar-ai-c%c9%99nubi-qafqazda-sulh-v%c9%99-t%c9%99hluk%c9%99sizliyin-gucl%c9%99ndirilm%c9%99sind%c9%99-maraqlidir","status":"publish","type":"post","link":"https:\/\/arantv.az\/?p=244025","title":{"rendered":"Toivo Klaar: \u201cA\u0130 C\u0259nubi Qafqazda s\u00fclh v\u0259 t\u0259hl\u00fck\u0259sizliyin g\u00fccl\u0259ndirilm\u0259sind\u0259 maraql\u0131d\u0131r\u201d"},"content":{"rendered":"<p>Avropa \u0130ttifaq\u0131 (A\u0130) b\u00fct\u00fcn C\u0259nubi Qafqaz b\u00f6lg\u0259sinin t\u0259hl\u00fck\u0259sizliyinin t\u0259min edilm\u0259sin\u0259 q\u0259tiyy\u0259tl\u0259 sadiqdir.<\/p>\n<p>APA-n\u0131n G\u00fcrc\u00fcstan b\u00fcrosunun x\u0259b\u0259rin\u0259 g\u00f6r\u0259, bu bar\u0259d\u0259 A\u0130-nin C\u0259nubi Qafqaz v\u0259 G\u00fcrc\u00fcstan b\u00f6hran\u0131 \u00fczr\u0259 x\u00fcsusi m\u00fcmay\u0259nd\u0259si Toivo Klaar G\u00fcrc\u00fcstan\u0131n D\u00f6vl\u0259t T\u0259hl\u00fck\u0259sizliyi Xidm\u0259tinin (DTX) r\u0259isi Qriqol Lilua\u015fvili il\u0259 g\u00f6r\u00fc\u015fd\u0259n sonra bildirib.<\/p>\n<div id=\"AdviadNativeVideo0\" class=\"AdviadNativeVideo\"><\/div>\n<p>O qeyd edib ki, t\u0259r\u0259fl\u0259r g\u00f6r\u00fc\u015f zaman\u0131 regional t\u0259hl\u00fck\u0259sizlik m\u0259s\u0259l\u0259l\u0259rini m\u00fczakir\u0259 edibl\u0259r:<\/p>\n<p>\u201cBiz b\u00fct\u00fcn regionda s\u00fclh\u00fcn v\u0259 t\u0259hl\u00fck\u0259sizliyin inki\u015faf etdirilm\u0259sind\u0259 maraql\u0131y\u0131q v\u0259 bunun i\u015ftirak\u00e7\u0131s\u0131y\u0131q. M\u0259n \u00fcmid edir\u0259m ki, Avropa \u0130ttifaq\u0131n\u0131n b\u00fct\u00fcn C\u0259nubi Qafqaz regionunun t\u0259hl\u00fck\u0259sizliyinin g\u00fccl\u0259ndirilm\u0259sin\u0259 q\u0259tiyy\u0259tl\u0259 sadiq oldu\u011funu n\u00fcmayi\u015f etdir\u0259 bilmi\u015f\u0259m\u201d.<\/p>\n","protected":false},"excerpt":{"rendered":"<p>Avropa \u0130ttifaq\u0131 (A\u0130) b\u00fct\u00fcn C\u0259nubi Qafqaz b\u00f6lg\u0259sinin t\u0259hl\u00fck\u0259sizliyinin t\u0259min edilm\u0259sin\u0259 q\u0259tiyy\u0259tl\u0259 sadiqdir. APA-n\u0131n G\u00fcrc\u00fcstan b\u00fcrosunun x\u0259b\u0259rin\u0259 g\u00f6r\u0259, bu bar\u0259d\u0259 A\u0130-nin C\u0259nubi Qafqaz v\u0259 G\u00fcrc\u00fcstan b\u00f6hran\u0131 \u00fczr\u0259 x\u00fcsusi m\u00fcmay\u0259nd\u0259si Toivo Klaar G\u00fcrc\u00fcstan\u0131n D\u00f6vl\u0259t T\u0259hl\u00fck\u0259sizliyi Xidm\u0259tinin (DTX) r\u0259isi Qriqol Lilua\u015fvili il\u0259 g\u00f6r\u00fc\u015fd\u0259n sonra bildirib. O qeyd edib ki, t\u0259r\u0259fl\u0259r g\u00f6r\u00fc\u015f zaman\u0131 regional t\u0259hl\u00fck\u0259sizlik m\u0259s\u0259l\u0259l\u0259rini m\u00fczakir\u0259 edibl\u0259r: \u201cBiz b\u00fct\u00fcn regionda s\u00fclh\u00fcn v\u0259 t\u0259hl\u00fck\u0259sizliyin inki\u015faf etdirilm\u0259sind\u0259 maraql\u0131y\u0131q v\u0259 bunun i\u015ftirak\u00e7\u0131s\u0131y\u0131q. M\u0259n \u00fcmid edir\u0259m ki, Avropa \u0130ttifaq\u0131n\u0131n b\u00fct\u00fcn C\u0259nubi Qafqaz regionunun t\u0259hl\u00fck\u0259sizliyinin g\u00fccl\u0259ndirilm\u0259sin\u0259 q\u0259tiyy\u0259tl\u0259 sadiq oldu\u011funu n\u00fcmayi\u015f etdir\u0259 bilmi\u015f\u0259m\u201d.<\/p>\n","protected":false},"author":2,"featured_media":244026,"comment_status":"closed","ping_status":"closed","sticky":false,"template":"","format":"standard","meta":{"om_disable_all_campaigns":false,"_monsterinsights_skip_tracking":false,"_monsterinsights_sitenote_active":false,"_monsterinsights_sitenote_note":"","_monsterinsights_sitenote_category":0},"categories":[4],"tags":[],"aioseo_notices":[],"gutentor_comment":0,"rttpg_featured_image_url":{"full":["https:\/\/arantv.az\/wp-content\/uploads\/2020\/11\/tovia.jpg",620,413,false],"landscape":["https:\/\/arantv.az\/wp-content\/uploads\/2020\/11\/tovia.jpg",620,413,false],"portraits":["https:\/\/arantv.az\/wp-content\/uploads\/2020\/11\/tovia.jpg",620,413,false],"thumbnail":["https:\/\/arantv.az\/wp-content\/uploads\/2020\/11\/tovia-150x150.jpg",150,150,true],"medium":["https:\/\/arantv.az\/wp-content\/uploads\/2020\/11\/tovia-300x200.jpg",300,200,true],"large":["https:\/\/arantv.az\/wp-content\/uploads\/2020\/11\/tovia.jpg",620,413,false],"1536x1536":["https:\/\/arantv.az\/wp-content\/uploads\/2020\/11\/tovia.jpg",620,413,false],"2048x2048":["https:\/\/arantv.az\/wp-content\/uploads\/2020\/11\/tovia.jpg",620,413,false],"post-thumbnail":["https:\/\/arantv.az\/wp-content\/uploads\/2020\/11\/tovia-240x172.jpg",240,172,true],"advps-thumb-one":["https:\/\/arantv.az\/wp-content\/uploads\/2020\/11\/tovia.jpg",620,413,false]},"rttpg_author":{"display_name":"V\u00fcsal Rafiqo\u011flu","author_link":"https:\/\/arantv.az\/?author=2"},"rttpg_comment":0,"rttpg_category":"<a href=\"https:\/\/arantv.az\/?cat=4\" rel=\"category\">Siyas\u0259t<\/a>","rttpg_excerpt":"Avropa \u0130ttifaq\u0131 (A\u0130) b\u00fct\u00fcn C\u0259nubi Qafqaz b\u00f6lg\u0259sinin t\u0259hl\u00fck\u0259sizliyinin t\u0259min edilm\u0259sin\u0259 q\u0259tiyy\u0259tl\u0259 sadiqdir. APA-n\u0131n G\u00fcrc\u00fcstan b\u00fcrosunun x\u0259b\u0259rin\u0259 g\u00f6r\u0259, bu bar\u0259d\u0259 A\u0130-nin C\u0259nubi Qafqaz v\u0259 G\u00fcrc\u00fcstan b\u00f6hran\u0131 \u00fczr\u0259 x\u00fcsusi m\u00fcmay\u0259nd\u0259si Toivo Klaar G\u00fcrc\u00fcstan\u0131n D\u00f6vl\u0259t T\u0259hl\u00fck\u0259sizliyi Xidm\u0259tinin (DTX) r\u0259isi Qriqol Lilua\u015fvili il\u0259 g\u00f6r\u00fc\u015fd\u0259n sonra bildirib. O qeyd edib ki, t\u0259r\u0259fl\u0259r g\u00f6r\u00fc\u015f zaman\u0131 regional t\u0259hl\u00fck\u0259sizlik m\u0259s\u0259l\u0259l\u0259rini m\u00fczakir\u0259 edibl\u0259r: \u201cBiz&hellip;","_links":{"self":[{"href":"https:\/\/arantv.az\/index.php?rest_route=\/wp\/v2\/posts\/244025"}],"collection":[{"href":"https:\/\/arantv.az\/index.php?rest_route=\/wp\/v2\/posts"}],"about":[{"href":"https:\/\/arantv.az\/index.php?rest_route=\/wp\/v2\/types\/post"}],"author":[{"embeddable":true,"href":"https:\/\/arantv.az\/index.php?rest_route=\/wp\/v2\/users\/2"}],"replies":[{"embeddable":true,"href":"https:\/\/arantv.az\/index.php?rest_route=%2Fwp%2Fv2%2Fcomments&post=244025"}],"version-history":[{"count":0,"href":"https:\/\/arantv.az\/index.php?rest_route=\/wp\/v2\/posts\/244025\/revisions"}],"wp:featuredmedia":[{"embeddable":true,"href":"https:\/\/arantv.az\/index.php?rest_route=\/wp\/v2\/media\/244026"}],"wp:attachment":[{"href":"https:\/\/arantv.az\/index.php?rest_route=%2Fwp%2Fv2%2Fmedia&parent=244025"}],"wp:term":[{"taxonomy":"category","embeddable":true,"href":"https:\/\/arantv.az\/index.php?rest_route=%2Fwp%2Fv2%2Fcategories&post=244025"},{"taxonomy":"post_tag","embeddable":true,"href":"https:\/\/arantv.az\/index.php?rest_route=%2Fwp%2Fv2%2Ftags&post=244025"}],"curies":[{"name":"wp","href":"https:\/\/api.w.org\/{rel}","templated":true}]}}