{"id":244037,"date":"2020-11-28T15:18:36","date_gmt":"2020-11-28T12:18:36","guid":{"rendered":"http:\/\/arantv.az\/?p=244037"},"modified":"2020-11-28T15:18:36","modified_gmt":"2020-11-28T12:18:36","slug":"arvadini-amansizliqla-oldur%c9%99n-kisinin-m%c9%99hk%c9%99m%c9%99si-baslayir","status":"publish","type":"post","link":"https:\/\/arantv.az\/?p=244037","title":{"rendered":"Arvad\u0131n\u0131 amans\u0131zl\u0131qla \u00f6ld\u00fcr\u0259n ki\u015finin m\u0259hk\u0259m\u0259si ba\u015flay\u0131r"},"content":{"rendered":"<p>Ab\u015feron rayonunda arvad\u0131n\u0131 \u00f6ld\u00fcrm\u0259kd\u0259 t\u0259qsirl\u0259ndiril\u0259n \u0130lqar V\u0259liyevin cinay\u0259t i\u015fi \u00fczr\u0259 ibtidai istintaq ba\u015fa \u00e7at\u0131b.<\/p>\n<p><strong>ARANTV.AZ<\/strong> x\u0259b\u0259r verir ki, cinay\u0259t i\u015fin\u0259 Bak\u0131 A\u011f\u0131r Cinay\u0259tl\u0259r M\u0259hk\u0259m\u0259sind\u0259 hakim Samir \u018fliyevin s\u0259drliyi il\u0259 bax\u0131lacaq.<br \/>\nHaz\u0131rl\u0131q iclas\u0131 yax\u0131n g\u00fcnl\u0259rd\u0259 t\u0259yin edil\u0259c\u0259k.<\/p>\n<p>Qeyd ed\u0259k ki, hadis\u0259 avqustun 14-d\u0259 saat 12 rad\u0259l\u0259rind\u0259 Ab\u015feron rayonu \u0259razisind\u0259 ba\u015f verib.<\/p>\n<p>1975-ci il t\u0259v\u0259ll\u00fcdl\u00fc S\u0259yyar\u0259 V\u0259liyevan\u0131n ya\u015fad\u0131\u011f\u0131 m\u0259nzild\u0259 \u00e7oxsayl\u0131 b\u0131\u00e7aq x\u0259sar\u0259tl\u0259ri yetirilm\u0259kl\u0259 \u00f6ld\u00fcr\u00fclm\u0259si bar\u0259d\u0259 rayon prokurorlu\u011funa m\u0259lumat daxil olub.<\/p>\n<p>\u0130stintaqla hadis\u0259nin z\u0259r\u0259r\u00e7\u0259kmi\u015fin \u0259ri, 1967-ci il t\u0259v\u0259ll\u00fcdl\u00fc \u0130lqar V\u0259liyev t\u0259r\u0259find\u0259n \u015f\u0259xsi m\u00fcnasib\u0259tl\u0259r z\u0259minind\u0259 aralar\u0131nda yaranm\u0131\u015f m\u00fcnaqi\u015f\u0259 zaman\u0131 t\u00f6r\u0259dilm\u0259sin\u0259 \u0259sasl\u0131 \u015f\u00fcbh\u0259l\u0259r m\u00fc\u0259yy\u0259n edilib.<\/p>\n<p>Ona Cinay\u0259t M\u0259c\u0259ll\u0259sinin 120.2.4-c\u00fc (x\u00fcsusi amans\u0131zl\u0131qla v\u0259 ya \u00fcmumi t\u0259hl\u00fck\u0259li \u00fcsulla adam \u00f6ld\u00fcrm\u0259) madd\u0259si il\u0259 cinay\u0259t ittiham verilib.&#8221;Report&#8221;<\/p>\n","protected":false},"excerpt":{"rendered":"<p>Ab\u015feron rayonunda arvad\u0131n\u0131 \u00f6ld\u00fcrm\u0259kd\u0259 t\u0259qsirl\u0259ndiril\u0259n \u0130lqar V\u0259liyevin cinay\u0259t i\u015fi \u00fczr\u0259 ibtidai istintaq ba\u015fa \u00e7at\u0131b. ARANTV.AZ x\u0259b\u0259r verir ki, cinay\u0259t i\u015fin\u0259 Bak\u0131 A\u011f\u0131r Cinay\u0259tl\u0259r M\u0259hk\u0259m\u0259sind\u0259 hakim Samir \u018fliyevin s\u0259drliyi il\u0259 bax\u0131lacaq. Haz\u0131rl\u0131q iclas\u0131 yax\u0131n g\u00fcnl\u0259rd\u0259 t\u0259yin edil\u0259c\u0259k. Qeyd ed\u0259k ki, hadis\u0259 avqustun 14-d\u0259 saat 12 rad\u0259l\u0259rind\u0259 Ab\u015feron rayonu \u0259razisind\u0259 ba\u015f verib. 1975-ci il t\u0259v\u0259ll\u00fcdl\u00fc S\u0259yyar\u0259 V\u0259liyevan\u0131n ya\u015fad\u0131\u011f\u0131 m\u0259nzild\u0259 \u00e7oxsayl\u0131 b\u0131\u00e7aq x\u0259sar\u0259tl\u0259ri yetirilm\u0259kl\u0259 \u00f6ld\u00fcr\u00fclm\u0259si bar\u0259d\u0259 rayon prokurorlu\u011funa m\u0259lumat daxil olub. \u0130stintaqla hadis\u0259nin z\u0259r\u0259r\u00e7\u0259kmi\u015fin \u0259ri, 1967-ci il t\u0259v\u0259ll\u00fcdl\u00fc \u0130lqar V\u0259liyev t\u0259r\u0259find\u0259n \u015f\u0259xsi m\u00fcnasib\u0259tl\u0259r z\u0259minind\u0259 aralar\u0131nda yaranm\u0131\u015f m\u00fcnaqi\u015f\u0259 zaman\u0131 t\u00f6r\u0259dilm\u0259sin\u0259 \u0259sasl\u0131 \u015f\u00fcbh\u0259l\u0259r m\u00fc\u0259yy\u0259n edilib.&hellip;<\/p>\n","protected":false},"author":2,"featured_media":244038,"comment_status":"closed","ping_status":"closed","sticky":false,"template":"","format":"standard","meta":{"om_disable_all_campaigns":false,"_monsterinsights_skip_tracking":false,"_monsterinsights_sitenote_active":false,"_monsterinsights_sitenote_note":"","_monsterinsights_sitenote_category":0},"categories":[5],"tags":[],"aioseo_notices":[],"gutentor_comment":0,"rttpg_featured_image_url":{"full":["https:\/\/arantv.az\/wp-content\/uploads\/2020\/11\/16142a84-3556-36fc-b1a8-7a6e57a9a2c0_850.jpg",650,405,false],"landscape":["https:\/\/arantv.az\/wp-content\/uploads\/2020\/11\/16142a84-3556-36fc-b1a8-7a6e57a9a2c0_850.jpg",650,405,false],"portraits":["https:\/\/arantv.az\/wp-content\/uploads\/2020\/11\/16142a84-3556-36fc-b1a8-7a6e57a9a2c0_850.jpg",650,405,false],"thumbnail":["https:\/\/arantv.az\/wp-content\/uploads\/2020\/11\/16142a84-3556-36fc-b1a8-7a6e57a9a2c0_850-150x150.jpg",150,150,true],"medium":["https:\/\/arantv.az\/wp-content\/uploads\/2020\/11\/16142a84-3556-36fc-b1a8-7a6e57a9a2c0_850-300x187.jpg",300,187,true],"large":["https:\/\/arantv.az\/wp-content\/uploads\/2020\/11\/16142a84-3556-36fc-b1a8-7a6e57a9a2c0_850.jpg",640,399,false],"1536x1536":["https:\/\/arantv.az\/wp-content\/uploads\/2020\/11\/16142a84-3556-36fc-b1a8-7a6e57a9a2c0_850.jpg",650,405,false],"2048x2048":["https:\/\/arantv.az\/wp-content\/uploads\/2020\/11\/16142a84-3556-36fc-b1a8-7a6e57a9a2c0_850.jpg",650,405,false],"post-thumbnail":["https:\/\/arantv.az\/wp-content\/uploads\/2020\/11\/16142a84-3556-36fc-b1a8-7a6e57a9a2c0_850-240x172.jpg",240,172,true],"advps-thumb-one":["https:\/\/arantv.az\/wp-content\/uploads\/2020\/11\/16142a84-3556-36fc-b1a8-7a6e57a9a2c0_850.jpg",650,405,false]},"rttpg_author":{"display_name":"V\u00fcsal Rafiqo\u011flu","author_link":"https:\/\/arantv.az\/?author=2"},"rttpg_comment":0,"rttpg_category":"<a href=\"https:\/\/arantv.az\/?cat=5\" rel=\"category\">Hadis\u0259<\/a>","rttpg_excerpt":"Ab\u015feron rayonunda arvad\u0131n\u0131 \u00f6ld\u00fcrm\u0259kd\u0259 t\u0259qsirl\u0259ndiril\u0259n \u0130lqar V\u0259liyevin cinay\u0259t i\u015fi \u00fczr\u0259 ibtidai istintaq ba\u015fa \u00e7at\u0131b. ARANTV.AZ x\u0259b\u0259r verir ki, cinay\u0259t i\u015fin\u0259 Bak\u0131 A\u011f\u0131r Cinay\u0259tl\u0259r M\u0259hk\u0259m\u0259sind\u0259 hakim Samir \u018fliyevin s\u0259drliyi il\u0259 bax\u0131lacaq. Haz\u0131rl\u0131q iclas\u0131 yax\u0131n g\u00fcnl\u0259rd\u0259 t\u0259yin edil\u0259c\u0259k. Qeyd ed\u0259k ki, hadis\u0259 avqustun 14-d\u0259 saat 12 rad\u0259l\u0259rind\u0259 Ab\u015feron rayonu \u0259razisind\u0259 ba\u015f verib. 1975-ci il t\u0259v\u0259ll\u00fcdl\u00fc S\u0259yyar\u0259 V\u0259liyevan\u0131n&hellip;","_links":{"self":[{"href":"https:\/\/arantv.az\/index.php?rest_route=\/wp\/v2\/posts\/244037"}],"collection":[{"href":"https:\/\/arantv.az\/index.php?rest_route=\/wp\/v2\/posts"}],"about":[{"href":"https:\/\/arantv.az\/index.php?rest_route=\/wp\/v2\/types\/post"}],"author":[{"embeddable":true,"href":"https:\/\/arantv.az\/index.php?rest_route=\/wp\/v2\/users\/2"}],"replies":[{"embeddable":true,"href":"https:\/\/arantv.az\/index.php?rest_route=%2Fwp%2Fv2%2Fcomments&post=244037"}],"version-history":[{"count":0,"href":"https:\/\/arantv.az\/index.php?rest_route=\/wp\/v2\/posts\/244037\/revisions"}],"wp:featuredmedia":[{"embeddable":true,"href":"https:\/\/arantv.az\/index.php?rest_route=\/wp\/v2\/media\/244038"}],"wp:attachment":[{"href":"https:\/\/arantv.az\/index.php?rest_route=%2Fwp%2Fv2%2Fmedia&parent=244037"}],"wp:term":[{"taxonomy":"category","embeddable":true,"href":"https:\/\/arantv.az\/index.php?rest_route=%2Fwp%2Fv2%2Fcategories&post=244037"},{"taxonomy":"post_tag","embeddable":true,"href":"https:\/\/arantv.az\/index.php?rest_route=%2Fwp%2Fv2%2Ftags&post=244037"}],"curies":[{"name":"wp","href":"https:\/\/api.w.org\/{rel}","templated":true}]}}