{"id":244054,"date":"2020-11-28T16:40:58","date_gmt":"2020-11-28T13:40:58","guid":{"rendered":"http:\/\/arantv.az\/?p=244054"},"modified":"2020-11-28T16:40:58","modified_gmt":"2020-11-28T13:40:58","slug":"%c9%99rdogan-f%c9%99l%c9%99stind%c9%99n-liviyaya-dagliq-qarabagdan-suriyayad%c9%99k-mus%c9%99lmanlarin-yanindayiq-video","status":"publish","type":"post","link":"https:\/\/arantv.az\/?p=244054","title":{"rendered":"\u018frdo\u011fan: \u201cF\u0259l\u0259stind\u0259n Liviyaya, Da\u011fl\u0131q Qaraba\u011fdan Suriyayad\u0259k m\u00fcs\u0259lmanlar\u0131n yan\u0131nday\u0131q\u201d &#8211; V\u0130DEO"},"content":{"rendered":"<p>\u201cM\u00fcs\u0259lman \u0259traf\u0131nda \u0259minlik\u00a0ver\u0259n, \u0259lind\u0259n v\u0259 dilind\u0259n \u0259min olan insand\u0131r. Ba\u015fqa bir dind\u0259n oldu\u011fu \u00fc\u00e7\u00fcn insanlar\u0131n can\u0131na, mal\u0131na \u0259l uzatmaq, h\u0259tta h\u00f6rm\u0259tsizlik etm\u0259k m\u00fcs\u0259lmana yara\u015fmaz\u201d.<\/p>\n<p>Baku Tv x\u0259b\u0259r verir ki, bu s\u00f6zl\u0259ri T\u00fcrkiy\u0259 Prezidenti Receb Tayyib \u018frdo\u011fan onlayn konqresd\u0259 \u00e7\u0131x\u0131\u015f\u0131 zaman\u0131 deyib.<\/p>\n<p>\u201cKim olursa, olsun haqs\u0131zl\u0131q qar\u015f\u0131s\u0131nda susmaq bir m\u00fcs\u0259lmana yara\u015fmaz. Qarda\u015f\u0131na arxa \u00e7evirm\u0259k, qarda\u015f\u0131n\u0131 k\u00fcr\u0259yind\u0259n x\u0259nc\u0259rl\u0259m\u0259k bir m\u00fcs\u0259lmana yara\u015fmaz.<\/p>\n<div id=\"AdviadNativeVideo0\" class=\"AdviadNativeVideo\"><\/div>\n<p>Biz \u0130slam \u00fcmm\u0259tinin bir f\u0259rdi olaraq ail\u0259l\u0259rimiz v\u0259 qon\u015fular\u0131m\u0131zla b\u0259rab\u0259r milyonlarla insan\u0131n m\u0259suliyy\u0259tini da\u015f\u0131y\u0131r\u0131q. Biz\u00a0suriyal\u0131 m\u0259zlumlar\u0131n, acl\u0131qdan v\u0259\u00a0x\u0259st\u0259lik q\u0131r\u0131lan y\u0259m\u0259nli u\u015faqlar\u0131n, f\u0259l\u0259stinli yetiml\u0259rin h\u00fcququnu da qoruma\u011fa m\u00fck\u0259ll\u0259fik. Biz \u0130slam\u00a0\u00fcmm\u0259tinin g\u00f6z b\u0259b\u0259yi olan Q\u00fcds\u00fc can\u0131m\u0131z bahas\u0131na qoruma\u011fa borcluyuq. T\u00fcrkiy\u0259 olaraq F\u0259l\u0259stind\u0259n Liviyaya, Da\u011fl\u0131q Qaraba\u011fdan Suriyayad\u0259k \u0130slam co\u011frafiyas\u0131n\u0131n m\u00fcxt\u0259lif yerl\u0259rind\u0259 probleml\u0259r\u0259 bu anlay\u0131\u015fla yana\u015f\u0131r\u0131q. Zal\u0131mlar qar\u015f\u0131s\u0131nda dik durub, m\u0259zlumun kimliyin\u0259 baxmadan \u0259lind\u0259n tuturuq\u201d.<\/p>\n<p>&nbsp;<\/p>\n<div><iframe loading=\"lazy\" src=\"https:\/\/www.facebook.com\/plugins\/video.php?href=https%3A%2F%2Fwww.facebook.com%2Fwww.baku.tv%2Fvideos%2F211158080634228%2F&amp;show_text=0&amp;width=560\" width=\"560\" height=\"315\" frameborder=\"0\" scrolling=\"no\" allowfullscreen=\"allowfullscreen\" data-mce-fragment=\"1\"><\/iframe><\/div>\n<p>&nbsp;<\/p>\n","protected":false},"excerpt":{"rendered":"<p>\u201cM\u00fcs\u0259lman \u0259traf\u0131nda \u0259minlik\u00a0ver\u0259n, \u0259lind\u0259n v\u0259 dilind\u0259n \u0259min olan insand\u0131r. Ba\u015fqa bir dind\u0259n oldu\u011fu \u00fc\u00e7\u00fcn insanlar\u0131n can\u0131na, mal\u0131na \u0259l uzatmaq, h\u0259tta h\u00f6rm\u0259tsizlik etm\u0259k m\u00fcs\u0259lmana yara\u015fmaz\u201d. Baku Tv x\u0259b\u0259r verir ki, bu s\u00f6zl\u0259ri T\u00fcrkiy\u0259 Prezidenti Receb Tayyib \u018frdo\u011fan onlayn konqresd\u0259 \u00e7\u0131x\u0131\u015f\u0131 zaman\u0131 deyib. \u201cKim olursa, olsun haqs\u0131zl\u0131q qar\u015f\u0131s\u0131nda susmaq bir m\u00fcs\u0259lmana yara\u015fmaz. Qarda\u015f\u0131na arxa \u00e7evirm\u0259k, qarda\u015f\u0131n\u0131 k\u00fcr\u0259yind\u0259n x\u0259nc\u0259rl\u0259m\u0259k bir m\u00fcs\u0259lmana yara\u015fmaz. Biz \u0130slam \u00fcmm\u0259tinin bir f\u0259rdi olaraq ail\u0259l\u0259rimiz v\u0259 qon\u015fular\u0131m\u0131zla b\u0259rab\u0259r milyonlarla insan\u0131n m\u0259suliyy\u0259tini da\u015f\u0131y\u0131r\u0131q. Biz\u00a0suriyal\u0131 m\u0259zlumlar\u0131n, acl\u0131qdan v\u0259\u00a0x\u0259st\u0259lik q\u0131r\u0131lan y\u0259m\u0259nli u\u015faqlar\u0131n, f\u0259l\u0259stinli yetiml\u0259rin h\u00fcququnu da qoruma\u011fa m\u00fck\u0259ll\u0259fik. Biz \u0130slam\u00a0\u00fcmm\u0259tinin g\u00f6z b\u0259b\u0259yi&hellip;<\/p>\n","protected":false},"author":2,"featured_media":244055,"comment_status":"closed","ping_status":"closed","sticky":false,"template":"","format":"standard","meta":{"om_disable_all_campaigns":false,"_monsterinsights_skip_tracking":false,"_monsterinsights_sitenote_active":false,"_monsterinsights_sitenote_note":"","_monsterinsights_sitenote_category":0},"categories":[7],"tags":[],"aioseo_notices":[],"gutentor_comment":0,"rttpg_featured_image_url":{"full":["https:\/\/arantv.az\/wp-content\/uploads\/2020\/11\/erdogan-1.jpg",620,387,false],"landscape":["https:\/\/arantv.az\/wp-content\/uploads\/2020\/11\/erdogan-1.jpg",620,387,false],"portraits":["https:\/\/arantv.az\/wp-content\/uploads\/2020\/11\/erdogan-1.jpg",620,387,false],"thumbnail":["https:\/\/arantv.az\/wp-content\/uploads\/2020\/11\/erdogan-1-150x150.jpg",150,150,true],"medium":["https:\/\/arantv.az\/wp-content\/uploads\/2020\/11\/erdogan-1-300x187.jpg",300,187,true],"large":["https:\/\/arantv.az\/wp-content\/uploads\/2020\/11\/erdogan-1.jpg",620,387,false],"1536x1536":["https:\/\/arantv.az\/wp-content\/uploads\/2020\/11\/erdogan-1.jpg",620,387,false],"2048x2048":["https:\/\/arantv.az\/wp-content\/uploads\/2020\/11\/erdogan-1.jpg",620,387,false],"post-thumbnail":["https:\/\/arantv.az\/wp-content\/uploads\/2020\/11\/erdogan-1-240x172.jpg",240,172,true],"advps-thumb-one":["https:\/\/arantv.az\/wp-content\/uploads\/2020\/11\/erdogan-1.jpg",620,387,false]},"rttpg_author":{"display_name":"V\u00fcsal Rafiqo\u011flu","author_link":"https:\/\/arantv.az\/?author=2"},"rttpg_comment":0,"rttpg_category":"<a href=\"https:\/\/arantv.az\/?cat=7\" rel=\"category\">D\u00fcnya<\/a>","rttpg_excerpt":"\u201cM\u00fcs\u0259lman \u0259traf\u0131nda \u0259minlik\u00a0ver\u0259n, \u0259lind\u0259n v\u0259 dilind\u0259n \u0259min olan insand\u0131r. Ba\u015fqa bir dind\u0259n oldu\u011fu \u00fc\u00e7\u00fcn insanlar\u0131n can\u0131na, mal\u0131na \u0259l uzatmaq, h\u0259tta h\u00f6rm\u0259tsizlik etm\u0259k m\u00fcs\u0259lmana yara\u015fmaz\u201d. Baku Tv x\u0259b\u0259r verir ki, bu s\u00f6zl\u0259ri T\u00fcrkiy\u0259 Prezidenti Receb Tayyib \u018frdo\u011fan onlayn konqresd\u0259 \u00e7\u0131x\u0131\u015f\u0131 zaman\u0131 deyib. \u201cKim olursa, olsun haqs\u0131zl\u0131q qar\u015f\u0131s\u0131nda susmaq bir m\u00fcs\u0259lmana yara\u015fmaz. Qarda\u015f\u0131na arxa \u00e7evirm\u0259k, qarda\u015f\u0131n\u0131 k\u00fcr\u0259yind\u0259n&hellip;","_links":{"self":[{"href":"https:\/\/arantv.az\/index.php?rest_route=\/wp\/v2\/posts\/244054"}],"collection":[{"href":"https:\/\/arantv.az\/index.php?rest_route=\/wp\/v2\/posts"}],"about":[{"href":"https:\/\/arantv.az\/index.php?rest_route=\/wp\/v2\/types\/post"}],"author":[{"embeddable":true,"href":"https:\/\/arantv.az\/index.php?rest_route=\/wp\/v2\/users\/2"}],"replies":[{"embeddable":true,"href":"https:\/\/arantv.az\/index.php?rest_route=%2Fwp%2Fv2%2Fcomments&post=244054"}],"version-history":[{"count":0,"href":"https:\/\/arantv.az\/index.php?rest_route=\/wp\/v2\/posts\/244054\/revisions"}],"wp:featuredmedia":[{"embeddable":true,"href":"https:\/\/arantv.az\/index.php?rest_route=\/wp\/v2\/media\/244055"}],"wp:attachment":[{"href":"https:\/\/arantv.az\/index.php?rest_route=%2Fwp%2Fv2%2Fmedia&parent=244054"}],"wp:term":[{"taxonomy":"category","embeddable":true,"href":"https:\/\/arantv.az\/index.php?rest_route=%2Fwp%2Fv2%2Fcategories&post=244054"},{"taxonomy":"post_tag","embeddable":true,"href":"https:\/\/arantv.az\/index.php?rest_route=%2Fwp%2Fv2%2Ftags&post=244054"}],"curies":[{"name":"wp","href":"https:\/\/api.w.org\/{rel}","templated":true}]}}