{"id":244086,"date":"2020-11-28T16:49:16","date_gmt":"2020-11-28T13:49:16","guid":{"rendered":"http:\/\/arantv.az\/?p=244086"},"modified":"2020-11-28T16:49:16","modified_gmt":"2020-11-28T13:49:16","slug":"fuzulid%c9%99-h%c9%99lak-olanlardan-biri-bas-redaktordur","status":"publish","type":"post","link":"https:\/\/arantv.az\/?p=244086","title":{"rendered":"F\u00fczulid\u0259 h\u0259lak olanlardan biri ba\u015f redaktordur"},"content":{"rendered":"<p>Bu g\u00fcn Fu\u0308zuli rayonunun is\u0327g\u0306aldan azad olunmus\u0327 A\u015fa\u011f\u0131 Seyid\u0259hm\u0259dli k\u0259ndi \u0259razisind\u0259 &#8220;Toyota&#8221; markal\u0131 avtomobill\u0259 h\u0259r\u0259k\u0259td\u0259 olark\u0259n minaya du\u0308s\u0327\u0259r\u0259k h\u0259lak olalardan biri jurnalistdir.<\/p>\n<p>\u201cReport\u201dun x\u0259b\u0259rin\u0259 g\u00f6r\u0259, \u00f6l\u0259nl\u0259rd\u0259n Adilzad\u0259 Zibeyd\u0259 \u015eakir q\u0131z\u0131 (Zibeyd\u0259 \u015eakir) F\u00fczuli Rayon \u0130cra Hakimiyy\u0259tinin m\u0259tbu orqan\u0131 olan \u201cQay\u0131d\u0131\u015f\u201d q\u0259zetinin ba\u015f redaktorudur.<\/p>\n<div id=\"AdviadNativeVideo0\" class=\"AdviadNativeVideo\"><\/div>\n<p>Hadis\u0259 zaman\u0131 avtomobild\u0259 onunla birg\u0259 atas\u0131 Hac\u0131yev \u015eakir M\u0259h\u0259rr\u0259m og\u0306lu v\u0259 dig\u0259r qohumlar\u0131 da h\u0259lak olub.<\/p>\n<p>Xat\u0131rladaq ki, faktla bag\u0306l\u0131 Cinay\u0259t M\u0259c\u0259ll\u0259sinin 100.2 (t\u0259cavu\u0308zkar mu\u0308harib\u0259ni planlas\u0327d\u0131rma, haz\u0131rlama, bas\u0327lama v\u0259 ya aparma), 116.0.6 (silahl\u0131 mu\u0308naqis\u0327\u0259 zaman\u0131 beyn\u0259lxalq humanitar hu\u0308quq normalar\u0131n\u0131 pozma) v\u0259 dig\u0259r madd\u0259l\u0259ri il\u0259 cinay\u0259t is\u0327i bas\u0327lan\u0131l\u0131b v\u0259 istintaq\u0131n apar\u0131lmas\u0131 Bas\u0327 Prokurorlug\u0306un I\u0307stintaq idar\u0259sin\u0259 h\u0259val\u0259 edilib.<\/p>\n<p>Haz\u0131rda prokurorluq \u0259m\u0259kdas\u0327lar\u0131 t\u0259r\u0259find\u0259n intensiv istintaq h\u0259r\u0259k\u0259tl\u0259ri h\u0259yata kec\u0327irilir.<\/p>\n","protected":false},"excerpt":{"rendered":"<p>Bu g\u00fcn Fu\u0308zuli rayonunun is\u0327g\u0306aldan azad olunmus\u0327 A\u015fa\u011f\u0131 Seyid\u0259hm\u0259dli k\u0259ndi \u0259razisind\u0259 &#8220;Toyota&#8221; markal\u0131 avtomobill\u0259 h\u0259r\u0259k\u0259td\u0259 olark\u0259n minaya du\u0308s\u0327\u0259r\u0259k h\u0259lak olalardan biri jurnalistdir. \u201cReport\u201dun x\u0259b\u0259rin\u0259 g\u00f6r\u0259, \u00f6l\u0259nl\u0259rd\u0259n Adilzad\u0259 Zibeyd\u0259 \u015eakir q\u0131z\u0131 (Zibeyd\u0259 \u015eakir) F\u00fczuli Rayon \u0130cra Hakimiyy\u0259tinin m\u0259tbu orqan\u0131 olan \u201cQay\u0131d\u0131\u015f\u201d q\u0259zetinin ba\u015f redaktorudur. Hadis\u0259 zaman\u0131 avtomobild\u0259 onunla birg\u0259 atas\u0131 Hac\u0131yev \u015eakir M\u0259h\u0259rr\u0259m og\u0306lu v\u0259 dig\u0259r qohumlar\u0131 da h\u0259lak olub. Xat\u0131rladaq ki, faktla bag\u0306l\u0131 Cinay\u0259t M\u0259c\u0259ll\u0259sinin 100.2 (t\u0259cavu\u0308zkar mu\u0308harib\u0259ni planlas\u0327d\u0131rma, haz\u0131rlama, bas\u0327lama v\u0259 ya aparma), 116.0.6 (silahl\u0131 mu\u0308naqis\u0327\u0259 zaman\u0131 beyn\u0259lxalq humanitar hu\u0308quq normalar\u0131n\u0131 pozma) v\u0259 dig\u0259r madd\u0259l\u0259ri il\u0259 cinay\u0259t is\u0327i bas\u0327lan\u0131l\u0131b&hellip;<\/p>\n","protected":false},"author":2,"featured_media":244087,"comment_status":"closed","ping_status":"closed","sticky":false,"template":"","format":"standard","meta":{"om_disable_all_campaigns":false,"_monsterinsights_skip_tracking":false,"_monsterinsights_sitenote_active":false,"_monsterinsights_sitenote_note":"","_monsterinsights_sitenote_category":0},"categories":[5],"tags":[],"aioseo_notices":[],"gutentor_comment":0,"rttpg_featured_image_url":{"full":["https:\/\/arantv.az\/wp-content\/uploads\/2020\/11\/bc773cdb-173c-3113-bad5-cf003b1822c2_850.jpg",620,387,false],"landscape":["https:\/\/arantv.az\/wp-content\/uploads\/2020\/11\/bc773cdb-173c-3113-bad5-cf003b1822c2_850.jpg",620,387,false],"portraits":["https:\/\/arantv.az\/wp-content\/uploads\/2020\/11\/bc773cdb-173c-3113-bad5-cf003b1822c2_850.jpg",620,387,false],"thumbnail":["https:\/\/arantv.az\/wp-content\/uploads\/2020\/11\/bc773cdb-173c-3113-bad5-cf003b1822c2_850-150x150.jpg",150,150,true],"medium":["https:\/\/arantv.az\/wp-content\/uploads\/2020\/11\/bc773cdb-173c-3113-bad5-cf003b1822c2_850-300x187.jpg",300,187,true],"large":["https:\/\/arantv.az\/wp-content\/uploads\/2020\/11\/bc773cdb-173c-3113-bad5-cf003b1822c2_850.jpg",620,387,false],"1536x1536":["https:\/\/arantv.az\/wp-content\/uploads\/2020\/11\/bc773cdb-173c-3113-bad5-cf003b1822c2_850.jpg",620,387,false],"2048x2048":["https:\/\/arantv.az\/wp-content\/uploads\/2020\/11\/bc773cdb-173c-3113-bad5-cf003b1822c2_850.jpg",620,387,false],"post-thumbnail":["https:\/\/arantv.az\/wp-content\/uploads\/2020\/11\/bc773cdb-173c-3113-bad5-cf003b1822c2_850-240x172.jpg",240,172,true],"advps-thumb-one":["https:\/\/arantv.az\/wp-content\/uploads\/2020\/11\/bc773cdb-173c-3113-bad5-cf003b1822c2_850.jpg",620,387,false]},"rttpg_author":{"display_name":"V\u00fcsal Rafiqo\u011flu","author_link":"https:\/\/arantv.az\/?author=2"},"rttpg_comment":0,"rttpg_category":"<a href=\"https:\/\/arantv.az\/?cat=5\" rel=\"category\">Hadis\u0259<\/a>","rttpg_excerpt":"Bu g\u00fcn Fu\u0308zuli rayonunun is\u0327g\u0306aldan azad olunmus\u0327 A\u015fa\u011f\u0131 Seyid\u0259hm\u0259dli k\u0259ndi \u0259razisind\u0259 &#8220;Toyota&#8221; markal\u0131 avtomobill\u0259 h\u0259r\u0259k\u0259td\u0259 olark\u0259n minaya du\u0308s\u0327\u0259r\u0259k h\u0259lak olalardan biri jurnalistdir. \u201cReport\u201dun x\u0259b\u0259rin\u0259 g\u00f6r\u0259, \u00f6l\u0259nl\u0259rd\u0259n Adilzad\u0259 Zibeyd\u0259 \u015eakir q\u0131z\u0131 (Zibeyd\u0259 \u015eakir) F\u00fczuli Rayon \u0130cra Hakimiyy\u0259tinin m\u0259tbu orqan\u0131 olan \u201cQay\u0131d\u0131\u015f\u201d q\u0259zetinin ba\u015f redaktorudur. Hadis\u0259 zaman\u0131 avtomobild\u0259 onunla birg\u0259 atas\u0131 Hac\u0131yev \u015eakir M\u0259h\u0259rr\u0259m og\u0306lu v\u0259 dig\u0259r&hellip;","_links":{"self":[{"href":"https:\/\/arantv.az\/index.php?rest_route=\/wp\/v2\/posts\/244086"}],"collection":[{"href":"https:\/\/arantv.az\/index.php?rest_route=\/wp\/v2\/posts"}],"about":[{"href":"https:\/\/arantv.az\/index.php?rest_route=\/wp\/v2\/types\/post"}],"author":[{"embeddable":true,"href":"https:\/\/arantv.az\/index.php?rest_route=\/wp\/v2\/users\/2"}],"replies":[{"embeddable":true,"href":"https:\/\/arantv.az\/index.php?rest_route=%2Fwp%2Fv2%2Fcomments&post=244086"}],"version-history":[{"count":0,"href":"https:\/\/arantv.az\/index.php?rest_route=\/wp\/v2\/posts\/244086\/revisions"}],"wp:featuredmedia":[{"embeddable":true,"href":"https:\/\/arantv.az\/index.php?rest_route=\/wp\/v2\/media\/244087"}],"wp:attachment":[{"href":"https:\/\/arantv.az\/index.php?rest_route=%2Fwp%2Fv2%2Fmedia&parent=244086"}],"wp:term":[{"taxonomy":"category","embeddable":true,"href":"https:\/\/arantv.az\/index.php?rest_route=%2Fwp%2Fv2%2Fcategories&post=244086"},{"taxonomy":"post_tag","embeddable":true,"href":"https:\/\/arantv.az\/index.php?rest_route=%2Fwp%2Fv2%2Ftags&post=244086"}],"curies":[{"name":"wp","href":"https:\/\/api.w.org\/{rel}","templated":true}]}}