{"id":244090,"date":"2020-11-28T16:50:21","date_gmt":"2020-11-28T13:50:21","guid":{"rendered":"http:\/\/arantv.az\/?p=244090"},"modified":"2020-11-28T16:50:21","modified_gmt":"2020-11-28T13:50:21","slug":"qarabag-az%c9%99rbaycandir-suarini-q%c9%99lbimiz%c9%99-h%c9%99kk-etdir%c9%99n-liderl%c9%99-f%c9%99xr-edirik-ali-bas-komandana-muraci%c9%99tl%c9%99r","status":"publish","type":"post","link":"https:\/\/arantv.az\/?p=244090","title":{"rendered":"\u201cQaraba\u011f Az\u0259rbaycand\u0131r!\u201d \u015f\u00fcar\u0131n\u0131 q\u0259lbimiz\u0259 h\u0259kk etdir\u0259n liderl\u0259 f\u0259xr edirik &#8211; Ali Ba\u015f Komandana M\u00fcraci\u0259tl\u0259r"},"content":{"rendered":"<p>Az\u0259rbaycanda v\u0259 xaricd\u0259 ya\u015fayan h\u0259mv\u0259t\u0259nl\u0259rimiz, eyni zamanda xarici \u00f6lk\u0259l\u0259rin v\u0259t\u0259nda\u015flar\u0131 Prezident, Silahl\u0131 Q\u00fcvv\u0259l\u0259rin Ali Ba\u015f Komandan\u0131 \u0130lham \u018fliyev\u0259\u00a0<strong><a href=\"https:\/\/president.az\/letters\" target=\"_blank\" rel=\"noopener\">m\u00fcraci\u0259t\u00a0<\/a><\/strong>edirl\u0259r.<\/p>\n<p>M\u00fcraci\u0259tl\u0259rd\u0259 \u015fanl\u0131 ordumuzun sentyabr\u0131n 27-d\u0259 Erm\u0259nistan\u0131n i\u015f\u011fal\u00e7\u0131 qo\u015funlar\u0131n\u0131n h\u0259rbi t\u0259xribatlar\u0131na\u00a0qar\u015f\u0131 Ali Ba\u015f Komandan \u0130lham \u018fliyevin r\u0259hb\u0259rliyi alt\u0131nda ba\u015flatd\u0131\u011f\u0131 v\u0259 tarixi z\u0259f\u0259rl\u0259 n\u0259tic\u0259l\u0259nmi\u015f \u0259m\u0259liyyatlar birm\u0259nal\u0131 olaraq alq\u0131\u015flan\u0131r v\u0259 \u00f6lk\u0259 ba\u015f\u00e7\u0131s\u0131na b\u00f6y\u00fck d\u0259st\u0259k ifad\u0259 olunur.<\/p>\n<p>Ali Ba\u015f Komandan\u0131 Az\u0259rbaycan xalq\u0131na ya\u015fatd\u0131\u011f\u0131 tarixi q\u0259l\u0259b\u0259 m\u00fcnasib\u0259til\u0259 t\u0259brik ed\u0259nl\u0259r aras\u0131nda qarda\u015f T\u00fcrkiy\u0259nin d\u0259 v\u0259t\u0259nda\u015flar\u0131 var. Onlar bildirir ki, prezident \u0130lham \u018fliyevin r\u0259hb\u0259rliyi alt\u0131nda Az\u0259rbaycan daha da q\u00fcdr\u0259tli d\u00f6vl\u0259t\u0259 \u00e7evrildi v\u0259 tarixi \u015eu\u015fan\u0131, el\u0259c\u0259 d\u0259 b\u00fct\u00fcn Qaraba\u011f\u0131 d\u00fc\u015fm\u0259nl\u0259rd\u0259n azad etdi.<\/p>\n<div id=\"AdviadNativeVideo0\" class=\"AdviadNativeVideo\"><\/div>\n<p>H\u0259r k\u0259s Qaraba\u011f\u0131n d\u00fc\u015fm\u0259n tapda\u011f\u0131\u0131ndan azad olunmas\u0131n\u0131 Az\u0259rbaycan\u0131n g\u0259l\u0259c\u0259k inki\u015faf\u0131 \u00fc\u00e7\u00fcn \u00e7ox vacib m\u0259s\u0259l\u0259l\u0259rd\u0259n biri oldu\u011funu q\u00fcrur hissi il\u0259 vur\u011fulay\u0131r.<\/p>\n<p>\u0130\u015f\u011faldan azad olunmu\u015f ya\u015fay\u0131\u015f m\u0259nt\u0259q\u0259l\u0259rinin b\u0259rpa edilm\u0259sini, yeni yollar\u0131n \u00e7\u0259kilm\u0259sini, \u0259hali \u00fc\u00e7\u00fcn yeni q\u0259s\u0259b\u0259, \u015f\u0259h\u0259r sal\u0131nmas\u0131n\u0131 y\u00fcks\u0259k qiym\u0259tl\u0259ndir\u0259n insanlar Ali Ba\u015f Komandan\u0131n h\u0259r bir q\u0259rar\u0131nda ona d\u0259st\u0259k olacaqlar\u0131n\u0131 \u00e7atd\u0131r\u0131rlar.<\/p>\n<p>M\u0259cburi k\u00f6\u00e7k\u00fcnl\u0259rin sevincl\u0259 \u00f6z do\u011fma ata-baba yurdlar\u0131na qay\u0131da bilm\u0259si, Qaraba\u011f\u0131n \u00e7i\u00e7\u0259kl\u0259nm\u0259si Az\u0259rbaycan\u0131n m\u0259nfur d\u00fc\u015fm\u0259nl\u0259rin\u0259 g\u00f6z da\u011f\u0131 olacaqd\u0131r.<\/p>\n<p>M\u00fcraci\u0259t ed\u0259n g\u0259ncl\u0259r is\u0259 Ali Ba\u015f Komandana inand\u0131qlar\u0131n\u0131, i\u015f\u011faldan azad edil\u0259n tarixi yurd yerl\u0259rimizin prezidentin r\u0259hb\u0259rliyi, quruculu\u011fu say\u0259sind\u0259 g\u00fcnd\u0259n-g\u00fcn\u0259 daha da inki\u015faf ed\u0259c\u0259yin\u0259, \u00e7i\u00e7\u0259kl\u0259n\u0259c\u0259yin\u0259 \u0259min olduqlar\u0131n\u0131 dil\u0259 g\u0259tiribl\u0259r.<\/p>\n","protected":false},"excerpt":{"rendered":"<p>Az\u0259rbaycanda v\u0259 xaricd\u0259 ya\u015fayan h\u0259mv\u0259t\u0259nl\u0259rimiz, eyni zamanda xarici \u00f6lk\u0259l\u0259rin v\u0259t\u0259nda\u015flar\u0131 Prezident, Silahl\u0131 Q\u00fcvv\u0259l\u0259rin Ali Ba\u015f Komandan\u0131 \u0130lham \u018fliyev\u0259\u00a0m\u00fcraci\u0259t\u00a0edirl\u0259r. M\u00fcraci\u0259tl\u0259rd\u0259 \u015fanl\u0131 ordumuzun sentyabr\u0131n 27-d\u0259 Erm\u0259nistan\u0131n i\u015f\u011fal\u00e7\u0131 qo\u015funlar\u0131n\u0131n h\u0259rbi t\u0259xribatlar\u0131na\u00a0qar\u015f\u0131 Ali Ba\u015f Komandan \u0130lham \u018fliyevin r\u0259hb\u0259rliyi alt\u0131nda ba\u015flatd\u0131\u011f\u0131 v\u0259 tarixi z\u0259f\u0259rl\u0259 n\u0259tic\u0259l\u0259nmi\u015f \u0259m\u0259liyyatlar birm\u0259nal\u0131 olaraq alq\u0131\u015flan\u0131r v\u0259 \u00f6lk\u0259 ba\u015f\u00e7\u0131s\u0131na b\u00f6y\u00fck d\u0259st\u0259k ifad\u0259 olunur. Ali Ba\u015f Komandan\u0131 Az\u0259rbaycan xalq\u0131na ya\u015fatd\u0131\u011f\u0131 tarixi q\u0259l\u0259b\u0259 m\u00fcnasib\u0259til\u0259 t\u0259brik ed\u0259nl\u0259r aras\u0131nda qarda\u015f T\u00fcrkiy\u0259nin d\u0259 v\u0259t\u0259nda\u015flar\u0131 var. Onlar bildirir ki, prezident \u0130lham \u018fliyevin r\u0259hb\u0259rliyi alt\u0131nda Az\u0259rbaycan daha da q\u00fcdr\u0259tli d\u00f6vl\u0259t\u0259 \u00e7evrildi v\u0259 tarixi \u015eu\u015fan\u0131, el\u0259c\u0259 d\u0259 b\u00fct\u00fcn Qaraba\u011f\u0131 d\u00fc\u015fm\u0259nl\u0259rd\u0259n&hellip;<\/p>\n","protected":false},"author":2,"featured_media":244091,"comment_status":"closed","ping_status":"closed","sticky":false,"template":"","format":"standard","meta":{"om_disable_all_campaigns":false,"_monsterinsights_skip_tracking":false,"_monsterinsights_sitenote_active":false,"_monsterinsights_sitenote_note":"","_monsterinsights_sitenote_category":0},"categories":[1],"tags":[],"aioseo_notices":[],"gutentor_comment":0,"rttpg_featured_image_url":{"full":["https:\/\/arantv.az\/wp-content\/uploads\/2020\/11\/90234825_276650569989218_7462382437008408576_n-1.jpg",620,413,false],"landscape":["https:\/\/arantv.az\/wp-content\/uploads\/2020\/11\/90234825_276650569989218_7462382437008408576_n-1.jpg",620,413,false],"portraits":["https:\/\/arantv.az\/wp-content\/uploads\/2020\/11\/90234825_276650569989218_7462382437008408576_n-1.jpg",620,413,false],"thumbnail":["https:\/\/arantv.az\/wp-content\/uploads\/2020\/11\/90234825_276650569989218_7462382437008408576_n-1-150x150.jpg",150,150,true],"medium":["https:\/\/arantv.az\/wp-content\/uploads\/2020\/11\/90234825_276650569989218_7462382437008408576_n-1-300x200.jpg",300,200,true],"large":["https:\/\/arantv.az\/wp-content\/uploads\/2020\/11\/90234825_276650569989218_7462382437008408576_n-1.jpg",620,413,false],"1536x1536":["https:\/\/arantv.az\/wp-content\/uploads\/2020\/11\/90234825_276650569989218_7462382437008408576_n-1.jpg",620,413,false],"2048x2048":["https:\/\/arantv.az\/wp-content\/uploads\/2020\/11\/90234825_276650569989218_7462382437008408576_n-1.jpg",620,413,false],"post-thumbnail":["https:\/\/arantv.az\/wp-content\/uploads\/2020\/11\/90234825_276650569989218_7462382437008408576_n-1-240x172.jpg",240,172,true],"advps-thumb-one":["https:\/\/arantv.az\/wp-content\/uploads\/2020\/11\/90234825_276650569989218_7462382437008408576_n-1.jpg",620,413,false]},"rttpg_author":{"display_name":"V\u00fcsal Rafiqo\u011flu","author_link":"https:\/\/arantv.az\/?author=2"},"rttpg_comment":0,"rttpg_category":"<a href=\"https:\/\/arantv.az\/?cat=1\" rel=\"category\">C\u0259miyy\u0259t<\/a>","rttpg_excerpt":"Az\u0259rbaycanda v\u0259 xaricd\u0259 ya\u015fayan h\u0259mv\u0259t\u0259nl\u0259rimiz, eyni zamanda xarici \u00f6lk\u0259l\u0259rin v\u0259t\u0259nda\u015flar\u0131 Prezident, Silahl\u0131 Q\u00fcvv\u0259l\u0259rin Ali Ba\u015f Komandan\u0131 \u0130lham \u018fliyev\u0259\u00a0m\u00fcraci\u0259t\u00a0edirl\u0259r. M\u00fcraci\u0259tl\u0259rd\u0259 \u015fanl\u0131 ordumuzun sentyabr\u0131n 27-d\u0259 Erm\u0259nistan\u0131n i\u015f\u011fal\u00e7\u0131 qo\u015funlar\u0131n\u0131n h\u0259rbi t\u0259xribatlar\u0131na\u00a0qar\u015f\u0131 Ali Ba\u015f Komandan \u0130lham \u018fliyevin r\u0259hb\u0259rliyi alt\u0131nda ba\u015flatd\u0131\u011f\u0131 v\u0259 tarixi z\u0259f\u0259rl\u0259 n\u0259tic\u0259l\u0259nmi\u015f \u0259m\u0259liyyatlar birm\u0259nal\u0131 olaraq alq\u0131\u015flan\u0131r v\u0259 \u00f6lk\u0259 ba\u015f\u00e7\u0131s\u0131na b\u00f6y\u00fck d\u0259st\u0259k ifad\u0259 olunur. Ali Ba\u015f Komandan\u0131 Az\u0259rbaycan&hellip;","_links":{"self":[{"href":"https:\/\/arantv.az\/index.php?rest_route=\/wp\/v2\/posts\/244090"}],"collection":[{"href":"https:\/\/arantv.az\/index.php?rest_route=\/wp\/v2\/posts"}],"about":[{"href":"https:\/\/arantv.az\/index.php?rest_route=\/wp\/v2\/types\/post"}],"author":[{"embeddable":true,"href":"https:\/\/arantv.az\/index.php?rest_route=\/wp\/v2\/users\/2"}],"replies":[{"embeddable":true,"href":"https:\/\/arantv.az\/index.php?rest_route=%2Fwp%2Fv2%2Fcomments&post=244090"}],"version-history":[{"count":0,"href":"https:\/\/arantv.az\/index.php?rest_route=\/wp\/v2\/posts\/244090\/revisions"}],"wp:featuredmedia":[{"embeddable":true,"href":"https:\/\/arantv.az\/index.php?rest_route=\/wp\/v2\/media\/244091"}],"wp:attachment":[{"href":"https:\/\/arantv.az\/index.php?rest_route=%2Fwp%2Fv2%2Fmedia&parent=244090"}],"wp:term":[{"taxonomy":"category","embeddable":true,"href":"https:\/\/arantv.az\/index.php?rest_route=%2Fwp%2Fv2%2Fcategories&post=244090"},{"taxonomy":"post_tag","embeddable":true,"href":"https:\/\/arantv.az\/index.php?rest_route=%2Fwp%2Fv2%2Ftags&post=244090"}],"curies":[{"name":"wp","href":"https:\/\/api.w.org\/{rel}","templated":true}]}}