{"id":244107,"date":"2020-11-28T16:57:22","date_gmt":"2020-11-28T13:57:22","guid":{"rendered":"http:\/\/arantv.az\/?p=244107"},"modified":"2020-11-28T16:57:22","modified_gmt":"2020-11-28T13:57:22","slug":"xudayarin-%c9%99n-boyuk-arzusu-agdamda-yasamaq-idi-video","status":"publish","type":"post","link":"https:\/\/arantv.az\/?p=244107","title":{"rendered":"&#8220;Xudayar\u0131n \u0259n b\u00f6y\u00fck arzusu A\u011fdamda ya\u015famaq idi&#8221; &#8211; Video"},"content":{"rendered":"<div id=\"xeber_yazi\"><strong>\u015e\u0259hid Xudayar Yusifzad\u0259nin qarda\u015f\u0131 M\u0259h\u0259mm\u0259d Yusifzad\u0259 &#8220;Vaxt\u0131 g\u0259ldi&#8221; proqram\u0131n\u0131n qona\u011f\u0131 olub.<\/strong><strong>ARANTV.AZ\u00a0<\/strong> x\u0259b\u0259r verir ki, o, qarda\u015f\u0131n\u0131n arzular\u0131ndan dan\u0131\u015f\u0131b. M.Yusifzad\u0259 bildirib ki, \u015f\u0259hidimizin \u0259n b\u00f6y\u00fck arzusu A\u011fdamda ya\u015famaq olub:<\/p>\n<div id=\"AdviadNativeVideo0\" class=\"AdviadNativeVideo\"><\/div>\n<p>&#8220;U\u015faql\u0131qdan m\u0259cburi k\u00f6\u00e7k\u00fcn olmu\u015fuq, kiray\u0259l\u0259rd\u0259 ya\u015fam\u0131\u015f\u0131q. Atam r\u0259hm\u0259t\u0259 ged\u0259nd\u0259n sonra n\u0259n\u0259mgill\u0259 ya\u015fam\u0131\u015f\u0131q. Babam\u0131z\u0131n A\u011fdamda evi olub. Xudayar deyirdi ki, A\u011fdam\u0131 g\u0259tir\u0259c\u0259m v\u0259 orada ya\u015fayaca\u011f\u0131q. \u00d6z\u00fc g\u0259lm\u0259di, bizi A\u011fdama apard\u0131&#8221;.<\/p>\n<p><iframe loading=\"lazy\" src=\"https:\/\/ok.ru\/videoembed\/2116892756692\" width=\"780\" height=\"450\" data-mce-fragment=\"1\"><\/iframe><\/div>\n<div class=\"postDetails row-margin-top10\">\n<div class=\"col-md-3\">\n<div class=\"col-md-4\"><\/div>\n<\/div>\n<\/div>\n","protected":false},"excerpt":{"rendered":"<p>\u015e\u0259hid Xudayar Yusifzad\u0259nin qarda\u015f\u0131 M\u0259h\u0259mm\u0259d Yusifzad\u0259 &#8220;Vaxt\u0131 g\u0259ldi&#8221; proqram\u0131n\u0131n qona\u011f\u0131 olub.ARANTV.AZ\u00a0 x\u0259b\u0259r verir ki, o, qarda\u015f\u0131n\u0131n arzular\u0131ndan dan\u0131\u015f\u0131b. M.Yusifzad\u0259 bildirib ki, \u015f\u0259hidimizin \u0259n b\u00f6y\u00fck arzusu A\u011fdamda ya\u015famaq olub: &#8220;U\u015faql\u0131qdan m\u0259cburi k\u00f6\u00e7k\u00fcn olmu\u015fuq, kiray\u0259l\u0259rd\u0259 ya\u015fam\u0131\u015f\u0131q. Atam r\u0259hm\u0259t\u0259 ged\u0259nd\u0259n sonra n\u0259n\u0259mgill\u0259 ya\u015fam\u0131\u015f\u0131q. Babam\u0131z\u0131n A\u011fdamda evi olub. Xudayar deyirdi ki, A\u011fdam\u0131 g\u0259tir\u0259c\u0259m v\u0259 orada ya\u015fayaca\u011f\u0131q. \u00d6z\u00fc g\u0259lm\u0259di, bizi A\u011fdama apard\u0131&#8221;.<\/p>\n","protected":false},"author":2,"featured_media":244108,"comment_status":"closed","ping_status":"closed","sticky":false,"template":"","format":"standard","meta":{"om_disable_all_campaigns":false,"_monsterinsights_skip_tracking":false,"_monsterinsights_sitenote_active":false,"_monsterinsights_sitenote_note":"","_monsterinsights_sitenote_category":0},"categories":[19],"tags":[],"aioseo_notices":[],"gutentor_comment":0,"rttpg_featured_image_url":{"full":["https:\/\/arantv.az\/wp-content\/uploads\/2020\/11\/211423_99famph32s.jpg",1000,617,false],"landscape":["https:\/\/arantv.az\/wp-content\/uploads\/2020\/11\/211423_99famph32s.jpg",1000,617,false],"portraits":["https:\/\/arantv.az\/wp-content\/uploads\/2020\/11\/211423_99famph32s.jpg",1000,617,false],"thumbnail":["https:\/\/arantv.az\/wp-content\/uploads\/2020\/11\/211423_99famph32s-150x150.jpg",150,150,true],"medium":["https:\/\/arantv.az\/wp-content\/uploads\/2020\/11\/211423_99famph32s-300x185.jpg",300,185,true],"large":["https:\/\/arantv.az\/wp-content\/uploads\/2020\/11\/211423_99famph32s.jpg",640,395,false],"1536x1536":["https:\/\/arantv.az\/wp-content\/uploads\/2020\/11\/211423_99famph32s.jpg",1000,617,false],"2048x2048":["https:\/\/arantv.az\/wp-content\/uploads\/2020\/11\/211423_99famph32s.jpg",1000,617,false],"post-thumbnail":["https:\/\/arantv.az\/wp-content\/uploads\/2020\/11\/211423_99famph32s-240x172.jpg",240,172,true],"advps-thumb-one":["https:\/\/arantv.az\/wp-content\/uploads\/2020\/11\/211423_99famph32s.jpg",1000,617,false]},"rttpg_author":{"display_name":"V\u00fcsal Rafiqo\u011flu","author_link":"https:\/\/arantv.az\/?author=2"},"rttpg_comment":0,"rttpg_category":"<a href=\"https:\/\/arantv.az\/?cat=19\" rel=\"category\">G\u00fcnd\u0259m<\/a>","rttpg_excerpt":"\u015e\u0259hid Xudayar Yusifzad\u0259nin qarda\u015f\u0131 M\u0259h\u0259mm\u0259d Yusifzad\u0259 &#8220;Vaxt\u0131 g\u0259ldi&#8221; proqram\u0131n\u0131n qona\u011f\u0131 olub.ARANTV.AZ\u00a0 x\u0259b\u0259r verir ki, o, qarda\u015f\u0131n\u0131n arzular\u0131ndan dan\u0131\u015f\u0131b. M.Yusifzad\u0259 bildirib ki, \u015f\u0259hidimizin \u0259n b\u00f6y\u00fck arzusu A\u011fdamda ya\u015famaq olub: &#8220;U\u015faql\u0131qdan m\u0259cburi k\u00f6\u00e7k\u00fcn olmu\u015fuq, kiray\u0259l\u0259rd\u0259 ya\u015fam\u0131\u015f\u0131q. Atam r\u0259hm\u0259t\u0259 ged\u0259nd\u0259n sonra n\u0259n\u0259mgill\u0259 ya\u015fam\u0131\u015f\u0131q. Babam\u0131z\u0131n A\u011fdamda evi olub. Xudayar deyirdi ki, A\u011fdam\u0131 g\u0259tir\u0259c\u0259m v\u0259 orada ya\u015fayaca\u011f\u0131q. \u00d6z\u00fc g\u0259lm\u0259di, bizi&hellip;","_links":{"self":[{"href":"https:\/\/arantv.az\/index.php?rest_route=\/wp\/v2\/posts\/244107"}],"collection":[{"href":"https:\/\/arantv.az\/index.php?rest_route=\/wp\/v2\/posts"}],"about":[{"href":"https:\/\/arantv.az\/index.php?rest_route=\/wp\/v2\/types\/post"}],"author":[{"embeddable":true,"href":"https:\/\/arantv.az\/index.php?rest_route=\/wp\/v2\/users\/2"}],"replies":[{"embeddable":true,"href":"https:\/\/arantv.az\/index.php?rest_route=%2Fwp%2Fv2%2Fcomments&post=244107"}],"version-history":[{"count":0,"href":"https:\/\/arantv.az\/index.php?rest_route=\/wp\/v2\/posts\/244107\/revisions"}],"wp:featuredmedia":[{"embeddable":true,"href":"https:\/\/arantv.az\/index.php?rest_route=\/wp\/v2\/media\/244108"}],"wp:attachment":[{"href":"https:\/\/arantv.az\/index.php?rest_route=%2Fwp%2Fv2%2Fmedia&parent=244107"}],"wp:term":[{"taxonomy":"category","embeddable":true,"href":"https:\/\/arantv.az\/index.php?rest_route=%2Fwp%2Fv2%2Fcategories&post=244107"},{"taxonomy":"post_tag","embeddable":true,"href":"https:\/\/arantv.az\/index.php?rest_route=%2Fwp%2Fv2%2Ftags&post=244107"}],"curies":[{"name":"wp","href":"https:\/\/api.w.org\/{rel}","templated":true}]}}